{"id":3167,"date":"2017-11-27T10:03:50","date_gmt":"2017-11-27T16:03:50","guid":{"rendered":"http:\/\/tvalaire.com\/?p=3167"},"modified":"2017-11-27T10:03:50","modified_gmt":"2017-11-27T16:03:50","slug":"alumnos-del-cobaem-recibieron-su-premio-del-primer-lugar-del-concurso-de-tablas-ritmicas","status":"publish","type":"post","link":"http:\/\/tvalaire.com\/?p=3167","title":{"rendered":"ALUMNOS DEL COBAEM RECIBIERON SU PREMIO DEL PRIMER LUGAR DEL CONCURSO DE TABLAS R\u00cdTMICAS"},"content":{"rendered":"<p>Con una felicitaci\u00f3n y un exhorto a los alumnos del Colegio de Bachilleres de Michoac\u00e1n (COBAEM), para que se contin\u00faen esforzando por el estudio y por participar en actividades recreativas, el Presidente Municipal entreg\u00f3 el premio a los ganadores del Primer Lugar del concurso de Tablas R\u00edtmicas que organiz\u00f3 el Gobierno Municipal a trav\u00e9s del Instituto de la Juventud Piedadense (INJUP).<\/p>\n<p>El grupo denominado \u201cLas hormigas\u201d del COBAEM fueron las ganadoras de este primer concurso que promete mucho a los j\u00f3venes que les gusta la acrobacia y su participaci\u00f3n en las tablas r\u00edtmicas.<\/p>\n<p>El Alcalde antes de hacer la entrega de los premios a los ganadores, indic\u00f3 que aun cuando por razones de trabajo no pudo estar presente, le informaron del trabajo y desempe\u00f1o que mostraron, por lo que para \u00e9l era un gusto otorgarles los recursos econ\u00f3micos, las medallas y el trofeo por su participaci\u00f3n, pues dijo que el COBAEM ya se merec\u00eda algo as\u00ed.<\/p>\n<p>Adelant\u00f3 a su vez, sobre proyectos que se tienen hablados con el director del plantel relacionados con el terreno y con el proyecto de construcci\u00f3n, el cual va por buen camino.<\/p>\n<p>La alumna que recibi\u00f3 el premio a nombre de sus compa\u00f1eros, agradeci\u00f3 a las autoridades por organizar este tipo de eventos y record\u00f3 las palabras de su maestro quien las impulso a participar, dici\u00e9ndoles que pensar\u00e1n positivo.<\/p>\n<p>En el recibimiento de los premios, los alumnos estuvieron acompa\u00f1ados del director, Jos\u00e9 D\u00edaz Camarena y el profesor Jos\u00e9 Antonio G\u00f3mez, quien fue quien impuls\u00f3 a los j\u00f3venes para que se inscribieran y les dio el aliento, a pesar de que durante el mes y medio de ensayo que realizaron presentaron ca\u00eddas, raspones y moretones, ya que fue su dedicaci\u00f3n la que los llev\u00f3 a estar en el Primer Lugar.<\/p>\n<p>El acto de entrega se llev\u00f3 a cabo en los pasillo de Presidencia Municipal en donde el Alcalde estuvo acompa\u00f1ado de algunos regidores, el coordinador del INJUP, Alejandro Salda\u00f1a Sald\u00edvar y el oficial mayor, Benjam\u00edn Ba\u00f1ales quien dijo haber sido testigo de la sincron\u00eda que mostraron los j\u00f3venes, lo cual los hizo acreedores a este premio.<\/p>\n<p>Al t\u00e9rmino de la premiaci\u00f3n, los alumnos tambi\u00e9n le entregaron una medalla de participaci\u00f3n al Presidente Municipal, por haberles permitido registrarse en el concurso pues aun cuando la convocatoria contemplaba el n\u00famero de participantes era libre, hab\u00eda voces que dec\u00edan que se los iban a impedir.<\/p>\n<p>Afortunadamente no pas\u00f3 y hoy el COBAEM obtuvo su merecido premio.<\/p>\n<p>&nbsp;<\/p>\n","protected":false},"excerpt":{"rendered":"<p>Con una felicitaci\u00f3n y un exhorto a los alumnos del Colegio de Bachilleres de Michoac\u00e1n&#8230;<\/p>\n","protected":false},"author":1,"featured_media":3164,"comment_status":"open","ping_status":"open","sticky":false,"template":"","format":"standard","meta":{"jetpack_post_was_ever_published":false,"_jetpack_newsletter_access":"","_jetpack_dont_email_post_to_subs":false,"_jetpack_newsletter_tier_id":0,"_jetpack_memberships_contains_paywalled_content":false,"_jetpack_memberships_contains_paid_content":false,"footnotes":"","jetpack_publicize_message":"","jetpack_publicize_feature_enabled":true,"jetpack_social_post_already_shared":false,"jetpack_social_options":{"image_generator_settings":{"template":"highway","enabled":false},"version":2}},"categories":[1],"tags":[15,36],"class_list":["post-3167","post","type-post","status-publish","format-standard","has-post-thumbnail","hentry","category-la-piedad","tag-la-piedad","tag-principales"],"jetpack_publicize_connections":[],"jetpack_sharing_enabled":true,"featured_image_urls":{"full":["http:\/\/tvalaire.com\/wp-content\/uploads\/2017\/11\/ALUMNOS-DEL-COBAEM-RECIBIERON-SU-PREMIO-DEL-PRIMER-LUGAR-DEL-CONCURSO-DE-TABLAS-R\u00cdTMICAS.jpg",1024,683,false],"thumbnail":["http:\/\/tvalaire.com\/wp-content\/uploads\/2017\/11\/ALUMNOS-DEL-COBAEM-RECIBIERON-SU-PREMIO-DEL-PRIMER-LUGAR-DEL-CONCURSO-DE-TABLAS-R\u00cdTMICAS-150x150.jpg",150,150,true],"medium":["http:\/\/tvalaire.com\/wp-content\/uploads\/2017\/11\/ALUMNOS-DEL-COBAEM-RECIBIERON-SU-PREMIO-DEL-PRIMER-LUGAR-DEL-CONCURSO-DE-TABLAS-R\u00cdTMICAS-300x200.jpg",300,200,true],"medium_large":["http:\/\/tvalaire.com\/wp-content\/uploads\/2017\/11\/ALUMNOS-DEL-COBAEM-RECIBIERON-SU-PREMIO-DEL-PRIMER-LUGAR-DEL-CONCURSO-DE-TABLAS-R\u00cdTMICAS-768x512.jpg",640,427,true],"large":["http:\/\/tvalaire.com\/wp-content\/uploads\/2017\/11\/ALUMNOS-DEL-COBAEM-RECIBIERON-SU-PREMIO-DEL-PRIMER-LUGAR-DEL-CONCURSO-DE-TABLAS-R\u00cdTMICAS-1024x683.jpg",640,427,true],"post-slider-thumb-size":["http:\/\/tvalaire.com\/wp-content\/uploads\/2017\/11\/ALUMNOS-DEL-COBAEM-RECIBIERON-SU-PREMIO-DEL-PRIMER-LUGAR-DEL-CONCURSO-DE-TABLAS-R\u00cdTMICAS.jpg",285,190,false],"post-category-slider-size":["http:\/\/tvalaire.com\/wp-content\/uploads\/2017\/11\/ALUMNOS-DEL-COBAEM-RECIBIERON-SU-PREMIO-DEL-PRIMER-LUGAR-DEL-CONCURSO-DE-TABLAS-R\u00cdTMICAS.jpg",330,220,false],"1536x1536":["http:\/\/tvalaire.com\/wp-content\/uploads\/2017\/11\/ALUMNOS-DEL-COBAEM-RECIBIERON-SU-PREMIO-DEL-PRIMER-LUGAR-DEL-CONCURSO-DE-TABLAS-R\u00cdTMICAS.jpg",1024,683,false],"2048x2048":["http:\/\/tvalaire.com\/wp-content\/uploads\/2017\/11\/ALUMNOS-DEL-COBAEM-RECIBIERON-SU-PREMIO-DEL-PRIMER-LUGAR-DEL-CONCURSO-DE-TABLAS-R\u00cdTMICAS.jpg",1024,683,false],"newsium-slider-full":["http:\/\/tvalaire.com\/wp-content\/uploads\/2017\/11\/ALUMNOS-DEL-COBAEM-RECIBIERON-SU-PREMIO-DEL-PRIMER-LUGAR-DEL-CONCURSO-DE-TABLAS-R\u00cdTMICAS.jpg",1024,683,false],"newsium-featured":["http:\/\/tvalaire.com\/wp-content\/uploads\/2017\/11\/ALUMNOS-DEL-COBAEM-RECIBIERON-SU-PREMIO-DEL-PRIMER-LUGAR-DEL-CONCURSO-DE-TABLAS-R\u00cdTMICAS.jpg",1024,683,false],"newsium-medium":["http:\/\/tvalaire.com\/wp-content\/uploads\/2017\/11\/ALUMNOS-DEL-COBAEM-RECIBIERON-SU-PREMIO-DEL-PRIMER-LUGAR-DEL-CONCURSO-DE-TABLAS-R\u00cdTMICAS.jpg",712,475,false]},"author_info":{"info":["tvalairenoti"]},"category_info":"<a href=\"http:\/\/tvalaire.com\/?cat=1\" rel=\"category\">La Piedad<\/a>","tag_info":"La Piedad","comment_count":"0","jetpack_featured_media_url":"http:\/\/tvalaire.com\/wp-content\/uploads\/2017\/11\/ALUMNOS-DEL-COBAEM-RECIBIERON-SU-PREMIO-DEL-PRIMER-LUGAR-DEL-CONCURSO-DE-TABLAS-R\u00cdTMICAS.jpg","_links":{"self":[{"href":"http:\/\/tvalaire.com\/index.php?rest_route=\/wp\/v2\/posts\/3167"}],"collection":[{"href":"http:\/\/tvalaire.com\/index.php?rest_route=\/wp\/v2\/posts"}],"about":[{"href":"http:\/\/tvalaire.com\/index.php?rest_route=\/wp\/v2\/types\/post"}],"author":[{"embeddable":true,"href":"http:\/\/tvalaire.com\/index.php?rest_route=\/wp\/v2\/users\/1"}],"replies":[{"embeddable":true,"href":"http:\/\/tvalaire.com\/index.php?rest_route=%2Fwp%2Fv2%2Fcomments&post=3167"}],"version-history":[{"count":1,"href":"http:\/\/tvalaire.com\/index.php?rest_route=\/wp\/v2\/posts\/3167\/revisions"}],"predecessor-version":[{"id":3168,"href":"http:\/\/tvalaire.com\/index.php?rest_route=\/wp\/v2\/posts\/3167\/revisions\/3168"}],"wp:featuredmedia":[{"embeddable":true,"href":"http:\/\/tvalaire.com\/index.php?rest_route=\/wp\/v2\/media\/3164"}],"wp:attachment":[{"href":"http:\/\/tvalaire.com\/index.php?rest_route=%2Fwp%2Fv2%2Fmedia&parent=3167"}],"wp:term":[{"taxonomy":"category","embeddable":true,"href":"http:\/\/tvalaire.com\/index.php?rest_route=%2Fwp%2Fv2%2Fcategories&post=3167"},{"taxonomy":"post_tag","embeddable":true,"href":"http:\/\/tvalaire.com\/index.php?rest_route=%2Fwp%2Fv2%2Ftags&post=3167"}],"curies":[{"name":"wp","href":"https:\/\/api.w.org\/{rel}","templated":true}]}}