{"id":3121,"date":"2017-11-16T08:46:27","date_gmt":"2017-11-16T14:46:27","guid":{"rendered":"http:\/\/tvalaire.com\/?p=3121"},"modified":"2017-11-16T08:46:27","modified_gmt":"2017-11-16T14:46:27","slug":"realizan-pago-de-becas-para-personas-con-alguna-discapacidad-en-el-dif","status":"publish","type":"post","link":"http:\/\/tvalaire.com\/?p=3121","title":{"rendered":"REALIZAN PAGO DE BECAS PARA PERSONAS CON ALGUNA DISCAPACIDAD EN EL DIF"},"content":{"rendered":"<p class=\"xmsonormal\" style=\"margin-bottom: .0001pt; text-align: justify; background: white; font-variant-ligatures: normal; font-variant-caps: normal; orphans: 2; widows: 2; -webkit-text-stroke-width: 0px; text-decoration-style: initial; text-decoration-color: initial; word-spacing: 0px;\"><span style=\"font-family: 'Arial','sans-serif'; color: #212121;\">Doce personas son beneficiadas con su beca de discapacidad, la cual tiene como finalidad apoyar a las personas de manera econ\u00f3mica para que puedan tener rehabilitaci\u00f3n o bien para comprar sus medicamentos.<\/span><\/p>\n<p class=\"xmsonormal\" style=\"margin-bottom: .0001pt; text-align: justify; background: white; font-variant-ligatures: normal; font-variant-caps: normal; orphans: 2; widows: 2; -webkit-text-stroke-width: 0px; text-decoration-style: initial; text-decoration-color: initial; word-spacing: 0px;\"><span style=\"font-family: 'Arial','sans-serif'; color: #212121;\">\u00a0La Presidenta del DIF Ma. Socorro Le\u00f3n, coment\u00f3 durante el evento que es de suma importancia dar abrigo a los adultos y ni\u00f1os que nacen con discapacidad as\u00ed como tambi\u00e9n a quienes en alguna etapa de su vida sufrieron de una enfermedad o accidente caus\u00e1ndoles alg\u00fan da\u00f1o, por ello los beneficiados fueron dados de alta con anterioridad en este programa para que pudieran mejorar su calidad de vida.<\/span><\/p>\n<p class=\"xmsonormal\" style=\"margin-bottom: .0001pt; text-align: justify; background: white; font-variant-ligatures: normal; font-variant-caps: normal; orphans: 2; widows: 2; -webkit-text-stroke-width: 0px; text-decoration-style: initial; text-decoration-color: initial; word-spacing: 0px;\"><span style=\"font-family: 'Arial','sans-serif'; color: #212121;\">\u00a0\u201cEl pago que se les realiz\u00f3 fue por un total de 6 mil pesos por beneficiado la cu\u00e1l fue entregada en una sola exhibici\u00f3n y en caso de volver a solicitar el apoyo las personas o tutores de las mismas deber\u00e1n de solicitarla una vez que hayan salido a inicios de a\u00f1o las reglas de operaci\u00f3n para ver de qu\u00e9 manera se va a operar el programa\u201d, expres\u00f3 Ma. Socorro Le\u00f3n.<\/span><\/p>\n<p class=\"xmsonormal\" style=\"margin-bottom: .0001pt; text-align: justify; background: white; font-variant-ligatures: normal; font-variant-caps: normal; orphans: 2; widows: 2; -webkit-text-stroke-width: 0px; text-decoration-style: initial; text-decoration-color: initial; word-spacing: 0px;\"><span style=\"font-family: 'Arial','sans-serif'; color: #212121;\">\u00a0Cabe resaltar que cuando se abri\u00f3 la convocatoria de este programa se recibieron varias solicitudes haciendo una depuraci\u00f3n del mismo, dejando \u00fanicamente aquellas personas que realmente ocupan de este recurso ya que por alguna raz\u00f3n viven econ\u00f3micamente limitados\u00a0 o que son hijos de madres solteras o que son cuidados por alg\u00fan familiar, a\u00f1adi\u00f3.<\/span><\/p>\n<p class=\"xmsonormal\" style=\"margin-bottom: .0001pt; text-align: justify; background: white; font-variant-ligatures: normal; font-variant-caps: normal; orphans: 2; widows: 2; -webkit-text-stroke-width: 0px; text-decoration-style: initial; text-decoration-color: initial; word-spacing: 0px;\"><span style=\"font-family: 'Arial','sans-serif'; color: #212121;\">\u00a0La presidenta finaliz\u00f3 diciendo que el DIF se ha convertido en una instituci\u00f3n que poco a poco ha reforzado cada uno de los programas que son para las personas con discapacidad desde las becas municipales para discapacidad, desde las equino terapias hasta el Centro de Rehabilitaci\u00f3n Integral (CRI) que hasta la fecha han dado buenos frutos, gracias al personal capacitado en cada una de sus \u00e1reas.<\/span><\/p>\n","protected":false},"excerpt":{"rendered":"<p>Doce personas son beneficiadas con su beca de discapacidad, la cual tiene como finalidad apoyar&#8230;<\/p>\n","protected":false},"author":1,"featured_media":3118,"comment_status":"open","ping_status":"open","sticky":false,"template":"","format":"standard","meta":{"jetpack_post_was_ever_published":false,"_jetpack_newsletter_access":"","_jetpack_dont_email_post_to_subs":false,"_jetpack_newsletter_tier_id":0,"_jetpack_memberships_contains_paywalled_content":false,"_jetpack_memberships_contains_paid_content":false,"footnotes":"","jetpack_publicize_message":"","jetpack_publicize_feature_enabled":true,"jetpack_social_post_already_shared":false,"jetpack_social_options":{"image_generator_settings":{"template":"highway","enabled":false},"version":2}},"categories":[1],"tags":[15,36],"class_list":["post-3121","post","type-post","status-publish","format-standard","has-post-thumbnail","hentry","category-la-piedad","tag-la-piedad","tag-principales"],"jetpack_publicize_connections":[],"jetpack_sharing_enabled":true,"featured_image_urls":{"full":["http:\/\/tvalaire.com\/wp-content\/uploads\/2017\/11\/REALIZAN-PAGO-DE-BECAS-PARA-PERSONAS-CON-ALGUNA-DISCAPACIDAD-EN-EL-DIF2.jpg",1280,960,false],"thumbnail":["http:\/\/tvalaire.com\/wp-content\/uploads\/2017\/11\/REALIZAN-PAGO-DE-BECAS-PARA-PERSONAS-CON-ALGUNA-DISCAPACIDAD-EN-EL-DIF2-150x150.jpg",150,150,true],"medium":["http:\/\/tvalaire.com\/wp-content\/uploads\/2017\/11\/REALIZAN-PAGO-DE-BECAS-PARA-PERSONAS-CON-ALGUNA-DISCAPACIDAD-EN-EL-DIF2-300x225.jpg",300,225,true],"medium_large":["http:\/\/tvalaire.com\/wp-content\/uploads\/2017\/11\/REALIZAN-PAGO-DE-BECAS-PARA-PERSONAS-CON-ALGUNA-DISCAPACIDAD-EN-EL-DIF2-768x576.jpg",640,480,true],"large":["http:\/\/tvalaire.com\/wp-content\/uploads\/2017\/11\/REALIZAN-PAGO-DE-BECAS-PARA-PERSONAS-CON-ALGUNA-DISCAPACIDAD-EN-EL-DIF2-1024x768.jpg",640,480,true],"post-slider-thumb-size":["http:\/\/tvalaire.com\/wp-content\/uploads\/2017\/11\/REALIZAN-PAGO-DE-BECAS-PARA-PERSONAS-CON-ALGUNA-DISCAPACIDAD-EN-EL-DIF2.jpg",253,190,false],"post-category-slider-size":["http:\/\/tvalaire.com\/wp-content\/uploads\/2017\/11\/REALIZAN-PAGO-DE-BECAS-PARA-PERSONAS-CON-ALGUNA-DISCAPACIDAD-EN-EL-DIF2.jpg",330,248,false],"1536x1536":["http:\/\/tvalaire.com\/wp-content\/uploads\/2017\/11\/REALIZAN-PAGO-DE-BECAS-PARA-PERSONAS-CON-ALGUNA-DISCAPACIDAD-EN-EL-DIF2.jpg",1280,960,false],"2048x2048":["http:\/\/tvalaire.com\/wp-content\/uploads\/2017\/11\/REALIZAN-PAGO-DE-BECAS-PARA-PERSONAS-CON-ALGUNA-DISCAPACIDAD-EN-EL-DIF2.jpg",1280,960,false],"newsium-slider-full":["http:\/\/tvalaire.com\/wp-content\/uploads\/2017\/11\/REALIZAN-PAGO-DE-BECAS-PARA-PERSONAS-CON-ALGUNA-DISCAPACIDAD-EN-EL-DIF2.jpg",1127,845,false],"newsium-featured":["http:\/\/tvalaire.com\/wp-content\/uploads\/2017\/11\/REALIZAN-PAGO-DE-BECAS-PARA-PERSONAS-CON-ALGUNA-DISCAPACIDAD-EN-EL-DIF2.jpg",1024,768,false],"newsium-medium":["http:\/\/tvalaire.com\/wp-content\/uploads\/2017\/11\/REALIZAN-PAGO-DE-BECAS-PARA-PERSONAS-CON-ALGUNA-DISCAPACIDAD-EN-EL-DIF2.jpg",633,475,false]},"author_info":{"info":["tvalairenoti"]},"category_info":"<a href=\"http:\/\/tvalaire.com\/?cat=1\" rel=\"category\">La Piedad<\/a>","tag_info":"La Piedad","comment_count":"0","jetpack_featured_media_url":"http:\/\/tvalaire.com\/wp-content\/uploads\/2017\/11\/REALIZAN-PAGO-DE-BECAS-PARA-PERSONAS-CON-ALGUNA-DISCAPACIDAD-EN-EL-DIF2.jpg","_links":{"self":[{"href":"http:\/\/tvalaire.com\/index.php?rest_route=\/wp\/v2\/posts\/3121"}],"collection":[{"href":"http:\/\/tvalaire.com\/index.php?rest_route=\/wp\/v2\/posts"}],"about":[{"href":"http:\/\/tvalaire.com\/index.php?rest_route=\/wp\/v2\/types\/post"}],"author":[{"embeddable":true,"href":"http:\/\/tvalaire.com\/index.php?rest_route=\/wp\/v2\/users\/1"}],"replies":[{"embeddable":true,"href":"http:\/\/tvalaire.com\/index.php?rest_route=%2Fwp%2Fv2%2Fcomments&post=3121"}],"version-history":[{"count":1,"href":"http:\/\/tvalaire.com\/index.php?rest_route=\/wp\/v2\/posts\/3121\/revisions"}],"predecessor-version":[{"id":3122,"href":"http:\/\/tvalaire.com\/index.php?rest_route=\/wp\/v2\/posts\/3121\/revisions\/3122"}],"wp:featuredmedia":[{"embeddable":true,"href":"http:\/\/tvalaire.com\/index.php?rest_route=\/wp\/v2\/media\/3118"}],"wp:attachment":[{"href":"http:\/\/tvalaire.com\/index.php?rest_route=%2Fwp%2Fv2%2Fmedia&parent=3121"}],"wp:term":[{"taxonomy":"category","embeddable":true,"href":"http:\/\/tvalaire.com\/index.php?rest_route=%2Fwp%2Fv2%2Fcategories&post=3121"},{"taxonomy":"post_tag","embeddable":true,"href":"http:\/\/tvalaire.com\/index.php?rest_route=%2Fwp%2Fv2%2Ftags&post=3121"}],"curies":[{"name":"wp","href":"https:\/\/api.w.org\/{rel}","templated":true}]}}