{"id":3109,"date":"2017-11-15T09:37:45","date_gmt":"2017-11-15T15:37:45","guid":{"rendered":"http:\/\/tvalaire.com\/?p=3109"},"modified":"2017-11-15T09:37:45","modified_gmt":"2017-11-15T15:37:45","slug":"inician-campana-de-vacunacion-contra-la-influenza-en-el-cereso-la-piedad","status":"publish","type":"post","link":"http:\/\/tvalaire.com\/?p=3109","title":{"rendered":"INICIAN CAMPA\u00d1A DE VACUNACI\u00d3N CONTRA LA INFLUENZA EN EL CERESO LA PIEDAD"},"content":{"rendered":"<p class=\"xmsonormal\" style=\"text-align: justify; background: white; font-variant-ligatures: normal; font-variant-caps: normal; orphans: 2; widows: 2; -webkit-text-stroke-width: 0px; text-decoration-style: initial; text-decoration-color: initial; word-spacing: 0px;\"><span style=\"font-family: 'Arial','sans-serif'; color: #212121;\">A fin de prevenir enfermedades y promover cuidados de salud entre los internos del Centro de Readaptaci\u00f3n Social (CERESO) del municipio de La Piedad, el Sector Salud y las autoridades penitenciarias de la localidad llevaron a cabo la campa\u00f1a de vacunaci\u00f3n contra la influenza estacionaria en dicho espacio.<\/span><\/p>\n<p class=\"xmsonormal\" style=\"text-align: justify; background: white; font-variant-ligatures: normal; font-variant-caps: normal; orphans: 2; widows: 2; -webkit-text-stroke-width: 0px; text-decoration-style: initial; text-decoration-color: initial; word-spacing: 0px;\"><span style=\"font-family: 'Arial','sans-serif'; color: #212121;\">Ah\u00ed m\u00e1s de 260 personas entre hombres y mujeres que est\u00e1n recluidas, y que presentaban buen estado de salud que es requisito para vacunarse pudieron recibir el medicamento a fin de prevenir la enfermedad en esta temporada del a\u00f1o.<\/span><\/p>\n<p class=\"xmsonormal\" style=\"text-align: justify; background: white; font-variant-ligatures: normal; font-variant-caps: normal; orphans: 2; widows: 2; -webkit-text-stroke-width: 0px; text-decoration-style: initial; text-decoration-color: initial; word-spacing: 0px;\"><span style=\"font-family: 'Arial','sans-serif'; color: #212121;\">Durante su intervenci\u00f3n, el Alcalde reconoci\u00f3 a todos los internos y autoridades del CERESO por el trabajo y el esfuerzo que han mostrado en su conducta, iniciativa que les ha ayudado hacerse acreedores al M\u00e9rito a la Recepci\u00f3n Social por parte de las autoridades estatales.<\/span><\/p>\n<p class=\"xmsonormal\" style=\"text-align: justify; background: white; font-variant-ligatures: normal; font-variant-caps: normal; orphans: 2; widows: 2; -webkit-text-stroke-width: 0px; text-decoration-style: initial; text-decoration-color: initial; word-spacing: 0px;\"><span style=\"font-family: 'Arial','sans-serif'; color: #212121;\">Agreg\u00f3 tambi\u00e9n que estar\u00e1 en la disposici\u00f3n de colaborar y coadyuvar con este sector de la poblaci\u00f3n, reafirmando el apoyo del Gobierno en actividades de salud que favorezcan su condici\u00f3n f\u00edsica.<\/span><\/p>\n<p class=\"xmsonormal\" style=\"text-align: justify; background: white; font-variant-ligatures: normal; font-variant-caps: normal; orphans: 2; widows: 2; -webkit-text-stroke-width: 0px; text-decoration-style: initial; text-decoration-color: initial; word-spacing: 0px;\"><span style=\"font-family: 'Arial','sans-serif'; color: #212121;\">De igual manera en el evento se dieron algunas explicaciones sobre la mencionada enfermedad, as\u00ed como indicaciones para c\u00f3mo prevenir infecciones y al mismo tiempo cuidarse en esta \u00e9poca invernal.<\/span><\/p>\n<p class=\"xmsonormal\" style=\"text-align: justify; background: white; font-variant-ligatures: normal; font-variant-caps: normal; orphans: 2; widows: 2; -webkit-text-stroke-width: 0px; text-decoration-style: initial; text-decoration-color: initial; word-spacing: 0px;\"><span style=\"font-family: 'Arial','sans-serif'; color: #212121;\">Por su parte Evangelina Raya Arreola, titular del CERESO en la localidad, agradeci\u00f3 el apoyo de las autoridades municipales, as\u00ed como del ISSSTE con los cuales de manera constante se han realizado de forma interna ferias de la salud, campa\u00f1as de orientaci\u00f3n para mujeres y hombres, planificaci\u00f3n familiar, entre otras actividades en las que buscan acercar diferentes servicios y atenciones m\u00e9dicas.\u00a0<\/span><\/p>\n","protected":false},"excerpt":{"rendered":"<p>A fin de prevenir enfermedades y promover cuidados de salud entre los internos del Centro&#8230;<\/p>\n","protected":false},"author":1,"featured_media":3106,"comment_status":"open","ping_status":"open","sticky":false,"template":"","format":"standard","meta":{"jetpack_post_was_ever_published":false,"_jetpack_newsletter_access":"","_jetpack_dont_email_post_to_subs":false,"_jetpack_newsletter_tier_id":0,"_jetpack_memberships_contains_paywalled_content":false,"_jetpack_memberships_contains_paid_content":false,"footnotes":"","jetpack_publicize_message":"","jetpack_publicize_feature_enabled":true,"jetpack_social_post_already_shared":false,"jetpack_social_options":{"image_generator_settings":{"template":"highway","enabled":false},"version":2}},"categories":[1],"tags":[15,36],"class_list":["post-3109","post","type-post","status-publish","format-standard","has-post-thumbnail","hentry","category-la-piedad","tag-la-piedad","tag-principales"],"jetpack_publicize_connections":[],"jetpack_sharing_enabled":true,"featured_image_urls":{"full":["http:\/\/tvalaire.com\/wp-content\/uploads\/2017\/11\/INICIAN-CAMPA\u00d1A-DE-VACUNACI\u00d3N-CONTRA-LA-INFLUENZA-EN-EL-CERESO-LA-PIEDAD.jpg",1024,683,false],"thumbnail":["http:\/\/tvalaire.com\/wp-content\/uploads\/2017\/11\/INICIAN-CAMPA\u00d1A-DE-VACUNACI\u00d3N-CONTRA-LA-INFLUENZA-EN-EL-CERESO-LA-PIEDAD-150x150.jpg",150,150,true],"medium":["http:\/\/tvalaire.com\/wp-content\/uploads\/2017\/11\/INICIAN-CAMPA\u00d1A-DE-VACUNACI\u00d3N-CONTRA-LA-INFLUENZA-EN-EL-CERESO-LA-PIEDAD-300x200.jpg",300,200,true],"medium_large":["http:\/\/tvalaire.com\/wp-content\/uploads\/2017\/11\/INICIAN-CAMPA\u00d1A-DE-VACUNACI\u00d3N-CONTRA-LA-INFLUENZA-EN-EL-CERESO-LA-PIEDAD-768x512.jpg",640,427,true],"large":["http:\/\/tvalaire.com\/wp-content\/uploads\/2017\/11\/INICIAN-CAMPA\u00d1A-DE-VACUNACI\u00d3N-CONTRA-LA-INFLUENZA-EN-EL-CERESO-LA-PIEDAD-1024x683.jpg",640,427,true],"post-slider-thumb-size":["http:\/\/tvalaire.com\/wp-content\/uploads\/2017\/11\/INICIAN-CAMPA\u00d1A-DE-VACUNACI\u00d3N-CONTRA-LA-INFLUENZA-EN-EL-CERESO-LA-PIEDAD.jpg",285,190,false],"post-category-slider-size":["http:\/\/tvalaire.com\/wp-content\/uploads\/2017\/11\/INICIAN-CAMPA\u00d1A-DE-VACUNACI\u00d3N-CONTRA-LA-INFLUENZA-EN-EL-CERESO-LA-PIEDAD.jpg",330,220,false],"1536x1536":["http:\/\/tvalaire.com\/wp-content\/uploads\/2017\/11\/INICIAN-CAMPA\u00d1A-DE-VACUNACI\u00d3N-CONTRA-LA-INFLUENZA-EN-EL-CERESO-LA-PIEDAD.jpg",1024,683,false],"2048x2048":["http:\/\/tvalaire.com\/wp-content\/uploads\/2017\/11\/INICIAN-CAMPA\u00d1A-DE-VACUNACI\u00d3N-CONTRA-LA-INFLUENZA-EN-EL-CERESO-LA-PIEDAD.jpg",1024,683,false],"newsium-slider-full":["http:\/\/tvalaire.com\/wp-content\/uploads\/2017\/11\/INICIAN-CAMPA\u00d1A-DE-VACUNACI\u00d3N-CONTRA-LA-INFLUENZA-EN-EL-CERESO-LA-PIEDAD.jpg",1024,683,false],"newsium-featured":["http:\/\/tvalaire.com\/wp-content\/uploads\/2017\/11\/INICIAN-CAMPA\u00d1A-DE-VACUNACI\u00d3N-CONTRA-LA-INFLUENZA-EN-EL-CERESO-LA-PIEDAD.jpg",1024,683,false],"newsium-medium":["http:\/\/tvalaire.com\/wp-content\/uploads\/2017\/11\/INICIAN-CAMPA\u00d1A-DE-VACUNACI\u00d3N-CONTRA-LA-INFLUENZA-EN-EL-CERESO-LA-PIEDAD.jpg",712,475,false]},"author_info":{"info":["tvalairenoti"]},"category_info":"<a href=\"http:\/\/tvalaire.com\/?cat=1\" rel=\"category\">La Piedad<\/a>","tag_info":"La Piedad","comment_count":"0","jetpack_featured_media_url":"http:\/\/tvalaire.com\/wp-content\/uploads\/2017\/11\/INICIAN-CAMPA\u00d1A-DE-VACUNACI\u00d3N-CONTRA-LA-INFLUENZA-EN-EL-CERESO-LA-PIEDAD.jpg","_links":{"self":[{"href":"http:\/\/tvalaire.com\/index.php?rest_route=\/wp\/v2\/posts\/3109"}],"collection":[{"href":"http:\/\/tvalaire.com\/index.php?rest_route=\/wp\/v2\/posts"}],"about":[{"href":"http:\/\/tvalaire.com\/index.php?rest_route=\/wp\/v2\/types\/post"}],"author":[{"embeddable":true,"href":"http:\/\/tvalaire.com\/index.php?rest_route=\/wp\/v2\/users\/1"}],"replies":[{"embeddable":true,"href":"http:\/\/tvalaire.com\/index.php?rest_route=%2Fwp%2Fv2%2Fcomments&post=3109"}],"version-history":[{"count":1,"href":"http:\/\/tvalaire.com\/index.php?rest_route=\/wp\/v2\/posts\/3109\/revisions"}],"predecessor-version":[{"id":3110,"href":"http:\/\/tvalaire.com\/index.php?rest_route=\/wp\/v2\/posts\/3109\/revisions\/3110"}],"wp:featuredmedia":[{"embeddable":true,"href":"http:\/\/tvalaire.com\/index.php?rest_route=\/wp\/v2\/media\/3106"}],"wp:attachment":[{"href":"http:\/\/tvalaire.com\/index.php?rest_route=%2Fwp%2Fv2%2Fmedia&parent=3109"}],"wp:term":[{"taxonomy":"category","embeddable":true,"href":"http:\/\/tvalaire.com\/index.php?rest_route=%2Fwp%2Fv2%2Fcategories&post=3109"},{"taxonomy":"post_tag","embeddable":true,"href":"http:\/\/tvalaire.com\/index.php?rest_route=%2Fwp%2Fv2%2Ftags&post=3109"}],"curies":[{"name":"wp","href":"https:\/\/api.w.org\/{rel}","templated":true}]}}