{"id":3094,"date":"2017-11-14T09:53:02","date_gmt":"2017-11-14T15:53:02","guid":{"rendered":"http:\/\/tvalaire.com\/?p=3094"},"modified":"2017-11-14T09:53:02","modified_gmt":"2017-11-14T15:53:02","slug":"esta-semana-inicia-la-construccion-de-la-ciclovia-en-el-margen-izquierdo-del-rio-lerma","status":"publish","type":"post","link":"http:\/\/tvalaire.com\/?p=3094","title":{"rendered":"ESTA SEMANA INICIA LA CONSTRUCCI\u00d3N DE LA CICLOV\u00cdA EN EL MARGEN IZQUIERDO DEL R\u00cdO LERMA"},"content":{"rendered":"<p>Autoridades municipales anunciaron que a partir de esta semana, dar\u00e1 inicio la construcci\u00f3n de una ciclov\u00eda en el margen izquierdo del r\u00edo Lerma en el tramo que va desde el Jard\u00edn de La Pur\u00edsima Concepci\u00f3n al puente Michoac\u00e1n.<\/p>\n<p>El anuncio fue hecho hoy en la sesi\u00f3n del Ayuntamiento, en donde el Presidente Municipal, present\u00f3 solicitud a trav\u00e9s del director de Obras P\u00fablicas, para realizar la sexta modificaci\u00f3n al Programa de Obra 2017 que incluye este proyecto.<\/p>\n<p>La modificaci\u00f3n solicitada a Cabildo, se hizo porque originalmente la obra entrar\u00eda por contrato, pero se determin\u00f3 hacer por administraci\u00f3n para bajar los costos y ampliar la meta.<\/p>\n<p>El arranque se realizar\u00e1 tentativamente a partir de este mi\u00e9rcoles, raz\u00f3n por la cual el regidor Alejandro Salda\u00f1a Aguilar, felicit\u00f3 al Presidente Municipal por la realizaci\u00f3n de esta obra que fue planteada por el Coplademun en seguimiento con el Observatorio Ciudadano, pues forma parte del rescate del meandro del r\u00edo Lerma, la cual no hab\u00eda sido tomada en cuenta por anteriores administraciones.<\/p>\n<p>Si bien, dijo con esta obra no se soluciona el problema de saneamiento, s\u00ed representa un avance el contar con un proyecto que es para beneficio de los ciudadanos.<\/p>\n<p>La obra que inicia este mes, se prev\u00e9 concluir a finales de enero e incluye, limpieza general de toda el \u00e1rea, mejorar las terracer\u00edas, colocar iluminaci\u00f3n, reforestaci\u00f3n, entre otros.<\/p>\n<p>Otra de las modificaciones al POA 2017, fue la obra del Centro Deportivo Recreativo del Ejido Los Moreno, cuya inversi\u00f3n inicial era de 2 millones de pesos, pero se incluy\u00f3 un m\u00f3dulo m\u00e1s que tendr\u00e1 un costo de 579 mil pesos. Proyecto que lleva un 80% de avance y que se prev\u00e9 entregar a mediados de enero del 2018.<\/p>\n<p>Durante la sesi\u00f3n, por unanimidad de votos se aprob\u00f3 la Minuta n\u00famero 403, que hizo llegar la mesa directiva del H. Congreso del Estado\u00a0 de Michoac\u00e1n de Ocampo, mediante la cual se adiciona un quinto p\u00e1rrafo al art\u00edculo 94 de la Constituci\u00f3n Pol\u00edtica del Estado libre y soberano de Michoac\u00e1n de Ocampo y se autoriz\u00f3 a su vez la solicitud que present\u00f3 la regidora Sof\u00eda Jacqueline Le\u00f3n Hern\u00e1ndez, presidenta de la Comisi\u00f3n de Ecolog\u00eda y Servicios P\u00fablicos sobre la modificaci\u00f3n que a partir de este a\u00f1o se har\u00e1 durante la entrega del premio ambiental.<\/p>\n<p>Este a\u00f1o, la entrega del Premio Ambiental requiri\u00f3 de toda la formalidad de un acto c\u00edvico, aunque ahora la propuesta de la regidora es que el evento se realizar\u00e1 sin la presencia de l\u00e1baro patrio, con el fin \u00fanicamente de recordar el D\u00eda Mundial del Medio Ambiente y la realizaci\u00f3n de actividades alusivas a esa fecha.<\/p>\n<p>&nbsp;<\/p>\n","protected":false},"excerpt":{"rendered":"<p>Autoridades municipales anunciaron que a partir de esta semana, dar\u00e1 inicio la construcci\u00f3n de una&#8230;<\/p>\n","protected":false},"author":1,"featured_media":3095,"comment_status":"open","ping_status":"open","sticky":false,"template":"","format":"standard","meta":{"jetpack_post_was_ever_published":false,"_jetpack_newsletter_access":"","_jetpack_dont_email_post_to_subs":false,"_jetpack_newsletter_tier_id":0,"_jetpack_memberships_contains_paywalled_content":false,"_jetpack_memberships_contains_paid_content":false,"footnotes":"","jetpack_publicize_message":"","jetpack_publicize_feature_enabled":true,"jetpack_social_post_already_shared":false,"jetpack_social_options":{"image_generator_settings":{"template":"highway","enabled":false},"version":2}},"categories":[1],"tags":[15,36],"class_list":["post-3094","post","type-post","status-publish","format-standard","has-post-thumbnail","hentry","category-la-piedad","tag-la-piedad","tag-principales"],"jetpack_publicize_connections":[],"jetpack_sharing_enabled":true,"featured_image_urls":{"full":["http:\/\/tvalaire.com\/wp-content\/uploads\/2017\/11\/ESTA-SEMANA-INICIA-LA-CONSTRUCCI\u00d3N-DE-LA-CICLOV\u00cdA-EN-EL-MARGEN-IZQUIERDO-DEL-R\u00cdO-LERMA.jpg",1024,683,false],"thumbnail":["http:\/\/tvalaire.com\/wp-content\/uploads\/2017\/11\/ESTA-SEMANA-INICIA-LA-CONSTRUCCI\u00d3N-DE-LA-CICLOV\u00cdA-EN-EL-MARGEN-IZQUIERDO-DEL-R\u00cdO-LERMA-150x150.jpg",150,150,true],"medium":["http:\/\/tvalaire.com\/wp-content\/uploads\/2017\/11\/ESTA-SEMANA-INICIA-LA-CONSTRUCCI\u00d3N-DE-LA-CICLOV\u00cdA-EN-EL-MARGEN-IZQUIERDO-DEL-R\u00cdO-LERMA-300x200.jpg",300,200,true],"medium_large":["http:\/\/tvalaire.com\/wp-content\/uploads\/2017\/11\/ESTA-SEMANA-INICIA-LA-CONSTRUCCI\u00d3N-DE-LA-CICLOV\u00cdA-EN-EL-MARGEN-IZQUIERDO-DEL-R\u00cdO-LERMA-768x512.jpg",640,427,true],"large":["http:\/\/tvalaire.com\/wp-content\/uploads\/2017\/11\/ESTA-SEMANA-INICIA-LA-CONSTRUCCI\u00d3N-DE-LA-CICLOV\u00cdA-EN-EL-MARGEN-IZQUIERDO-DEL-R\u00cdO-LERMA-1024x683.jpg",640,427,true],"post-slider-thumb-size":["http:\/\/tvalaire.com\/wp-content\/uploads\/2017\/11\/ESTA-SEMANA-INICIA-LA-CONSTRUCCI\u00d3N-DE-LA-CICLOV\u00cdA-EN-EL-MARGEN-IZQUIERDO-DEL-R\u00cdO-LERMA.jpg",285,190,false],"post-category-slider-size":["http:\/\/tvalaire.com\/wp-content\/uploads\/2017\/11\/ESTA-SEMANA-INICIA-LA-CONSTRUCCI\u00d3N-DE-LA-CICLOV\u00cdA-EN-EL-MARGEN-IZQUIERDO-DEL-R\u00cdO-LERMA.jpg",330,220,false],"1536x1536":["http:\/\/tvalaire.com\/wp-content\/uploads\/2017\/11\/ESTA-SEMANA-INICIA-LA-CONSTRUCCI\u00d3N-DE-LA-CICLOV\u00cdA-EN-EL-MARGEN-IZQUIERDO-DEL-R\u00cdO-LERMA.jpg",1024,683,false],"2048x2048":["http:\/\/tvalaire.com\/wp-content\/uploads\/2017\/11\/ESTA-SEMANA-INICIA-LA-CONSTRUCCI\u00d3N-DE-LA-CICLOV\u00cdA-EN-EL-MARGEN-IZQUIERDO-DEL-R\u00cdO-LERMA.jpg",1024,683,false],"newsium-slider-full":["http:\/\/tvalaire.com\/wp-content\/uploads\/2017\/11\/ESTA-SEMANA-INICIA-LA-CONSTRUCCI\u00d3N-DE-LA-CICLOV\u00cdA-EN-EL-MARGEN-IZQUIERDO-DEL-R\u00cdO-LERMA.jpg",1024,683,false],"newsium-featured":["http:\/\/tvalaire.com\/wp-content\/uploads\/2017\/11\/ESTA-SEMANA-INICIA-LA-CONSTRUCCI\u00d3N-DE-LA-CICLOV\u00cdA-EN-EL-MARGEN-IZQUIERDO-DEL-R\u00cdO-LERMA.jpg",1024,683,false],"newsium-medium":["http:\/\/tvalaire.com\/wp-content\/uploads\/2017\/11\/ESTA-SEMANA-INICIA-LA-CONSTRUCCI\u00d3N-DE-LA-CICLOV\u00cdA-EN-EL-MARGEN-IZQUIERDO-DEL-R\u00cdO-LERMA.jpg",712,475,false]},"author_info":{"info":["tvalairenoti"]},"category_info":"<a href=\"http:\/\/tvalaire.com\/?cat=1\" rel=\"category\">La Piedad<\/a>","tag_info":"La Piedad","comment_count":"0","jetpack_featured_media_url":"http:\/\/tvalaire.com\/wp-content\/uploads\/2017\/11\/ESTA-SEMANA-INICIA-LA-CONSTRUCCI\u00d3N-DE-LA-CICLOV\u00cdA-EN-EL-MARGEN-IZQUIERDO-DEL-R\u00cdO-LERMA.jpg","_links":{"self":[{"href":"http:\/\/tvalaire.com\/index.php?rest_route=\/wp\/v2\/posts\/3094"}],"collection":[{"href":"http:\/\/tvalaire.com\/index.php?rest_route=\/wp\/v2\/posts"}],"about":[{"href":"http:\/\/tvalaire.com\/index.php?rest_route=\/wp\/v2\/types\/post"}],"author":[{"embeddable":true,"href":"http:\/\/tvalaire.com\/index.php?rest_route=\/wp\/v2\/users\/1"}],"replies":[{"embeddable":true,"href":"http:\/\/tvalaire.com\/index.php?rest_route=%2Fwp%2Fv2%2Fcomments&post=3094"}],"version-history":[{"count":1,"href":"http:\/\/tvalaire.com\/index.php?rest_route=\/wp\/v2\/posts\/3094\/revisions"}],"predecessor-version":[{"id":3097,"href":"http:\/\/tvalaire.com\/index.php?rest_route=\/wp\/v2\/posts\/3094\/revisions\/3097"}],"wp:featuredmedia":[{"embeddable":true,"href":"http:\/\/tvalaire.com\/index.php?rest_route=\/wp\/v2\/media\/3095"}],"wp:attachment":[{"href":"http:\/\/tvalaire.com\/index.php?rest_route=%2Fwp%2Fv2%2Fmedia&parent=3094"}],"wp:term":[{"taxonomy":"category","embeddable":true,"href":"http:\/\/tvalaire.com\/index.php?rest_route=%2Fwp%2Fv2%2Fcategories&post=3094"},{"taxonomy":"post_tag","embeddable":true,"href":"http:\/\/tvalaire.com\/index.php?rest_route=%2Fwp%2Fv2%2Ftags&post=3094"}],"curies":[{"name":"wp","href":"https:\/\/api.w.org\/{rel}","templated":true}]}}