{"id":3089,"date":"2017-11-13T09:30:21","date_gmt":"2017-11-13T15:30:21","guid":{"rendered":"http:\/\/tvalaire.com\/?p=3089"},"modified":"2017-11-13T09:30:21","modified_gmt":"2017-11-13T15:30:21","slug":"se-llevo-a-cabo-la-expo-porcina-la-piedad-2017","status":"publish","type":"post","link":"http:\/\/tvalaire.com\/?p=3089","title":{"rendered":"SE LLEVO A CABO LA EXPO PORCINA LA PIEDAD 2017"},"content":{"rendered":"<p>&nbsp;<\/p>\n<p>La XXII Expo Porcina La Piedad 2017, rompi\u00f3 r\u00e9cord en asistencia y cumpli\u00f3 con la meta establecida por los organizadores que fue el dar a conocer las innovaciones de cadena productiva y generar las herramientas que los porcicultores y ganaderos necesitan para ser m\u00e1s productivos.<\/p>\n<p>Pero lo m\u00e1s importante, expuso el presidente de la Asociaci\u00f3n Local de Porcicultores, Hugo P\u00e9rez es que por primera vez el Gobierno Municipal se involucr\u00f3 en un 100% en la organizaci\u00f3n y realizaci\u00f3n de evento que se ha convertido en escenario especial para dar a conocer las innovaciones del sector y para la comercializaci\u00f3n de los productos, por lo que agradeci\u00f3 al Alcalde.<\/p>\n<p>La meta establecida para esta ocasi\u00f3n fue el contar con la asistencia de 5 a 6 mil personas y durante el primer d\u00eda se cont\u00f3 con la asistencia de m\u00e1s de 3 mil 500 personas. En el cierre del evento con la participaci\u00f3n de m\u00fasica de mariachi y un c\u00f3mico, se cont\u00f3 con una asistencia de 4 mil 500 personas, que equivale a 8 mil asistentes, lo cual significa la consolidaci\u00f3n de un evento que surgi\u00f3 con el prop\u00f3sito de fomentar el consumo de la carne de cerdo, establecer nuevos lazos de comercializaci\u00f3n y dar a conocer las innovaciones y avances de los sistemas para mejorar la cadena productiva.<\/p>\n<p>En esta ocasi\u00f3n el Gobierno Municipal participa a trav\u00e9s de diversas dependencias tales como Fomento Agropecuario, quienes fueron los encargados de la exposici\u00f3n ganadera a trav\u00e9s de la cual se mont\u00f3 un espacio para la exposici\u00f3n y venta de ganado como caballos, borregos y toros para pie de cr\u00eda, adem\u00e1s de contar con la participaci\u00f3n de un cunicultor o productor de conejos.<\/p>\n<p>La presencia del personal de esta dependencia fue permanente, ya que fueron los encargados de garantizar que el ganado que se expuso durante la exposici\u00f3n, obtuviera la documentaci\u00f3n y los requerimientos legales, los cuales fueron avalados por personal de la direcci\u00f3n de Ganader\u00eda de Zamora.<\/p>\n<p>Las direcciones de Promoci\u00f3n Econ\u00f3mica y la coordinaci\u00f3n de Turismo, estuvieron presentes tambi\u00e9n esta exposici\u00f3n, la primera de ellas mediante la exhibici\u00f3n del taller de hidropon\u00eda que tuvo mucha expectativa de parte de los asistentes quienes se acercaban a solicitar informaci\u00f3n.<\/p>\n<p>Lo mismo con la coordinaci\u00f3n de Turismo quien cont\u00f3 con la participaci\u00f3n de la Cooperativa Textil y la Marca Colectiva \u201cRebozos de La Piedad regi\u00f3n de origen\u201d quienes ofertaron sus rebozos; adem\u00e1s de que se promovi\u00f3 el Segundo Encuentro del Mariachi que se realizar\u00e1 durante el mes de diciembre y para el cual se contar\u00e1 nuevamente con la presencia del mariachi Vargas.<\/p>\n<p>&nbsp;<\/p>\n<p>El Instituto de la Juventud Piedadense, tambi\u00e9n promovi\u00f3 otros evento que se realizar\u00e1n durante el mes de noviembre como lo es el concurso de tablas r\u00edtmicas, el programa abrigando corazones mediante el cual se recolectar\u00e1 ropa de invierno para donarlos a las personas de escasos recursos y el eventos de los globos de cantoya que se llevar\u00e1 a cabo el 16 de diciembre en la Plaza Principal a partir de las 12:00 y hasta las 22:00 horas.<\/p>\n<p>Para ello se mostraron algunos prototipos de globos que la poblaci\u00f3n podr\u00e1 observar ese d\u00eda en la Plaza Principal.<\/p>\n","protected":false},"excerpt":{"rendered":"<p>&nbsp; La XXII Expo Porcina La Piedad 2017, rompi\u00f3 r\u00e9cord en asistencia y cumpli\u00f3 con&#8230;<\/p>\n","protected":false},"author":1,"featured_media":3086,"comment_status":"open","ping_status":"open","sticky":false,"template":"","format":"standard","meta":{"jetpack_post_was_ever_published":false,"_jetpack_newsletter_access":"","_jetpack_dont_email_post_to_subs":false,"_jetpack_newsletter_tier_id":0,"_jetpack_memberships_contains_paywalled_content":false,"_jetpack_memberships_contains_paid_content":false,"footnotes":"","jetpack_publicize_message":"","jetpack_publicize_feature_enabled":true,"jetpack_social_post_already_shared":false,"jetpack_social_options":{"image_generator_settings":{"template":"highway","enabled":false},"version":2}},"categories":[1],"tags":[15,36],"class_list":["post-3089","post","type-post","status-publish","format-standard","has-post-thumbnail","hentry","category-la-piedad","tag-la-piedad","tag-principales"],"jetpack_publicize_connections":[],"jetpack_sharing_enabled":true,"featured_image_urls":{"full":["http:\/\/tvalaire.com\/wp-content\/uploads\/2017\/11\/EXPO-PORCINA-20173.jpg",1024,683,false],"thumbnail":["http:\/\/tvalaire.com\/wp-content\/uploads\/2017\/11\/EXPO-PORCINA-20173-150x150.jpg",150,150,true],"medium":["http:\/\/tvalaire.com\/wp-content\/uploads\/2017\/11\/EXPO-PORCINA-20173-300x200.jpg",300,200,true],"medium_large":["http:\/\/tvalaire.com\/wp-content\/uploads\/2017\/11\/EXPO-PORCINA-20173-768x512.jpg",640,427,true],"large":["http:\/\/tvalaire.com\/wp-content\/uploads\/2017\/11\/EXPO-PORCINA-20173-1024x683.jpg",640,427,true],"post-slider-thumb-size":["http:\/\/tvalaire.com\/wp-content\/uploads\/2017\/11\/EXPO-PORCINA-20173.jpg",285,190,false],"post-category-slider-size":["http:\/\/tvalaire.com\/wp-content\/uploads\/2017\/11\/EXPO-PORCINA-20173.jpg",330,220,false],"1536x1536":["http:\/\/tvalaire.com\/wp-content\/uploads\/2017\/11\/EXPO-PORCINA-20173.jpg",1024,683,false],"2048x2048":["http:\/\/tvalaire.com\/wp-content\/uploads\/2017\/11\/EXPO-PORCINA-20173.jpg",1024,683,false],"newsium-slider-full":["http:\/\/tvalaire.com\/wp-content\/uploads\/2017\/11\/EXPO-PORCINA-20173.jpg",1024,683,false],"newsium-featured":["http:\/\/tvalaire.com\/wp-content\/uploads\/2017\/11\/EXPO-PORCINA-20173.jpg",1024,683,false],"newsium-medium":["http:\/\/tvalaire.com\/wp-content\/uploads\/2017\/11\/EXPO-PORCINA-20173.jpg",712,475,false]},"author_info":{"info":["tvalairenoti"]},"category_info":"<a href=\"http:\/\/tvalaire.com\/?cat=1\" rel=\"category\">La Piedad<\/a>","tag_info":"La Piedad","comment_count":"0","jetpack_featured_media_url":"http:\/\/tvalaire.com\/wp-content\/uploads\/2017\/11\/EXPO-PORCINA-20173.jpg","_links":{"self":[{"href":"http:\/\/tvalaire.com\/index.php?rest_route=\/wp\/v2\/posts\/3089"}],"collection":[{"href":"http:\/\/tvalaire.com\/index.php?rest_route=\/wp\/v2\/posts"}],"about":[{"href":"http:\/\/tvalaire.com\/index.php?rest_route=\/wp\/v2\/types\/post"}],"author":[{"embeddable":true,"href":"http:\/\/tvalaire.com\/index.php?rest_route=\/wp\/v2\/users\/1"}],"replies":[{"embeddable":true,"href":"http:\/\/tvalaire.com\/index.php?rest_route=%2Fwp%2Fv2%2Fcomments&post=3089"}],"version-history":[{"count":1,"href":"http:\/\/tvalaire.com\/index.php?rest_route=\/wp\/v2\/posts\/3089\/revisions"}],"predecessor-version":[{"id":3090,"href":"http:\/\/tvalaire.com\/index.php?rest_route=\/wp\/v2\/posts\/3089\/revisions\/3090"}],"wp:featuredmedia":[{"embeddable":true,"href":"http:\/\/tvalaire.com\/index.php?rest_route=\/wp\/v2\/media\/3086"}],"wp:attachment":[{"href":"http:\/\/tvalaire.com\/index.php?rest_route=%2Fwp%2Fv2%2Fmedia&parent=3089"}],"wp:term":[{"taxonomy":"category","embeddable":true,"href":"http:\/\/tvalaire.com\/index.php?rest_route=%2Fwp%2Fv2%2Fcategories&post=3089"},{"taxonomy":"post_tag","embeddable":true,"href":"http:\/\/tvalaire.com\/index.php?rest_route=%2Fwp%2Fv2%2Ftags&post=3089"}],"curies":[{"name":"wp","href":"https:\/\/api.w.org\/{rel}","templated":true}]}}