{"id":3085,"date":"2017-11-13T09:29:44","date_gmt":"2017-11-13T15:29:44","guid":{"rendered":"http:\/\/tvalaire.com\/?p=3085"},"modified":"2017-11-13T09:29:44","modified_gmt":"2017-11-13T15:29:44","slug":"impulsan-en-la-piedad-activacion-fisica-con-caminata","status":"publish","type":"post","link":"http:\/\/tvalaire.com\/?p=3085","title":{"rendered":"IMPULSAN EN LA PIEDAD ACTIVACI\u00d3N F\u00cdSICA CON CAMINATA"},"content":{"rendered":"<p class=\"xmsonormal\" style=\"margin-left: 318.6pt; text-align: justify; background: white; font-variant-ligatures: normal; font-variant-caps: normal; orphans: 2; widows: 2; -webkit-text-stroke-width: 0px; text-decoration-style: initial; text-decoration-color: initial; word-spacing: 0px;\"><span style=\"font-size: 11.0pt; font-family: 'Segoe UI','sans-serif'; color: #212121;\">\u00a0<\/span><\/p>\n<p class=\"xmsonormal\" style=\"text-align: justify; background: white; font-variant-ligatures: normal; font-variant-caps: normal; orphans: 2; widows: 2; -webkit-text-stroke-width: 0px; text-decoration-style: initial; text-decoration-color: initial; word-spacing: 0px;\"><span style=\"font-family: 'Arial','sans-serif'; color: #212121;\">Con el objetivo de impulsar la actividad f\u00edsica de las personas, la direcci\u00f3n de Deportes y Recreaci\u00f3n organiz\u00f3 y llev\u00f3 a cabo la cuarta caminata por la salud ayer domingo por la ma\u00f1ana.<\/span><\/p>\n<p class=\"xmsonormal\" style=\"text-align: justify; background: white; font-variant-ligatures: normal; font-variant-caps: normal; orphans: 2; widows: 2; -webkit-text-stroke-width: 0px; text-decoration-style: initial; text-decoration-color: initial; word-spacing: 0px;\"><span style=\"font-family: 'Arial','sans-serif'; color: #212121;\">Con un recorrido aproximado de 6 kil\u00f3metros de distancia del centro hist\u00f3rico de la ciudad con direcci\u00f3n a la unidad deportiva \u201cBicentenario\u201d los participantes en su mayor\u00eda adultos mayores se sumaron y realizaron el trayecto de ida y vuelta.<\/span><\/p>\n<p class=\"xmsonormal\" style=\"text-align: justify; background: white; font-variant-ligatures: normal; font-variant-caps: normal; orphans: 2; widows: 2; -webkit-text-stroke-width: 0px; text-decoration-style: initial; text-decoration-color: initial; word-spacing: 0px;\"><span style=\"font-family: 'Arial','sans-serif'; color: #212121;\">De igual manera la direcci\u00f3n de Deportes a trav\u00e9s de su titular, hicieron una invitaci\u00f3n a la poblaci\u00f3n en general para que est\u00e9 pendiente de la pr\u00f3xima caminata que se estar\u00e1 organizando a fin de impulsar la activaci\u00f3n f\u00edsica de las personas y al mismo tiempo lograr una mejor condici\u00f3n f\u00edsica que ayude a tener mejor salud.<\/span><\/p>\n<p class=\"xmsonormal\" style=\"text-align: justify; background: white; font-variant-ligatures: normal; font-variant-caps: normal; orphans: 2; widows: 2; -webkit-text-stroke-width: 0px; text-decoration-style: initial; text-decoration-color: initial; word-spacing: 0px;\"><span style=\"font-family: 'Arial','sans-serif'; color: #212121;\">Al mismo tiempo se extiende la invitaci\u00f3n a quienes gustan del deporte para que acudan y hagan suyos los diferentes espacios al a\u00edre libre que se tienen acondicionados para la pr\u00e1ctica deportiva, ya sea individual o en grupo.<\/span><\/p>\n","protected":false},"excerpt":{"rendered":"<p>\u00a0 Con el objetivo de impulsar la actividad f\u00edsica de las personas, la direcci\u00f3n de&#8230;<\/p>\n","protected":false},"author":1,"featured_media":3087,"comment_status":"open","ping_status":"open","sticky":false,"template":"","format":"standard","meta":{"jetpack_post_was_ever_published":false,"_jetpack_newsletter_access":"","_jetpack_dont_email_post_to_subs":false,"_jetpack_newsletter_tier_id":0,"_jetpack_memberships_contains_paywalled_content":false,"_jetpack_memberships_contains_paid_content":false,"footnotes":"","jetpack_publicize_message":"","jetpack_publicize_feature_enabled":true,"jetpack_social_post_already_shared":false,"jetpack_social_options":{"image_generator_settings":{"template":"highway","enabled":false},"version":2}},"categories":[1],"tags":[15,36],"class_list":["post-3085","post","type-post","status-publish","format-standard","has-post-thumbnail","hentry","category-la-piedad","tag-la-piedad","tag-principales"],"jetpack_publicize_connections":[],"jetpack_sharing_enabled":true,"featured_image_urls":{"full":["http:\/\/tvalaire.com\/wp-content\/uploads\/2017\/11\/IMPULSAN-EN-LA-PIEDAD-ACTIVACI\u00d3N-F\u00cdSICA-CON-CAMINATA2.jpg",1024,683,false],"thumbnail":["http:\/\/tvalaire.com\/wp-content\/uploads\/2017\/11\/IMPULSAN-EN-LA-PIEDAD-ACTIVACI\u00d3N-F\u00cdSICA-CON-CAMINATA2-150x150.jpg",150,150,true],"medium":["http:\/\/tvalaire.com\/wp-content\/uploads\/2017\/11\/IMPULSAN-EN-LA-PIEDAD-ACTIVACI\u00d3N-F\u00cdSICA-CON-CAMINATA2-300x200.jpg",300,200,true],"medium_large":["http:\/\/tvalaire.com\/wp-content\/uploads\/2017\/11\/IMPULSAN-EN-LA-PIEDAD-ACTIVACI\u00d3N-F\u00cdSICA-CON-CAMINATA2-768x512.jpg",640,427,true],"large":["http:\/\/tvalaire.com\/wp-content\/uploads\/2017\/11\/IMPULSAN-EN-LA-PIEDAD-ACTIVACI\u00d3N-F\u00cdSICA-CON-CAMINATA2-1024x683.jpg",640,427,true],"post-slider-thumb-size":["http:\/\/tvalaire.com\/wp-content\/uploads\/2017\/11\/IMPULSAN-EN-LA-PIEDAD-ACTIVACI\u00d3N-F\u00cdSICA-CON-CAMINATA2.jpg",285,190,false],"post-category-slider-size":["http:\/\/tvalaire.com\/wp-content\/uploads\/2017\/11\/IMPULSAN-EN-LA-PIEDAD-ACTIVACI\u00d3N-F\u00cdSICA-CON-CAMINATA2.jpg",330,220,false],"1536x1536":["http:\/\/tvalaire.com\/wp-content\/uploads\/2017\/11\/IMPULSAN-EN-LA-PIEDAD-ACTIVACI\u00d3N-F\u00cdSICA-CON-CAMINATA2.jpg",1024,683,false],"2048x2048":["http:\/\/tvalaire.com\/wp-content\/uploads\/2017\/11\/IMPULSAN-EN-LA-PIEDAD-ACTIVACI\u00d3N-F\u00cdSICA-CON-CAMINATA2.jpg",1024,683,false],"newsium-slider-full":["http:\/\/tvalaire.com\/wp-content\/uploads\/2017\/11\/IMPULSAN-EN-LA-PIEDAD-ACTIVACI\u00d3N-F\u00cdSICA-CON-CAMINATA2.jpg",1024,683,false],"newsium-featured":["http:\/\/tvalaire.com\/wp-content\/uploads\/2017\/11\/IMPULSAN-EN-LA-PIEDAD-ACTIVACI\u00d3N-F\u00cdSICA-CON-CAMINATA2.jpg",1024,683,false],"newsium-medium":["http:\/\/tvalaire.com\/wp-content\/uploads\/2017\/11\/IMPULSAN-EN-LA-PIEDAD-ACTIVACI\u00d3N-F\u00cdSICA-CON-CAMINATA2.jpg",712,475,false]},"author_info":{"info":["tvalairenoti"]},"category_info":"<a href=\"http:\/\/tvalaire.com\/?cat=1\" rel=\"category\">La Piedad<\/a>","tag_info":"La Piedad","comment_count":"0","jetpack_featured_media_url":"http:\/\/tvalaire.com\/wp-content\/uploads\/2017\/11\/IMPULSAN-EN-LA-PIEDAD-ACTIVACI\u00d3N-F\u00cdSICA-CON-CAMINATA2.jpg","_links":{"self":[{"href":"http:\/\/tvalaire.com\/index.php?rest_route=\/wp\/v2\/posts\/3085"}],"collection":[{"href":"http:\/\/tvalaire.com\/index.php?rest_route=\/wp\/v2\/posts"}],"about":[{"href":"http:\/\/tvalaire.com\/index.php?rest_route=\/wp\/v2\/types\/post"}],"author":[{"embeddable":true,"href":"http:\/\/tvalaire.com\/index.php?rest_route=\/wp\/v2\/users\/1"}],"replies":[{"embeddable":true,"href":"http:\/\/tvalaire.com\/index.php?rest_route=%2Fwp%2Fv2%2Fcomments&post=3085"}],"version-history":[{"count":1,"href":"http:\/\/tvalaire.com\/index.php?rest_route=\/wp\/v2\/posts\/3085\/revisions"}],"predecessor-version":[{"id":3088,"href":"http:\/\/tvalaire.com\/index.php?rest_route=\/wp\/v2\/posts\/3085\/revisions\/3088"}],"wp:featuredmedia":[{"embeddable":true,"href":"http:\/\/tvalaire.com\/index.php?rest_route=\/wp\/v2\/media\/3087"}],"wp:attachment":[{"href":"http:\/\/tvalaire.com\/index.php?rest_route=%2Fwp%2Fv2%2Fmedia&parent=3085"}],"wp:term":[{"taxonomy":"category","embeddable":true,"href":"http:\/\/tvalaire.com\/index.php?rest_route=%2Fwp%2Fv2%2Fcategories&post=3085"},{"taxonomy":"post_tag","embeddable":true,"href":"http:\/\/tvalaire.com\/index.php?rest_route=%2Fwp%2Fv2%2Ftags&post=3085"}],"curies":[{"name":"wp","href":"https:\/\/api.w.org\/{rel}","templated":true}]}}