{"id":3083,"date":"2017-11-10T09:55:47","date_gmt":"2017-11-10T15:55:47","guid":{"rendered":"http:\/\/tvalaire.com\/?p=3083"},"modified":"2017-11-10T09:55:47","modified_gmt":"2017-11-10T15:55:47","slug":"avanza-rehabilitacion-del-camellon-central-del-bulevar-lazaro-cardenas","status":"publish","type":"post","link":"http:\/\/tvalaire.com\/?p=3083","title":{"rendered":"AVANZA REHABILITACI\u00d3N DEL CAMELL\u00d3N CENTRAL DEL BULEVAR L\u00c1ZARO C\u00c1RDENAS"},"content":{"rendered":"<p><span style=\"font-style: inherit; font-weight: inherit;\">Se contin\u00faa con los trabajos de rehabilitaci\u00f3n del camell\u00f3n central del bulevar L\u00e1zaro C\u00e1rdenas entre la avenida Cerro Grande y la calle Olivos que actualmente registra un 75% de avance.<\/span><\/p>\n<p><span style=\"font-style: inherit; font-weight: inherit;\">Autoridades municipales estimaron que en m\u00e1ximo seis semanas m\u00e1s, terminar\u00e1n los trabajos que incluyen la reconstrucci\u00f3n de las guarniciones exteriores, construir\u00e1n un andador central, colocar\u00e1n cestos de basura, instalar\u00e1n bancas para que las personas que realicen caminatas tengan espacios para descansar.<\/span><\/p>\n<p><span style=\"font-style: inherit; font-weight: inherit;\">Para facilitar el acceso a las personas con alguna discapacidad, se proceder\u00e1 a su vez a habilitar entradas con rampas y se mejorar\u00e1n las \u00e1reas jardinadas mediante la plantaci\u00f3n de \u00e1rboles, con la colocaci\u00f3n de una fuente.<\/span><\/p>\n<p><span style=\"font-style: inherit; font-weight: inherit;\">El proyecto de mejoramiento de camellones iniciar\u00e1 en este espacio en una primera etapa, ya que uno de los objetivos del Presidente Municipal es embellecer los principales accesos a la ciudad.<\/span><\/p>\n<p><span style=\"font-style: inherit; font-weight: inherit;\">Sin embargo, primero se realizar\u00e1 este tramo para ver c\u00f3mo funciona y sobre todo, c\u00f3mo lo ve la poblaci\u00f3n.<\/span><\/p>\n<p><span style=\"font-style: inherit; font-weight: inherit;\">El tramo en esta primera etapa consta de aproximadamente 200 metros lineales con una inversi\u00f3n de 510 mil pesos que forman parte del Fondo de Fortalecimiento Estatal para la Infraestructura y Servicios P\u00fablicos Municipales.<\/span><\/p>\n<p>&nbsp;<\/p>\n","protected":false},"excerpt":{"rendered":"<p>Se contin\u00faa con los trabajos de rehabilitaci\u00f3n del camell\u00f3n central del bulevar L\u00e1zaro C\u00e1rdenas entre&#8230;<\/p>\n","protected":false},"author":1,"featured_media":3081,"comment_status":"open","ping_status":"open","sticky":false,"template":"","format":"standard","meta":{"jetpack_post_was_ever_published":false,"_jetpack_newsletter_access":"","_jetpack_dont_email_post_to_subs":false,"_jetpack_newsletter_tier_id":0,"_jetpack_memberships_contains_paywalled_content":false,"_jetpack_memberships_contains_paid_content":false,"footnotes":"","jetpack_publicize_message":"","jetpack_publicize_feature_enabled":true,"jetpack_social_post_already_shared":false,"jetpack_social_options":{"image_generator_settings":{"template":"highway","enabled":false},"version":2}},"categories":[1],"tags":[15,36],"class_list":["post-3083","post","type-post","status-publish","format-standard","has-post-thumbnail","hentry","category-la-piedad","tag-la-piedad","tag-principales"],"jetpack_publicize_connections":[],"jetpack_sharing_enabled":true,"featured_image_urls":{"full":["http:\/\/tvalaire.com\/wp-content\/uploads\/2017\/11\/AVANZA-REHABILITACI\u00d3N-DEL-CAMELL\u00d3N-CENTRAL-DEL-BULEVAR-L\u00c1ZARO-C\u00c1RDENAS2.jpg",1024,683,false],"thumbnail":["http:\/\/tvalaire.com\/wp-content\/uploads\/2017\/11\/AVANZA-REHABILITACI\u00d3N-DEL-CAMELL\u00d3N-CENTRAL-DEL-BULEVAR-L\u00c1ZARO-C\u00c1RDENAS2-150x150.jpg",150,150,true],"medium":["http:\/\/tvalaire.com\/wp-content\/uploads\/2017\/11\/AVANZA-REHABILITACI\u00d3N-DEL-CAMELL\u00d3N-CENTRAL-DEL-BULEVAR-L\u00c1ZARO-C\u00c1RDENAS2-300x200.jpg",300,200,true],"medium_large":["http:\/\/tvalaire.com\/wp-content\/uploads\/2017\/11\/AVANZA-REHABILITACI\u00d3N-DEL-CAMELL\u00d3N-CENTRAL-DEL-BULEVAR-L\u00c1ZARO-C\u00c1RDENAS2-768x512.jpg",640,427,true],"large":["http:\/\/tvalaire.com\/wp-content\/uploads\/2017\/11\/AVANZA-REHABILITACI\u00d3N-DEL-CAMELL\u00d3N-CENTRAL-DEL-BULEVAR-L\u00c1ZARO-C\u00c1RDENAS2-1024x683.jpg",640,427,true],"post-slider-thumb-size":["http:\/\/tvalaire.com\/wp-content\/uploads\/2017\/11\/AVANZA-REHABILITACI\u00d3N-DEL-CAMELL\u00d3N-CENTRAL-DEL-BULEVAR-L\u00c1ZARO-C\u00c1RDENAS2.jpg",285,190,false],"post-category-slider-size":["http:\/\/tvalaire.com\/wp-content\/uploads\/2017\/11\/AVANZA-REHABILITACI\u00d3N-DEL-CAMELL\u00d3N-CENTRAL-DEL-BULEVAR-L\u00c1ZARO-C\u00c1RDENAS2.jpg",330,220,false],"1536x1536":["http:\/\/tvalaire.com\/wp-content\/uploads\/2017\/11\/AVANZA-REHABILITACI\u00d3N-DEL-CAMELL\u00d3N-CENTRAL-DEL-BULEVAR-L\u00c1ZARO-C\u00c1RDENAS2.jpg",1024,683,false],"2048x2048":["http:\/\/tvalaire.com\/wp-content\/uploads\/2017\/11\/AVANZA-REHABILITACI\u00d3N-DEL-CAMELL\u00d3N-CENTRAL-DEL-BULEVAR-L\u00c1ZARO-C\u00c1RDENAS2.jpg",1024,683,false],"newsium-slider-full":["http:\/\/tvalaire.com\/wp-content\/uploads\/2017\/11\/AVANZA-REHABILITACI\u00d3N-DEL-CAMELL\u00d3N-CENTRAL-DEL-BULEVAR-L\u00c1ZARO-C\u00c1RDENAS2.jpg",1024,683,false],"newsium-featured":["http:\/\/tvalaire.com\/wp-content\/uploads\/2017\/11\/AVANZA-REHABILITACI\u00d3N-DEL-CAMELL\u00d3N-CENTRAL-DEL-BULEVAR-L\u00c1ZARO-C\u00c1RDENAS2.jpg",1024,683,false],"newsium-medium":["http:\/\/tvalaire.com\/wp-content\/uploads\/2017\/11\/AVANZA-REHABILITACI\u00d3N-DEL-CAMELL\u00d3N-CENTRAL-DEL-BULEVAR-L\u00c1ZARO-C\u00c1RDENAS2.jpg",712,475,false]},"author_info":{"info":["tvalairenoti"]},"category_info":"<a href=\"http:\/\/tvalaire.com\/?cat=1\" rel=\"category\">La Piedad<\/a>","tag_info":"La Piedad","comment_count":"0","jetpack_featured_media_url":"http:\/\/tvalaire.com\/wp-content\/uploads\/2017\/11\/AVANZA-REHABILITACI\u00d3N-DEL-CAMELL\u00d3N-CENTRAL-DEL-BULEVAR-L\u00c1ZARO-C\u00c1RDENAS2.jpg","_links":{"self":[{"href":"http:\/\/tvalaire.com\/index.php?rest_route=\/wp\/v2\/posts\/3083"}],"collection":[{"href":"http:\/\/tvalaire.com\/index.php?rest_route=\/wp\/v2\/posts"}],"about":[{"href":"http:\/\/tvalaire.com\/index.php?rest_route=\/wp\/v2\/types\/post"}],"author":[{"embeddable":true,"href":"http:\/\/tvalaire.com\/index.php?rest_route=\/wp\/v2\/users\/1"}],"replies":[{"embeddable":true,"href":"http:\/\/tvalaire.com\/index.php?rest_route=%2Fwp%2Fv2%2Fcomments&post=3083"}],"version-history":[{"count":1,"href":"http:\/\/tvalaire.com\/index.php?rest_route=\/wp\/v2\/posts\/3083\/revisions"}],"predecessor-version":[{"id":3084,"href":"http:\/\/tvalaire.com\/index.php?rest_route=\/wp\/v2\/posts\/3083\/revisions\/3084"}],"wp:featuredmedia":[{"embeddable":true,"href":"http:\/\/tvalaire.com\/index.php?rest_route=\/wp\/v2\/media\/3081"}],"wp:attachment":[{"href":"http:\/\/tvalaire.com\/index.php?rest_route=%2Fwp%2Fv2%2Fmedia&parent=3083"}],"wp:term":[{"taxonomy":"category","embeddable":true,"href":"http:\/\/tvalaire.com\/index.php?rest_route=%2Fwp%2Fv2%2Fcategories&post=3083"},{"taxonomy":"post_tag","embeddable":true,"href":"http:\/\/tvalaire.com\/index.php?rest_route=%2Fwp%2Fv2%2Ftags&post=3083"}],"curies":[{"name":"wp","href":"https:\/\/api.w.org\/{rel}","templated":true}]}}