{"id":3074,"date":"2017-11-09T10:17:34","date_gmt":"2017-11-09T16:17:34","guid":{"rendered":"http:\/\/tvalaire.com\/?p=3074"},"modified":"2017-11-09T10:17:34","modified_gmt":"2017-11-09T16:17:34","slug":"victor-vazquez-comprometido-con-elmejoramiento-de-la-infraestructura-de-los-centros-educativos","status":"publish","type":"post","link":"http:\/\/tvalaire.com\/?p=3074","title":{"rendered":"V\u00cdCTOR V\u00c1ZQUEZ COMPROMETIDO CON ELMEJORAMIENTO DE LA INFRAESTRUCTURA DE LOS CENTROS EDUCATIVOS"},"content":{"rendered":"<p>Presidente Municipal V\u00edctor V\u00e1zquez contribuye para mejorar la seguridad de los ni\u00f1os de la escuela primaria \u201cRafael Ram\u00edrez\u201d de la comunidad de la Cofrad\u00eda a trav\u00e9s de la realizaci\u00f3n del cerco perimetral del centro educativo.<\/p>\n<p>Ah\u00ed manifiesto V\u00edctor V\u00e1zquez \u201cvenimos conjuntamente con los integrantes del Cabildo a constatarque el recurso que asignamos en las obras este empleado correctamente, tal es el caso del cerco perimetral\u00a0 de esta escuela, el cual \u00a0les permite tener mayor seguridad para que no se metan hacer algunos desperfectos a la instituci\u00f3n y lo m\u00e1s importante es que los ni\u00f1os tengan mayor seguridad\u201d.<\/p>\n<p>Destac\u00f3 el Presidente Municipal que hasta este momento van\u00a0 m\u00e1s de 22 millones de pesos lo que se ha invertido en mejoramiento de infraestructura en los centros educativos\u00a0 y eso habla del compromiso muy fuerte que se tiene con la educaci\u00f3n, con los ni\u00f1os, con los j\u00f3venes, porque sabemos que la educaci\u00f3n es la \u00fanica llave que abre los caminos de la verdad, destac\u00f3 el Edil.<\/p>\n<p>&nbsp;<\/p>\n<p><img loading=\"lazy\" decoding=\"async\" class=\"alignnone size-medium wp-image-3077\" src=\"http:\/\/tvalaire.com\/wp-content\/uploads\/2017\/11\/INAUGURACION-DEL-CERCO-PERIMETRAL-11-300x199.jpeg\" alt=\"\" width=\"300\" height=\"199\" srcset=\"http:\/\/tvalaire.com\/wp-content\/uploads\/2017\/11\/INAUGURACION-DEL-CERCO-PERIMETRAL-11-300x199.jpeg 300w, http:\/\/tvalaire.com\/wp-content\/uploads\/2017\/11\/INAUGURACION-DEL-CERCO-PERIMETRAL-11-768x509.jpeg 768w, http:\/\/tvalaire.com\/wp-content\/uploads\/2017\/11\/INAUGURACION-DEL-CERCO-PERIMETRAL-11-1024x678.jpeg 1024w, http:\/\/tvalaire.com\/wp-content\/uploads\/2017\/11\/INAUGURACION-DEL-CERCO-PERIMETRAL-11.jpeg 1280w\" sizes=\"(max-width: 300px) 100vw, 300px\" \/><\/p>\n<p><img loading=\"lazy\" decoding=\"async\" class=\"alignnone size-medium wp-image-3075\" src=\"http:\/\/tvalaire.com\/wp-content\/uploads\/2017\/11\/INAUGURACION-DEL-CERCO-PERIMETRAL-7-300x199.jpeg\" alt=\"\" width=\"300\" height=\"199\" srcset=\"http:\/\/tvalaire.com\/wp-content\/uploads\/2017\/11\/INAUGURACION-DEL-CERCO-PERIMETRAL-7-300x199.jpeg 300w, http:\/\/tvalaire.com\/wp-content\/uploads\/2017\/11\/INAUGURACION-DEL-CERCO-PERIMETRAL-7-768x509.jpeg 768w, http:\/\/tvalaire.com\/wp-content\/uploads\/2017\/11\/INAUGURACION-DEL-CERCO-PERIMETRAL-7-1024x678.jpeg 1024w, http:\/\/tvalaire.com\/wp-content\/uploads\/2017\/11\/INAUGURACION-DEL-CERCO-PERIMETRAL-7.jpeg 1280w\" sizes=\"(max-width: 300px) 100vw, 300px\" \/><\/p>\n<p>&nbsp;<\/p>\n","protected":false},"excerpt":{"rendered":"<p>Presidente Municipal V\u00edctor V\u00e1zquez contribuye para mejorar la seguridad de los ni\u00f1os de la escuela&#8230;<\/p>\n","protected":false},"author":1,"featured_media":3076,"comment_status":"open","ping_status":"open","sticky":false,"template":"","format":"standard","meta":{"jetpack_post_was_ever_published":false,"_jetpack_newsletter_access":"","_jetpack_dont_email_post_to_subs":false,"_jetpack_newsletter_tier_id":0,"_jetpack_memberships_contains_paywalled_content":false,"_jetpack_memberships_contains_paid_content":false,"footnotes":"","jetpack_publicize_message":"","jetpack_publicize_feature_enabled":true,"jetpack_social_post_already_shared":false,"jetpack_social_options":{"image_generator_settings":{"template":"highway","enabled":false},"version":2}},"categories":[4],"tags":[36,24],"class_list":["post-3074","post","type-post","status-publish","format-standard","has-post-thumbnail","hentry","category-puruandiro","tag-principales","tag-puruandiro"],"jetpack_publicize_connections":[],"jetpack_sharing_enabled":true,"featured_image_urls":{"full":["http:\/\/tvalaire.com\/wp-content\/uploads\/2017\/11\/INAUGURACION-DEL-CERCO-PERIMETRAL-10.jpeg",1280,848,false],"thumbnail":["http:\/\/tvalaire.com\/wp-content\/uploads\/2017\/11\/INAUGURACION-DEL-CERCO-PERIMETRAL-10-150x150.jpeg",150,150,true],"medium":["http:\/\/tvalaire.com\/wp-content\/uploads\/2017\/11\/INAUGURACION-DEL-CERCO-PERIMETRAL-10-300x199.jpeg",300,199,true],"medium_large":["http:\/\/tvalaire.com\/wp-content\/uploads\/2017\/11\/INAUGURACION-DEL-CERCO-PERIMETRAL-10-768x509.jpeg",640,424,true],"large":["http:\/\/tvalaire.com\/wp-content\/uploads\/2017\/11\/INAUGURACION-DEL-CERCO-PERIMETRAL-10-1024x678.jpeg",640,424,true],"post-slider-thumb-size":["http:\/\/tvalaire.com\/wp-content\/uploads\/2017\/11\/INAUGURACION-DEL-CERCO-PERIMETRAL-10.jpeg",287,190,false],"post-category-slider-size":["http:\/\/tvalaire.com\/wp-content\/uploads\/2017\/11\/INAUGURACION-DEL-CERCO-PERIMETRAL-10.jpeg",330,219,false],"1536x1536":["http:\/\/tvalaire.com\/wp-content\/uploads\/2017\/11\/INAUGURACION-DEL-CERCO-PERIMETRAL-10.jpeg",1280,848,false],"2048x2048":["http:\/\/tvalaire.com\/wp-content\/uploads\/2017\/11\/INAUGURACION-DEL-CERCO-PERIMETRAL-10.jpeg",1280,848,false],"newsium-slider-full":["http:\/\/tvalaire.com\/wp-content\/uploads\/2017\/11\/INAUGURACION-DEL-CERCO-PERIMETRAL-10.jpeg",1275,845,false],"newsium-featured":["http:\/\/tvalaire.com\/wp-content\/uploads\/2017\/11\/INAUGURACION-DEL-CERCO-PERIMETRAL-10.jpeg",1024,678,false],"newsium-medium":["http:\/\/tvalaire.com\/wp-content\/uploads\/2017\/11\/INAUGURACION-DEL-CERCO-PERIMETRAL-10.jpeg",717,475,false]},"author_info":{"info":["tvalairenoti"]},"category_info":"<a href=\"http:\/\/tvalaire.com\/?cat=4\" rel=\"category\">Puru\u00e1ndiro<\/a>","tag_info":"Puru\u00e1ndiro","comment_count":"0","jetpack_featured_media_url":"http:\/\/tvalaire.com\/wp-content\/uploads\/2017\/11\/INAUGURACION-DEL-CERCO-PERIMETRAL-10.jpeg","_links":{"self":[{"href":"http:\/\/tvalaire.com\/index.php?rest_route=\/wp\/v2\/posts\/3074"}],"collection":[{"href":"http:\/\/tvalaire.com\/index.php?rest_route=\/wp\/v2\/posts"}],"about":[{"href":"http:\/\/tvalaire.com\/index.php?rest_route=\/wp\/v2\/types\/post"}],"author":[{"embeddable":true,"href":"http:\/\/tvalaire.com\/index.php?rest_route=\/wp\/v2\/users\/1"}],"replies":[{"embeddable":true,"href":"http:\/\/tvalaire.com\/index.php?rest_route=%2Fwp%2Fv2%2Fcomments&post=3074"}],"version-history":[{"count":1,"href":"http:\/\/tvalaire.com\/index.php?rest_route=\/wp\/v2\/posts\/3074\/revisions"}],"predecessor-version":[{"id":3078,"href":"http:\/\/tvalaire.com\/index.php?rest_route=\/wp\/v2\/posts\/3074\/revisions\/3078"}],"wp:featuredmedia":[{"embeddable":true,"href":"http:\/\/tvalaire.com\/index.php?rest_route=\/wp\/v2\/media\/3076"}],"wp:attachment":[{"href":"http:\/\/tvalaire.com\/index.php?rest_route=%2Fwp%2Fv2%2Fmedia&parent=3074"}],"wp:term":[{"taxonomy":"category","embeddable":true,"href":"http:\/\/tvalaire.com\/index.php?rest_route=%2Fwp%2Fv2%2Fcategories&post=3074"},{"taxonomy":"post_tag","embeddable":true,"href":"http:\/\/tvalaire.com\/index.php?rest_route=%2Fwp%2Fv2%2Ftags&post=3074"}],"curies":[{"name":"wp","href":"https:\/\/api.w.org\/{rel}","templated":true}]}}