{"id":3043,"date":"2017-11-09T10:07:11","date_gmt":"2017-11-09T16:07:11","guid":{"rendered":"http:\/\/tvalaire.com\/?p=3043"},"modified":"2017-11-09T10:07:11","modified_gmt":"2017-11-09T16:07:11","slug":"dif-brinda-servicio-de-medicina-general-en-sus-instalaciones","status":"publish","type":"post","link":"http:\/\/tvalaire.com\/?p=3043","title":{"rendered":"DIF BRINDA SERVICIO DE MEDICINA GENERAL EN SUS INSTALACIONES"},"content":{"rendered":"<p><span style=\"font-style: inherit; font-weight: inherit;\">El \u00e1rea m\u00e9dica del DIF Municipal est\u00e1 a la disposici\u00f3n de los ciudadanos de La Piedad e incluso de otros municipios circunvecinos que vienen para atenderse, adem\u00e1s se les proporcionan medicamentos y en algunos casos se les canaliza a otras instituciones de salud o fundaciones para que puedan tener una mejor calidad de vida.<\/span><\/p>\n<p><span style=\"font-style: inherit; font-weight: inherit;\">La directora del sistema DIF Carmen Judith Cabrera Salda\u00f1a, expres\u00f3 que dentro de los m\u00e1s de 22 servicios que ofrece la instituci\u00f3n se encuentra el \u00e1rea de m\u00e9dico general el cual atiende de lunes a viernes de ocho y media de la ma\u00f1ana a dos de la tarde, donde el paciente o enfermo tiene derecho a ser valorado para que posteriormente se le brinde su diagn\u00f3stico y se le d\u00e9 seguimiento a su expediente para que de esta forma pueda tener una vida m\u00e1s saludable.<\/span><\/p>\n<p><span style=\"font-style: inherit; font-weight: inherit;\">Cabrera Salda\u00f1a resalt\u00f3 que en esta \u00e1rea se les toma la presi\u00f3n arterial, niveles de glucosa y se hacen consultas en general sin dejar a un lado las campa\u00f1as de prevenci\u00f3n que se realizan para que las personas puedan tener m\u00e1s conciencia de los problemas que pueden sufrir a causa de un estilo de vida inapropiado.<\/span><\/p>\n<p><span style=\"font-style: inherit; font-weight: inherit;\">\u201cLas campa\u00f1as que est\u00e1n de manera permanente como; aparatos auditivos, cataratas y de problemas de retina tambi\u00e9n pertenecen al \u00e1rea de m\u00e9dico general, la cual trabaja arduamente para llevar cada mes pacientes a la Ciudad de M\u00e9xico para que sean intervenidos quir\u00fargicamente gracias a la buena colaboraci\u00f3n que se ha tenido con la fundaci\u00f3n sala uno\u201d, a\u00f1adi\u00f3 Carmen Judith.<\/span><\/p>\n<p><span style=\"font-style: inherit; font-weight: inherit;\">Otra campa\u00f1a que tiene bastante demanda es la de aparatos auditivos la cual se realizada dos o tres veces por a\u00f1o y se atiende a las personas de La Piedad como tambi\u00e9n municipios de Guanajuato y Jalisco, finaliz\u00f3 la directora.<\/span><\/p>\n<p>&nbsp;<\/p>\n","protected":false},"excerpt":{"rendered":"<p>El \u00e1rea m\u00e9dica del DIF Municipal est\u00e1 a la disposici\u00f3n de los ciudadanos de La&#8230;<\/p>\n","protected":false},"author":1,"featured_media":3040,"comment_status":"open","ping_status":"open","sticky":false,"template":"","format":"standard","meta":{"jetpack_post_was_ever_published":false,"_jetpack_newsletter_access":"","_jetpack_dont_email_post_to_subs":false,"_jetpack_newsletter_tier_id":0,"_jetpack_memberships_contains_paywalled_content":false,"_jetpack_memberships_contains_paid_content":false,"footnotes":"","jetpack_publicize_message":"","jetpack_publicize_feature_enabled":true,"jetpack_social_post_already_shared":false,"jetpack_social_options":{"image_generator_settings":{"template":"highway","enabled":false},"version":2}},"categories":[1],"tags":[15,36],"class_list":["post-3043","post","type-post","status-publish","format-standard","has-post-thumbnail","hentry","category-la-piedad","tag-la-piedad","tag-principales"],"jetpack_publicize_connections":[],"jetpack_sharing_enabled":true,"featured_image_urls":{"full":["http:\/\/tvalaire.com\/wp-content\/uploads\/2017\/11\/DIF-BRINDA-SERVICIO-DE-MEDICINA-GENERAL-EN-SUS-INSTALACIONES2.jpg",1280,960,false],"thumbnail":["http:\/\/tvalaire.com\/wp-content\/uploads\/2017\/11\/DIF-BRINDA-SERVICIO-DE-MEDICINA-GENERAL-EN-SUS-INSTALACIONES2-150x150.jpg",150,150,true],"medium":["http:\/\/tvalaire.com\/wp-content\/uploads\/2017\/11\/DIF-BRINDA-SERVICIO-DE-MEDICINA-GENERAL-EN-SUS-INSTALACIONES2-300x225.jpg",300,225,true],"medium_large":["http:\/\/tvalaire.com\/wp-content\/uploads\/2017\/11\/DIF-BRINDA-SERVICIO-DE-MEDICINA-GENERAL-EN-SUS-INSTALACIONES2-768x576.jpg",640,480,true],"large":["http:\/\/tvalaire.com\/wp-content\/uploads\/2017\/11\/DIF-BRINDA-SERVICIO-DE-MEDICINA-GENERAL-EN-SUS-INSTALACIONES2-1024x768.jpg",640,480,true],"post-slider-thumb-size":["http:\/\/tvalaire.com\/wp-content\/uploads\/2017\/11\/DIF-BRINDA-SERVICIO-DE-MEDICINA-GENERAL-EN-SUS-INSTALACIONES2.jpg",253,190,false],"post-category-slider-size":["http:\/\/tvalaire.com\/wp-content\/uploads\/2017\/11\/DIF-BRINDA-SERVICIO-DE-MEDICINA-GENERAL-EN-SUS-INSTALACIONES2.jpg",330,248,false],"1536x1536":["http:\/\/tvalaire.com\/wp-content\/uploads\/2017\/11\/DIF-BRINDA-SERVICIO-DE-MEDICINA-GENERAL-EN-SUS-INSTALACIONES2.jpg",1280,960,false],"2048x2048":["http:\/\/tvalaire.com\/wp-content\/uploads\/2017\/11\/DIF-BRINDA-SERVICIO-DE-MEDICINA-GENERAL-EN-SUS-INSTALACIONES2.jpg",1280,960,false],"newsium-slider-full":["http:\/\/tvalaire.com\/wp-content\/uploads\/2017\/11\/DIF-BRINDA-SERVICIO-DE-MEDICINA-GENERAL-EN-SUS-INSTALACIONES2.jpg",1127,845,false],"newsium-featured":["http:\/\/tvalaire.com\/wp-content\/uploads\/2017\/11\/DIF-BRINDA-SERVICIO-DE-MEDICINA-GENERAL-EN-SUS-INSTALACIONES2.jpg",1024,768,false],"newsium-medium":["http:\/\/tvalaire.com\/wp-content\/uploads\/2017\/11\/DIF-BRINDA-SERVICIO-DE-MEDICINA-GENERAL-EN-SUS-INSTALACIONES2.jpg",633,475,false]},"author_info":{"info":["tvalairenoti"]},"category_info":"<a href=\"http:\/\/tvalaire.com\/?cat=1\" rel=\"category\">La Piedad<\/a>","tag_info":"La Piedad","comment_count":"0","jetpack_featured_media_url":"http:\/\/tvalaire.com\/wp-content\/uploads\/2017\/11\/DIF-BRINDA-SERVICIO-DE-MEDICINA-GENERAL-EN-SUS-INSTALACIONES2.jpg","_links":{"self":[{"href":"http:\/\/tvalaire.com\/index.php?rest_route=\/wp\/v2\/posts\/3043"}],"collection":[{"href":"http:\/\/tvalaire.com\/index.php?rest_route=\/wp\/v2\/posts"}],"about":[{"href":"http:\/\/tvalaire.com\/index.php?rest_route=\/wp\/v2\/types\/post"}],"author":[{"embeddable":true,"href":"http:\/\/tvalaire.com\/index.php?rest_route=\/wp\/v2\/users\/1"}],"replies":[{"embeddable":true,"href":"http:\/\/tvalaire.com\/index.php?rest_route=%2Fwp%2Fv2%2Fcomments&post=3043"}],"version-history":[{"count":1,"href":"http:\/\/tvalaire.com\/index.php?rest_route=\/wp\/v2\/posts\/3043\/revisions"}],"predecessor-version":[{"id":3044,"href":"http:\/\/tvalaire.com\/index.php?rest_route=\/wp\/v2\/posts\/3043\/revisions\/3044"}],"wp:featuredmedia":[{"embeddable":true,"href":"http:\/\/tvalaire.com\/index.php?rest_route=\/wp\/v2\/media\/3040"}],"wp:attachment":[{"href":"http:\/\/tvalaire.com\/index.php?rest_route=%2Fwp%2Fv2%2Fmedia&parent=3043"}],"wp:term":[{"taxonomy":"category","embeddable":true,"href":"http:\/\/tvalaire.com\/index.php?rest_route=%2Fwp%2Fv2%2Fcategories&post=3043"},{"taxonomy":"post_tag","embeddable":true,"href":"http:\/\/tvalaire.com\/index.php?rest_route=%2Fwp%2Fv2%2Ftags&post=3043"}],"curies":[{"name":"wp","href":"https:\/\/api.w.org\/{rel}","templated":true}]}}