{"id":3039,"date":"2017-11-09T10:06:31","date_gmt":"2017-11-09T16:06:31","guid":{"rendered":"http:\/\/tvalaire.com\/?p=3039"},"modified":"2017-11-09T10:06:31","modified_gmt":"2017-11-09T16:06:31","slug":"fortalecido-el-programa-palabra-de-mujer","status":"publish","type":"post","link":"http:\/\/tvalaire.com\/?p=3039","title":{"rendered":"FORTALECIDO EL PROGRAMA \u201cPALABRA DE MUJER\u201d"},"content":{"rendered":"<p><span style=\"font-style: inherit; font-weight: inherit;\">El Instituto Municipal de la Mujer (IMM) con el apoyo de la Secretar\u00eda de Igualdad Sustantiva y Desarrollo de las Mujeres Michoacanas (Seimujer), dieron a conocer el fortalecimiento del programa de micro cr\u00e9ditos denominado \u201cpalabra de mujer\u201d, de los cuales a nivel estatal se han entregado ya 48 mil cr\u00e9ditos por un monto de 236 millones de pesos, en donde La Piedad es uno de los m\u00e1s beneficiados.<\/span><\/p>\n<p><span style=\"font-style: inherit; font-weight: inherit;\">En La Piedad son 612 mujeres integradas en 51 grupos de trabajo y el monto de apoyo otorgado en los cr\u00e9ditos que se les han asignado es por un mill\u00f3n 890 mil pesos.<\/span><\/p>\n<p><span style=\"font-style: inherit; font-weight: inherit;\">Lo anterior, durante la reuni\u00f3n regional con beneficiadas de este programa, realizada en el auditorio de la unidad deportiva \u201cBicentenario\u201d, que estuvo encabezada por la secretaria del Seimujer, Fabiola Alan\u00eds S\u00e1mano; el Presidente Municipal; Hilda Vargas Torres, directora del programa; entre otros.<\/span><\/p>\n<p><span style=\"font-style: inherit; font-weight: inherit;\">Durante el acto la secretaria del Seimujer anunci\u00f3 que de los 48 mil cr\u00e9ditos que han sido otorgados en Michoac\u00e1n el 100 por ciento de ellas han cubierto en tiempo y forma con sus pagos, por tanto anunci\u00f3 que analizan la posibilidad de ampliar los cr\u00e9ditos en hasta 40 mil pesos por persona.<\/span><\/p>\n<p><span style=\"font-style: inherit; font-weight: inherit;\">As\u00ed que felicit\u00f3 a las mujeres por el compromiso adquirido y sobre todo por responderle al Gobierno mediante el pago oportuno.<\/span><\/p>\n<p><span style=\"font-style: inherit; font-weight: inherit;\">El Presidente Municipal, por su parte agradeci\u00f3 a Fabiola Alan\u00eds que haya tomado en cuenta a esta regi\u00f3n para dar a conocer este programa y el fortalecimiento del mismo, m\u00e1s a\u00fan que se hayan entregado los cr\u00e9ditos que benefician directamente a las piedadenses, pues es una manera de que la mujer, obtenga ingresos propios que ayuden al seno de su familia.<\/span><\/p>\n<p><span style=\"font-style: inherit; font-weight: inherit;\">Durante la reuni\u00f3n, las beneficiarias del programa dieron a conocer sus puntos de vista sobre los cr\u00e9ditos, coincidiendo en que son de mucha ayuda aunque pidieron mejorar diversos aspectos entre ellos, modificar las fechas de los primeros dos pagos que se les juntan en una misma semana y son muy pesados para ellas; inconformidades por el trato que reciben de parte de una de las coordinadoras del banco; el cobro en algunos casos de reposici\u00f3n de tarjetas, adem\u00e1s de solicitar que los cr\u00e9ditos se incrementen en cantidad.<\/span><\/p>\n<p><span style=\"font-style: inherit; font-weight: inherit;\">Los cr\u00e9ditos de \u201cpalabra de mujer\u201d inician con un monto de 2 mil 500 pesos, en el primer ciclo pero pueden acceder a otros hasta obtener 24 mil pesos; durante los dos primeros cr\u00e9ditos, el pago de intereses lo realiza el Gobierno del Estado y a partir del tercero el inter\u00e9s que se cobra es del 1%, anunci\u00e1ndoles que buscan incrementar el monto hasta en 40 mil pesos por persona.<\/span><\/p>\n<p><span style=\"font-style: inherit; font-weight: inherit;\">Y para quienes han cubierto en tiempo y forma sus pagos y que adem\u00e1s, cuentan con un establecimiento propio, se les inform\u00f3 que pueden acceder a un cr\u00e9dito de 10 mil pesos para cubrirlo en 8 meses.<\/span><\/p>\n","protected":false},"excerpt":{"rendered":"<p>El Instituto Municipal de la Mujer (IMM) con el apoyo de la Secretar\u00eda de Igualdad&#8230;<\/p>\n","protected":false},"author":1,"featured_media":3041,"comment_status":"open","ping_status":"open","sticky":false,"template":"","format":"standard","meta":{"jetpack_post_was_ever_published":false,"_jetpack_newsletter_access":"","_jetpack_dont_email_post_to_subs":false,"_jetpack_newsletter_tier_id":0,"_jetpack_memberships_contains_paywalled_content":false,"_jetpack_memberships_contains_paid_content":false,"footnotes":"","jetpack_publicize_message":"","jetpack_publicize_feature_enabled":true,"jetpack_social_post_already_shared":false,"jetpack_social_options":{"image_generator_settings":{"template":"highway","enabled":false},"version":2}},"categories":[1],"tags":[15,36],"class_list":["post-3039","post","type-post","status-publish","format-standard","has-post-thumbnail","hentry","category-la-piedad","tag-la-piedad","tag-principales"],"jetpack_publicize_connections":[],"jetpack_sharing_enabled":true,"featured_image_urls":{"full":["http:\/\/tvalaire.com\/wp-content\/uploads\/2017\/11\/FORTALECIDO-EL-PROGRAMA-\u201cPALABRA-DE-MUJER\u201d.jpg",1024,684,false],"thumbnail":["http:\/\/tvalaire.com\/wp-content\/uploads\/2017\/11\/FORTALECIDO-EL-PROGRAMA-\u201cPALABRA-DE-MUJER\u201d-150x150.jpg",150,150,true],"medium":["http:\/\/tvalaire.com\/wp-content\/uploads\/2017\/11\/FORTALECIDO-EL-PROGRAMA-\u201cPALABRA-DE-MUJER\u201d-300x200.jpg",300,200,true],"medium_large":["http:\/\/tvalaire.com\/wp-content\/uploads\/2017\/11\/FORTALECIDO-EL-PROGRAMA-\u201cPALABRA-DE-MUJER\u201d-768x513.jpg",640,428,true],"large":["http:\/\/tvalaire.com\/wp-content\/uploads\/2017\/11\/FORTALECIDO-EL-PROGRAMA-\u201cPALABRA-DE-MUJER\u201d-1024x684.jpg",640,428,true],"post-slider-thumb-size":["http:\/\/tvalaire.com\/wp-content\/uploads\/2017\/11\/FORTALECIDO-EL-PROGRAMA-\u201cPALABRA-DE-MUJER\u201d.jpg",284,190,false],"post-category-slider-size":["http:\/\/tvalaire.com\/wp-content\/uploads\/2017\/11\/FORTALECIDO-EL-PROGRAMA-\u201cPALABRA-DE-MUJER\u201d.jpg",330,220,false],"1536x1536":["http:\/\/tvalaire.com\/wp-content\/uploads\/2017\/11\/FORTALECIDO-EL-PROGRAMA-\u201cPALABRA-DE-MUJER\u201d.jpg",1024,684,false],"2048x2048":["http:\/\/tvalaire.com\/wp-content\/uploads\/2017\/11\/FORTALECIDO-EL-PROGRAMA-\u201cPALABRA-DE-MUJER\u201d.jpg",1024,684,false],"newsium-slider-full":["http:\/\/tvalaire.com\/wp-content\/uploads\/2017\/11\/FORTALECIDO-EL-PROGRAMA-\u201cPALABRA-DE-MUJER\u201d.jpg",1024,684,false],"newsium-featured":["http:\/\/tvalaire.com\/wp-content\/uploads\/2017\/11\/FORTALECIDO-EL-PROGRAMA-\u201cPALABRA-DE-MUJER\u201d.jpg",1024,684,false],"newsium-medium":["http:\/\/tvalaire.com\/wp-content\/uploads\/2017\/11\/FORTALECIDO-EL-PROGRAMA-\u201cPALABRA-DE-MUJER\u201d.jpg",711,475,false]},"author_info":{"info":["tvalairenoti"]},"category_info":"<a href=\"http:\/\/tvalaire.com\/?cat=1\" rel=\"category\">La Piedad<\/a>","tag_info":"La Piedad","comment_count":"0","jetpack_featured_media_url":"http:\/\/tvalaire.com\/wp-content\/uploads\/2017\/11\/FORTALECIDO-EL-PROGRAMA-\u201cPALABRA-DE-MUJER\u201d.jpg","_links":{"self":[{"href":"http:\/\/tvalaire.com\/index.php?rest_route=\/wp\/v2\/posts\/3039"}],"collection":[{"href":"http:\/\/tvalaire.com\/index.php?rest_route=\/wp\/v2\/posts"}],"about":[{"href":"http:\/\/tvalaire.com\/index.php?rest_route=\/wp\/v2\/types\/post"}],"author":[{"embeddable":true,"href":"http:\/\/tvalaire.com\/index.php?rest_route=\/wp\/v2\/users\/1"}],"replies":[{"embeddable":true,"href":"http:\/\/tvalaire.com\/index.php?rest_route=%2Fwp%2Fv2%2Fcomments&post=3039"}],"version-history":[{"count":1,"href":"http:\/\/tvalaire.com\/index.php?rest_route=\/wp\/v2\/posts\/3039\/revisions"}],"predecessor-version":[{"id":3042,"href":"http:\/\/tvalaire.com\/index.php?rest_route=\/wp\/v2\/posts\/3039\/revisions\/3042"}],"wp:featuredmedia":[{"embeddable":true,"href":"http:\/\/tvalaire.com\/index.php?rest_route=\/wp\/v2\/media\/3041"}],"wp:attachment":[{"href":"http:\/\/tvalaire.com\/index.php?rest_route=%2Fwp%2Fv2%2Fmedia&parent=3039"}],"wp:term":[{"taxonomy":"category","embeddable":true,"href":"http:\/\/tvalaire.com\/index.php?rest_route=%2Fwp%2Fv2%2Fcategories&post=3039"},{"taxonomy":"post_tag","embeddable":true,"href":"http:\/\/tvalaire.com\/index.php?rest_route=%2Fwp%2Fv2%2Ftags&post=3039"}],"curies":[{"name":"wp","href":"https:\/\/api.w.org\/{rel}","templated":true}]}}