{"id":303,"date":"2017-02-03T10:18:37","date_gmt":"2017-02-03T16:18:37","guid":{"rendered":"http:\/\/tvalaire.com\/?p=303"},"modified":"2017-02-04T21:28:49","modified_gmt":"2017-02-05T03:28:49","slug":"asiste-poblacion-al-centro-de-la-piedad-a-levantamiento-de-nino-dios","status":"publish","type":"post","link":"http:\/\/tvalaire.com\/?p=303","title":{"rendered":"Asiste Poblaci\u00f3n al Centro de La Piedad a Levantamiento de Ni\u00f1o Dios"},"content":{"rendered":"<p style=\"text-align: left;\" align=\"center\">\n<p style=\"text-align: left;\" align=\"center\"><b>La Presidenta del DIF Municipal fue la madrina y siguiendo con la tradici\u00f3n reparti\u00f3 aguinaldos, tamales y chocolate a los asistentes.<\/b><\/p>\n<p>En medio de c\u00e1nticos y villancicos, la Presidenta del DIF Municipal de\u00a0 La Piedad, Ma. Socorro Le\u00f3n y la directora del Sistema Municipal para el Desarrollo Integral de la Familia (DIF) Carmen Judith Cabrera Salda\u00f1a, siguieron con la tradici\u00f3n religiosa y realizaron el levantamiento del Ni\u00f1o Dios en la Plaza Principal.<\/p>\n<p>El programa que realizaron para la realizaci\u00f3n de este evento religioso, cierra con una de las etapas tradicionales sobre el nacimiento de Jes\u00fas que inicia el 24 de diciembre con el nacimiento y acostamiento del peque\u00f1o Ni\u00f1o en un humilde pesebre y concluy\u00f3 este mi\u00e9rcoles por la tarde-noche con su levantamiento, en donde se ofreci\u00f3 a los asistentes tamales y chocolate.<\/p>\n<p>Para ello, la Presidenta del DIF Municipal no escatim\u00f3 en esfuerzos y no s\u00f3lo lleg\u00f3 a la Plaza Principal a realizar la ceremonia del levantamiento y beso al Ni\u00f1o Dios, sino que antes, se ofreci\u00f3 un acto art\u00edstico en donde participaron los integrantes del ballet infantil del Sistema Integral para la Familia quienes ofrecieron varias estampas, una de ellas fue la danza de los viejitos y el jarabe de Michoac\u00e1n en donde se hace un ritual en el que una de las integrantes del grupo de danza muestra al Ni\u00f1o Jes\u00fas cargado en sus brazos.<\/p>\n<p>Posteriormente el coro Alegr\u00eda de Vivir, todos con atuendos t\u00edpicos del Estado de Michoac\u00e1n, fueron los encargados de los c\u00e1nticos y villancicos mientras la se\u00f1ora Ma. Socorro Le\u00f3n, levant\u00f3 al Ni\u00f1o Dios y lo carg\u00f3 en brazos para que cientos de ni\u00f1os que se congregaron en la Plaza Principal acompa\u00f1ados en su mayor\u00eda por sus pap\u00e1s, fueran a besar al ni\u00f1o.<\/p>\n<p>A cambio, la directora del DIF Municipal entreg\u00f3 aguinaldos a los peque\u00f1os y a los adultos se les obsequio tamales y chocolate. En total se regalaron 500 tamales y se dieron 500 aguinaldos para el igual n\u00famero de ni\u00f1os que se acercaron a besar al Ni\u00f1o Dios.<\/p>\n<p>Con esta actividad, el DIF Municipal cerr\u00f3 el periodo de festividades navide\u00f1as y da paso ahora para continuar con sus programas de ayuda en beneficio de las familias que m\u00e1s lo necesitan.<\/p>\n<p>&nbsp;<\/p>\n<p><img loading=\"lazy\" decoding=\"async\" class=\"alignnone size-medium wp-image-307\" src=\"http:\/\/tvalaire.com\/wp-content\/uploads\/2017\/02\/1-11-300x225.jpg\" alt=\"\" width=\"300\" height=\"225\" srcset=\"http:\/\/tvalaire.com\/wp-content\/uploads\/2017\/02\/1-11-300x225.jpg 300w, http:\/\/tvalaire.com\/wp-content\/uploads\/2017\/02\/1-11-768x576.jpg 768w, http:\/\/tvalaire.com\/wp-content\/uploads\/2017\/02\/1-11.jpg 1024w\" sizes=\"(max-width: 300px) 100vw, 300px\" \/><\/p>\n<p><img loading=\"lazy\" decoding=\"async\" class=\"alignnone size-medium wp-image-305\" src=\"http:\/\/tvalaire.com\/wp-content\/uploads\/2017\/02\/1-8-300x225.jpg\" alt=\"\" width=\"300\" height=\"225\" srcset=\"http:\/\/tvalaire.com\/wp-content\/uploads\/2017\/02\/1-8-300x225.jpg 300w, http:\/\/tvalaire.com\/wp-content\/uploads\/2017\/02\/1-8-768x576.jpg 768w, http:\/\/tvalaire.com\/wp-content\/uploads\/2017\/02\/1-8.jpg 1024w\" sizes=\"(max-width: 300px) 100vw, 300px\" \/><\/p>\n<p><img loading=\"lazy\" decoding=\"async\" class=\"alignnone size-medium wp-image-304\" src=\"http:\/\/tvalaire.com\/wp-content\/uploads\/2017\/02\/1-6-300x225.jpg\" alt=\"\" width=\"300\" height=\"225\" srcset=\"http:\/\/tvalaire.com\/wp-content\/uploads\/2017\/02\/1-6-300x225.jpg 300w, http:\/\/tvalaire.com\/wp-content\/uploads\/2017\/02\/1-6-768x576.jpg 768w, http:\/\/tvalaire.com\/wp-content\/uploads\/2017\/02\/1-6.jpg 1024w\" sizes=\"(max-width: 300px) 100vw, 300px\" \/><\/p>\n","protected":false},"excerpt":{"rendered":"<p>La Presidenta del DIF Municipal fue la madrina y siguiendo con la tradici\u00f3n reparti\u00f3 aguinaldos,&#8230;<\/p>\n","protected":false},"author":1,"featured_media":306,"comment_status":"open","ping_status":"open","sticky":false,"template":"","format":"standard","meta":{"jetpack_post_was_ever_published":false,"_jetpack_newsletter_access":"","_jetpack_dont_email_post_to_subs":false,"_jetpack_newsletter_tier_id":0,"_jetpack_memberships_contains_paywalled_content":false,"_jetpack_memberships_contains_paid_content":false,"footnotes":"","jetpack_publicize_message":"","jetpack_publicize_feature_enabled":true,"jetpack_social_post_already_shared":false,"jetpack_social_options":{"image_generator_settings":{"template":"highway","enabled":false},"version":2}},"categories":[1,35],"tags":[36],"class_list":["post-303","post","type-post","status-publish","format-standard","has-post-thumbnail","hentry","category-la-piedad","category-principales","tag-principales"],"jetpack_publicize_connections":[],"jetpack_sharing_enabled":true,"featured_image_urls":{"full":["http:\/\/tvalaire.com\/wp-content\/uploads\/2017\/02\/1-9.jpg",1024,768,false],"thumbnail":["http:\/\/tvalaire.com\/wp-content\/uploads\/2017\/02\/1-9-150x150.jpg",150,150,true],"medium":["http:\/\/tvalaire.com\/wp-content\/uploads\/2017\/02\/1-9-300x225.jpg",300,225,true],"medium_large":["http:\/\/tvalaire.com\/wp-content\/uploads\/2017\/02\/1-9-768x576.jpg",640,480,true],"large":["http:\/\/tvalaire.com\/wp-content\/uploads\/2017\/02\/1-9-1024x768.jpg",640,480,true],"post-slider-thumb-size":["http:\/\/tvalaire.com\/wp-content\/uploads\/2017\/02\/1-9.jpg",253,190,false],"post-category-slider-size":["http:\/\/tvalaire.com\/wp-content\/uploads\/2017\/02\/1-9.jpg",330,248,false],"1536x1536":["http:\/\/tvalaire.com\/wp-content\/uploads\/2017\/02\/1-9.jpg",1024,768,false],"2048x2048":["http:\/\/tvalaire.com\/wp-content\/uploads\/2017\/02\/1-9.jpg",1024,768,false],"newsium-slider-full":["http:\/\/tvalaire.com\/wp-content\/uploads\/2017\/02\/1-9.jpg",1024,768,false],"newsium-featured":["http:\/\/tvalaire.com\/wp-content\/uploads\/2017\/02\/1-9.jpg",1024,768,false],"newsium-medium":["http:\/\/tvalaire.com\/wp-content\/uploads\/2017\/02\/1-9.jpg",633,475,false]},"author_info":{"info":["tvalairenoti"]},"category_info":"<a href=\"http:\/\/tvalaire.com\/?cat=1\" rel=\"category\">La Piedad<\/a> <a href=\"http:\/\/tvalaire.com\/?cat=35\" rel=\"category\">Principales<\/a>","tag_info":"Principales","comment_count":"0","jetpack_featured_media_url":"http:\/\/tvalaire.com\/wp-content\/uploads\/2017\/02\/1-9.jpg","_links":{"self":[{"href":"http:\/\/tvalaire.com\/index.php?rest_route=\/wp\/v2\/posts\/303"}],"collection":[{"href":"http:\/\/tvalaire.com\/index.php?rest_route=\/wp\/v2\/posts"}],"about":[{"href":"http:\/\/tvalaire.com\/index.php?rest_route=\/wp\/v2\/types\/post"}],"author":[{"embeddable":true,"href":"http:\/\/tvalaire.com\/index.php?rest_route=\/wp\/v2\/users\/1"}],"replies":[{"embeddable":true,"href":"http:\/\/tvalaire.com\/index.php?rest_route=%2Fwp%2Fv2%2Fcomments&post=303"}],"version-history":[{"count":2,"href":"http:\/\/tvalaire.com\/index.php?rest_route=\/wp\/v2\/posts\/303\/revisions"}],"predecessor-version":[{"id":311,"href":"http:\/\/tvalaire.com\/index.php?rest_route=\/wp\/v2\/posts\/303\/revisions\/311"}],"wp:featuredmedia":[{"embeddable":true,"href":"http:\/\/tvalaire.com\/index.php?rest_route=\/wp\/v2\/media\/306"}],"wp:attachment":[{"href":"http:\/\/tvalaire.com\/index.php?rest_route=%2Fwp%2Fv2%2Fmedia&parent=303"}],"wp:term":[{"taxonomy":"category","embeddable":true,"href":"http:\/\/tvalaire.com\/index.php?rest_route=%2Fwp%2Fv2%2Fcategories&post=303"},{"taxonomy":"post_tag","embeddable":true,"href":"http:\/\/tvalaire.com\/index.php?rest_route=%2Fwp%2Fv2%2Ftags&post=303"}],"curies":[{"name":"wp","href":"https:\/\/api.w.org\/{rel}","templated":true}]}}