{"id":3025,"date":"2017-11-08T09:07:33","date_gmt":"2017-11-08T15:07:33","guid":{"rendered":"http:\/\/tvalaire.com\/?p=3025"},"modified":"2017-11-08T09:07:33","modified_gmt":"2017-11-08T15:07:33","slug":"invitan-al-recital-de-musica-popular-uruguaya","status":"publish","type":"post","link":"http:\/\/tvalaire.com\/?p=3025","title":{"rendered":"INVITAN AL RECITAL DE M\u00daSICA POPULAR URUGUAYA"},"content":{"rendered":"<p><span style=\"font-style: inherit; font-weight: inherit;\">El Gobierno Municipal a trav\u00e9s de la direcci\u00f3n de Cultura en colaboraci\u00f3n con el Colegio de Michoac\u00e1n Extensi\u00f3n La Piedad, ofrecer\u00e1 el pr\u00f3ximo jueves 9 de noviembre un recital de m\u00fasica popular uruguaya denominado Patria Cisplatina interpretado por Milius.<\/span><\/p>\n<p><span style=\"font-style: inherit; font-weight: inherit;\">El recital tendr\u00e1 lugar en la Escuela de Artes a partir de las 20:00 horas y tendr\u00e1 como m\u00fasico invitado a Giovanni Estrada. La entrada ser\u00e1 libre.<\/span><\/p>\n<p><span style=\"font-style: inherit; font-weight: inherit;\">Milius es un cantautor M\u00e9xico-uruguayo, quien traer\u00e1 un repertorio de artistas ic\u00f3nicos uruguayos, como homenaje y recuerdo de su Patria. G\u00e9neros y estilos \u201cr\u00edoplatenses\u201d como la milonga, la chamarrita, la vidalita o la zamba, que junto al candombe y la murga integrar\u00e1n el mosaico musical que ofrecer\u00e1 a los piedadenses.<\/span><\/p>\n<p><span style=\"font-style: inherit; font-weight: inherit;\">La m\u00fasica de los compositores que interpretar\u00e1, han sido seleccionados por el propio int\u00e9rprete y corresponden a diferentes periodos. Van pues desde los a\u00f1os 60 a los 90, todos herederos de ritmos populares y g\u00e9neros identitarios fusionados con el bossanova, el jazz, el blues y el rock, dando origen a canciones que son s\u00edmbolo del uruguayo en el mundo y abordan temas sobre el origen y la ra\u00edz del campo, la migraci\u00f3n a las ciudades, la vida en los barrios, el amor y el desamor, as\u00ed como el exilio pol\u00edtico, iniciada la dictadura en 1973.<\/span><\/p>\n<p><span style=\"font-style: inherit; font-weight: inherit;\">La Cisplatina fue el nombre dado durante un periodo del siglo XI a la regi\u00f3n que ahora ocupa Uruguay en la lucha por su territorio y significa \u201cDe este lado del r\u00edo de la Plata\u201d en relaci\u00f3n con Brasil.<\/span><\/p>\n<p><span style=\"font-style: inherit; font-weight: inherit;\">Por lo que se invita a la poblaci\u00f3n a acudir y conocer un poco m\u00e1s de este estilo de m\u00fasica popular uruguaya que ser\u00e1 presentada a los piedadenses.<\/span><\/p>\n<p>&nbsp;<\/p>\n","protected":false},"excerpt":{"rendered":"<p>El Gobierno Municipal a trav\u00e9s de la direcci\u00f3n de Cultura en colaboraci\u00f3n con el Colegio&#8230;<\/p>\n","protected":false},"author":1,"featured_media":3027,"comment_status":"open","ping_status":"open","sticky":false,"template":"","format":"standard","meta":{"jetpack_post_was_ever_published":false,"_jetpack_newsletter_access":"","_jetpack_dont_email_post_to_subs":false,"_jetpack_newsletter_tier_id":0,"_jetpack_memberships_contains_paywalled_content":false,"_jetpack_memberships_contains_paid_content":false,"footnotes":"","jetpack_publicize_message":"","jetpack_publicize_feature_enabled":true,"jetpack_social_post_already_shared":false,"jetpack_social_options":{"image_generator_settings":{"template":"highway","enabled":false},"version":2}},"categories":[1],"tags":[15,36],"class_list":["post-3025","post","type-post","status-publish","format-standard","has-post-thumbnail","hentry","category-la-piedad","tag-la-piedad","tag-principales"],"jetpack_publicize_connections":[],"jetpack_sharing_enabled":true,"featured_image_urls":{"full":["http:\/\/tvalaire.com\/wp-content\/uploads\/2017\/11\/INVITAN-AL-RECITAL-DE-M\u00daSICA-POPULAR-URUGUAYA.jpg",960,802,false],"thumbnail":["http:\/\/tvalaire.com\/wp-content\/uploads\/2017\/11\/INVITAN-AL-RECITAL-DE-M\u00daSICA-POPULAR-URUGUAYA-150x150.jpg",150,150,true],"medium":["http:\/\/tvalaire.com\/wp-content\/uploads\/2017\/11\/INVITAN-AL-RECITAL-DE-M\u00daSICA-POPULAR-URUGUAYA-300x251.jpg",300,251,true],"medium_large":["http:\/\/tvalaire.com\/wp-content\/uploads\/2017\/11\/INVITAN-AL-RECITAL-DE-M\u00daSICA-POPULAR-URUGUAYA-768x642.jpg",640,535,true],"large":["http:\/\/tvalaire.com\/wp-content\/uploads\/2017\/11\/INVITAN-AL-RECITAL-DE-M\u00daSICA-POPULAR-URUGUAYA.jpg",640,535,false],"post-slider-thumb-size":["http:\/\/tvalaire.com\/wp-content\/uploads\/2017\/11\/INVITAN-AL-RECITAL-DE-M\u00daSICA-POPULAR-URUGUAYA.jpg",227,190,false],"post-category-slider-size":["http:\/\/tvalaire.com\/wp-content\/uploads\/2017\/11\/INVITAN-AL-RECITAL-DE-M\u00daSICA-POPULAR-URUGUAYA.jpg",330,276,false],"1536x1536":["http:\/\/tvalaire.com\/wp-content\/uploads\/2017\/11\/INVITAN-AL-RECITAL-DE-M\u00daSICA-POPULAR-URUGUAYA.jpg",960,802,false],"2048x2048":["http:\/\/tvalaire.com\/wp-content\/uploads\/2017\/11\/INVITAN-AL-RECITAL-DE-M\u00daSICA-POPULAR-URUGUAYA.jpg",960,802,false],"newsium-slider-full":["http:\/\/tvalaire.com\/wp-content\/uploads\/2017\/11\/INVITAN-AL-RECITAL-DE-M\u00daSICA-POPULAR-URUGUAYA.jpg",960,802,false],"newsium-featured":["http:\/\/tvalaire.com\/wp-content\/uploads\/2017\/11\/INVITAN-AL-RECITAL-DE-M\u00daSICA-POPULAR-URUGUAYA.jpg",960,802,false],"newsium-medium":["http:\/\/tvalaire.com\/wp-content\/uploads\/2017\/11\/INVITAN-AL-RECITAL-DE-M\u00daSICA-POPULAR-URUGUAYA.jpg",569,475,false]},"author_info":{"info":["tvalairenoti"]},"category_info":"<a href=\"http:\/\/tvalaire.com\/?cat=1\" rel=\"category\">La Piedad<\/a>","tag_info":"La Piedad","comment_count":"0","jetpack_featured_media_url":"http:\/\/tvalaire.com\/wp-content\/uploads\/2017\/11\/INVITAN-AL-RECITAL-DE-M\u00daSICA-POPULAR-URUGUAYA.jpg","_links":{"self":[{"href":"http:\/\/tvalaire.com\/index.php?rest_route=\/wp\/v2\/posts\/3025"}],"collection":[{"href":"http:\/\/tvalaire.com\/index.php?rest_route=\/wp\/v2\/posts"}],"about":[{"href":"http:\/\/tvalaire.com\/index.php?rest_route=\/wp\/v2\/types\/post"}],"author":[{"embeddable":true,"href":"http:\/\/tvalaire.com\/index.php?rest_route=\/wp\/v2\/users\/1"}],"replies":[{"embeddable":true,"href":"http:\/\/tvalaire.com\/index.php?rest_route=%2Fwp%2Fv2%2Fcomments&post=3025"}],"version-history":[{"count":1,"href":"http:\/\/tvalaire.com\/index.php?rest_route=\/wp\/v2\/posts\/3025\/revisions"}],"predecessor-version":[{"id":3028,"href":"http:\/\/tvalaire.com\/index.php?rest_route=\/wp\/v2\/posts\/3025\/revisions\/3028"}],"wp:featuredmedia":[{"embeddable":true,"href":"http:\/\/tvalaire.com\/index.php?rest_route=\/wp\/v2\/media\/3027"}],"wp:attachment":[{"href":"http:\/\/tvalaire.com\/index.php?rest_route=%2Fwp%2Fv2%2Fmedia&parent=3025"}],"wp:term":[{"taxonomy":"category","embeddable":true,"href":"http:\/\/tvalaire.com\/index.php?rest_route=%2Fwp%2Fv2%2Fcategories&post=3025"},{"taxonomy":"post_tag","embeddable":true,"href":"http:\/\/tvalaire.com\/index.php?rest_route=%2Fwp%2Fv2%2Ftags&post=3025"}],"curies":[{"name":"wp","href":"https:\/\/api.w.org\/{rel}","templated":true}]}}