{"id":3023,"date":"2017-11-07T09:28:06","date_gmt":"2017-11-07T15:28:06","guid":{"rendered":"http:\/\/tvalaire.com\/?p=3023"},"modified":"2017-11-07T09:28:06","modified_gmt":"2017-11-07T15:28:06","slug":"entregan-autoridades-40-notificaciones-de-apoyo-a-productores-del-campo","status":"publish","type":"post","link":"http:\/\/tvalaire.com\/?p=3023","title":{"rendered":"ENTREGAN AUTORIDADES 40 NOTIFICACIONES DE APOYO A PRODUCTORES DEL CAMPO"},"content":{"rendered":"<p class=\"xmsonormal\" style=\"text-align: justify; background: white; font-variant-ligatures: normal; font-variant-caps: normal; orphans: 2; widows: 2; -webkit-text-stroke-width: 0px; text-decoration-style: initial; text-decoration-color: initial; word-spacing: 0px;\"><span style=\"font-family: 'Arial','sans-serif'; color: #212121;\">Autoridades municipales entregaron esta ma\u00f1ana, 40 cartas de notificaci\u00f3n del programa Municipalizado de Implementos Agr\u00edcolas que otorga el Gobierno local y el Estado a trav\u00e9s de la Secretar\u00eda de Desarrollo Rural y Agroalimentario (SEDRUA).<\/span><\/p>\n<p class=\"xmsonormal\" style=\"text-align: justify; background: white; font-variant-ligatures: normal; font-variant-caps: normal; orphans: 2; widows: 2; -webkit-text-stroke-width: 0px; text-decoration-style: initial; text-decoration-color: initial; word-spacing: 0px;\"><span style=\"font-family: 'Arial','sans-serif'; color: #212121;\">Los apoyos otorgados se dan para la adquisici\u00f3n de implementos agr\u00edcolas y microempresas para beneficio de 40 productores del municipio, en los cuales la administraci\u00f3n Municipal aport\u00f3 la cantidad de 369 mil 063 pesos y el Estado, aporta otra cantidad igual, as\u00ed como un mill\u00f3n 049 mil 313 pesos que aportan los beneficiados para dar un total de un mill\u00f3n 787 mil 440 pesos.<\/span><\/p>\n<p class=\"xmsonormal\" style=\"text-align: justify; background: white; font-variant-ligatures: normal; font-variant-caps: normal; orphans: 2; widows: 2; -webkit-text-stroke-width: 0px; text-decoration-style: initial; text-decoration-color: initial; word-spacing: 0px;\"><span style=\"font-family: 'Arial','sans-serif'; color: #212121;\">El Presidente Municipal en su intervenci\u00f3n dijo que el traer este tipo de apoyos a \u00e9l le causa mucho gusto. Una de sus premisas es que los recursos lleguen a donde realmente se necesita y a quienes viven del campo.<\/span><\/p>\n<p class=\"xmsonormal\" style=\"text-align: justify; background: white; font-variant-ligatures: normal; font-variant-caps: normal; orphans: 2; widows: 2; -webkit-text-stroke-width: 0px; text-decoration-style: initial; text-decoration-color: initial; word-spacing: 0px;\"><span style=\"font-family: 'Arial','sans-serif'; color: #212121;\">Este sector expuso, es uno de los que nos da de comer, por tanto consider\u00f3 que requer\u00edan que todo el esfuerzo se hiciera a favor de ellos, tan es as\u00ed que durante su administraci\u00f3n han aumentado los recursos entre un 500 y 600% m\u00e1s, de lo que se destinaba al campo.<\/span><\/p>\n<p class=\"xmsonormal\" style=\"text-align: justify; background: white; font-variant-ligatures: normal; font-variant-caps: normal; orphans: 2; widows: 2; -webkit-text-stroke-width: 0px; text-decoration-style: initial; text-decoration-color: initial; word-spacing: 0px;\"><span style=\"font-family: 'Arial','sans-serif'; color: #212121;\">Germ\u00e1n \u00c1vila, delegado de la SEDRUA indic\u00f3 que en esta regi\u00f3n ser\u00e1n 15 los municipios beneficiados a quienes se destinar\u00e1n 22 millones de pesos para este programa de los cuales el 50% es aportaci\u00f3n del productor, 25% estatal y el otro 25% municipal.<\/span><\/p>\n<p class=\"xmsonormal\" style=\"text-align: justify; background: white; font-variant-ligatures: normal; font-variant-caps: normal; orphans: 2; widows: 2; -webkit-text-stroke-width: 0px; text-decoration-style: initial; text-decoration-color: initial; word-spacing: 0px;\"><span style=\"font-family: 'Arial','sans-serif'; color: #212121;\">Los recursos otorgados forman parte del subprograma de Desarrollo Rural Integral en el componente Promoci\u00f3n del Desarrollo Rural y Regional en la vertiente Municipalizado.<\/span><\/p>\n<p class=\"xmsonormal\" style=\"text-align: justify; background: white; font-variant-ligatures: normal; font-variant-caps: normal; orphans: 2; widows: 2; -webkit-text-stroke-width: 0px; text-decoration-style: initial; text-decoration-color: initial; word-spacing: 0px;\"><span style=\"font-family: 'Arial','sans-serif'; color: #212121;\">El acto de entrega se llev\u00f3 a cabo en el Centro de Desarrollo Comunitario del fraccionamiento Delta, estuvo encabezado por el Presidente Municipal Juan Manuel Estrada; Germ\u00e1n \u00c1vila \u00c1vila, delegado de la SEDRUA; los regidores Alejandro Salda\u00f1a Aguilar y Crisanto Loeza Ru\u00edz, as\u00ed como Carlos Ibarra Salcedo en representaci\u00f3n de David V\u00e1zquez y Jorge Alberto Alvarado Quiroz, director de Fomento Agropecuario.<\/span><\/p>\n<p class=\"xmsonormal\" style=\"text-align: justify; background: white; font-variant-ligatures: normal; font-variant-caps: normal; orphans: 2; widows: 2; -webkit-text-stroke-width: 0px; text-decoration-style: initial; text-decoration-color: initial; word-spacing: 0px;\"><span style=\"font-family: 'Arial','sans-serif'; color: #212121;\">A quienes recibieron las cartas indic\u00f3 que falta a\u00fan la parte de comprobaci\u00f3n de la factura del implemento a comprar y posteriormente la supervisi\u00f3n que har\u00e1 la SEDRUA sobre el buen funcionamiento de los implementos apoyados entre los que sobresalen remolques, arados, tortiller\u00eda, perforadora, molino, niveladora, subsuelos, desvaradoras y aspersoras.<\/span><\/p>\n","protected":false},"excerpt":{"rendered":"<p>Autoridades municipales entregaron esta ma\u00f1ana, 40 cartas de notificaci\u00f3n del programa Municipalizado de Implementos Agr\u00edcolas&#8230;<\/p>\n","protected":false},"author":1,"featured_media":3020,"comment_status":"open","ping_status":"open","sticky":false,"template":"","format":"standard","meta":{"jetpack_post_was_ever_published":false,"_jetpack_newsletter_access":"","_jetpack_dont_email_post_to_subs":false,"_jetpack_newsletter_tier_id":0,"_jetpack_memberships_contains_paywalled_content":false,"_jetpack_memberships_contains_paid_content":false,"footnotes":"","jetpack_publicize_message":"","jetpack_publicize_feature_enabled":true,"jetpack_social_post_already_shared":false,"jetpack_social_options":{"image_generator_settings":{"template":"highway","enabled":false},"version":2}},"categories":[1],"tags":[15,36],"class_list":["post-3023","post","type-post","status-publish","format-standard","has-post-thumbnail","hentry","category-la-piedad","tag-la-piedad","tag-principales"],"jetpack_publicize_connections":[],"jetpack_sharing_enabled":true,"featured_image_urls":{"full":["http:\/\/tvalaire.com\/wp-content\/uploads\/2017\/11\/ENTREGAN-AUTORIDADES-40-NOTIFICACIONES-DE-APOYO-A-PRODUCTORES-DEL-CAMPO.jpg",1812,1359,false],"thumbnail":["http:\/\/tvalaire.com\/wp-content\/uploads\/2017\/11\/ENTREGAN-AUTORIDADES-40-NOTIFICACIONES-DE-APOYO-A-PRODUCTORES-DEL-CAMPO-150x150.jpg",150,150,true],"medium":["http:\/\/tvalaire.com\/wp-content\/uploads\/2017\/11\/ENTREGAN-AUTORIDADES-40-NOTIFICACIONES-DE-APOYO-A-PRODUCTORES-DEL-CAMPO-300x225.jpg",300,225,true],"medium_large":["http:\/\/tvalaire.com\/wp-content\/uploads\/2017\/11\/ENTREGAN-AUTORIDADES-40-NOTIFICACIONES-DE-APOYO-A-PRODUCTORES-DEL-CAMPO-768x576.jpg",640,480,true],"large":["http:\/\/tvalaire.com\/wp-content\/uploads\/2017\/11\/ENTREGAN-AUTORIDADES-40-NOTIFICACIONES-DE-APOYO-A-PRODUCTORES-DEL-CAMPO-1024x768.jpg",640,480,true],"post-slider-thumb-size":["http:\/\/tvalaire.com\/wp-content\/uploads\/2017\/11\/ENTREGAN-AUTORIDADES-40-NOTIFICACIONES-DE-APOYO-A-PRODUCTORES-DEL-CAMPO.jpg",253,190,false],"post-category-slider-size":["http:\/\/tvalaire.com\/wp-content\/uploads\/2017\/11\/ENTREGAN-AUTORIDADES-40-NOTIFICACIONES-DE-APOYO-A-PRODUCTORES-DEL-CAMPO.jpg",330,248,false],"1536x1536":["http:\/\/tvalaire.com\/wp-content\/uploads\/2017\/11\/ENTREGAN-AUTORIDADES-40-NOTIFICACIONES-DE-APOYO-A-PRODUCTORES-DEL-CAMPO.jpg",1536,1152,false],"2048x2048":["http:\/\/tvalaire.com\/wp-content\/uploads\/2017\/11\/ENTREGAN-AUTORIDADES-40-NOTIFICACIONES-DE-APOYO-A-PRODUCTORES-DEL-CAMPO.jpg",1812,1359,false],"newsium-slider-full":["http:\/\/tvalaire.com\/wp-content\/uploads\/2017\/11\/ENTREGAN-AUTORIDADES-40-NOTIFICACIONES-DE-APOYO-A-PRODUCTORES-DEL-CAMPO.jpg",1127,845,false],"newsium-featured":["http:\/\/tvalaire.com\/wp-content\/uploads\/2017\/11\/ENTREGAN-AUTORIDADES-40-NOTIFICACIONES-DE-APOYO-A-PRODUCTORES-DEL-CAMPO.jpg",1024,768,false],"newsium-medium":["http:\/\/tvalaire.com\/wp-content\/uploads\/2017\/11\/ENTREGAN-AUTORIDADES-40-NOTIFICACIONES-DE-APOYO-A-PRODUCTORES-DEL-CAMPO.jpg",633,475,false]},"author_info":{"info":["tvalairenoti"]},"category_info":"<a href=\"http:\/\/tvalaire.com\/?cat=1\" rel=\"category\">La Piedad<\/a>","tag_info":"La Piedad","comment_count":"0","jetpack_featured_media_url":"http:\/\/tvalaire.com\/wp-content\/uploads\/2017\/11\/ENTREGAN-AUTORIDADES-40-NOTIFICACIONES-DE-APOYO-A-PRODUCTORES-DEL-CAMPO.jpg","_links":{"self":[{"href":"http:\/\/tvalaire.com\/index.php?rest_route=\/wp\/v2\/posts\/3023"}],"collection":[{"href":"http:\/\/tvalaire.com\/index.php?rest_route=\/wp\/v2\/posts"}],"about":[{"href":"http:\/\/tvalaire.com\/index.php?rest_route=\/wp\/v2\/types\/post"}],"author":[{"embeddable":true,"href":"http:\/\/tvalaire.com\/index.php?rest_route=\/wp\/v2\/users\/1"}],"replies":[{"embeddable":true,"href":"http:\/\/tvalaire.com\/index.php?rest_route=%2Fwp%2Fv2%2Fcomments&post=3023"}],"version-history":[{"count":1,"href":"http:\/\/tvalaire.com\/index.php?rest_route=\/wp\/v2\/posts\/3023\/revisions"}],"predecessor-version":[{"id":3024,"href":"http:\/\/tvalaire.com\/index.php?rest_route=\/wp\/v2\/posts\/3023\/revisions\/3024"}],"wp:featuredmedia":[{"embeddable":true,"href":"http:\/\/tvalaire.com\/index.php?rest_route=\/wp\/v2\/media\/3020"}],"wp:attachment":[{"href":"http:\/\/tvalaire.com\/index.php?rest_route=%2Fwp%2Fv2%2Fmedia&parent=3023"}],"wp:term":[{"taxonomy":"category","embeddable":true,"href":"http:\/\/tvalaire.com\/index.php?rest_route=%2Fwp%2Fv2%2Fcategories&post=3023"},{"taxonomy":"post_tag","embeddable":true,"href":"http:\/\/tvalaire.com\/index.php?rest_route=%2Fwp%2Fv2%2Ftags&post=3023"}],"curies":[{"name":"wp","href":"https:\/\/api.w.org\/{rel}","templated":true}]}}