{"id":3019,"date":"2017-11-07T09:27:23","date_gmt":"2017-11-07T15:27:23","guid":{"rendered":"http:\/\/tvalaire.com\/?p=3019"},"modified":"2017-11-07T09:27:23","modified_gmt":"2017-11-07T15:27:23","slug":"habra-caminata-matutina-por-la-salud","status":"publish","type":"post","link":"http:\/\/tvalaire.com\/?p=3019","title":{"rendered":"HABR\u00c1 CAMINATA MATUTINA POR LA SALUD"},"content":{"rendered":"<p>Este domingo 12 de noviembre se convoc\u00f3 a las personas adultas o con alguna discapacidad, as\u00ed como a los alumnos del Centro de Atenci\u00f3n M\u00faltiple de Educaci\u00f3n Especial (CAM) de Los Ayala a la caminata matutina por la salud.<\/p>\n<p>El punto de reuni\u00f3n ser\u00e1 el domingo a partir de las 08:30 horas en el Centro Hist\u00f3rico de la ciudad, para la realizaci\u00f3n de la actividad de calentamiento para salir con rumbo a la Unidad Deportiva Bicentenario.<\/p>\n<p>El recorrido ser\u00e1 por la avenida Hidalgo para incorporarse al bulevar \u201cAdolfo L\u00f3pez Mateos\u201d hasta la Unidad Bicentenario y de regreso por el mismo lugar.<\/p>\n<p>Se estima que son entre 5 y 6 kil\u00f3metros los que se recorrer\u00e1 durante este trayecto, en el que se prev\u00e9 contar con la presencia de adultos mayores acompa\u00f1ados de sus familias y los estudiantes del CAM de Los Ayala.<\/p>\n<p>La organizaci\u00f3n de esta caminata por la salud es del Gobierno Municipal a trav\u00e9s de la direcci\u00f3n de Deportes, quienes hicieron un llamado a todas las personas interesados a sumarse a esta actividad en la que se prev\u00e9 contar con la participaci\u00f3n de entre 200 y 250 personas.<\/p>\n<p>&nbsp;<\/p>\n","protected":false},"excerpt":{"rendered":"<p>Este domingo 12 de noviembre se convoc\u00f3 a las personas adultas o con alguna discapacidad,&#8230;<\/p>\n","protected":false},"author":1,"featured_media":3021,"comment_status":"open","ping_status":"open","sticky":false,"template":"","format":"standard","meta":{"jetpack_post_was_ever_published":false,"_jetpack_newsletter_access":"","_jetpack_dont_email_post_to_subs":false,"_jetpack_newsletter_tier_id":0,"_jetpack_memberships_contains_paywalled_content":false,"_jetpack_memberships_contains_paid_content":false,"footnotes":"","jetpack_publicize_message":"","jetpack_publicize_feature_enabled":true,"jetpack_social_post_already_shared":false,"jetpack_social_options":{"image_generator_settings":{"template":"highway","enabled":false},"version":2}},"categories":[1],"tags":[15,36],"class_list":["post-3019","post","type-post","status-publish","format-standard","has-post-thumbnail","hentry","category-la-piedad","tag-la-piedad","tag-principales"],"jetpack_publicize_connections":[],"jetpack_sharing_enabled":true,"featured_image_urls":{"full":["http:\/\/tvalaire.com\/wp-content\/uploads\/2017\/11\/HABR\u00c1-CAMINATA-MATUTINA-POR-LA-SALUD.jpg",1024,683,false],"thumbnail":["http:\/\/tvalaire.com\/wp-content\/uploads\/2017\/11\/HABR\u00c1-CAMINATA-MATUTINA-POR-LA-SALUD-150x150.jpg",150,150,true],"medium":["http:\/\/tvalaire.com\/wp-content\/uploads\/2017\/11\/HABR\u00c1-CAMINATA-MATUTINA-POR-LA-SALUD-300x200.jpg",300,200,true],"medium_large":["http:\/\/tvalaire.com\/wp-content\/uploads\/2017\/11\/HABR\u00c1-CAMINATA-MATUTINA-POR-LA-SALUD-768x512.jpg",640,427,true],"large":["http:\/\/tvalaire.com\/wp-content\/uploads\/2017\/11\/HABR\u00c1-CAMINATA-MATUTINA-POR-LA-SALUD-1024x683.jpg",640,427,true],"post-slider-thumb-size":["http:\/\/tvalaire.com\/wp-content\/uploads\/2017\/11\/HABR\u00c1-CAMINATA-MATUTINA-POR-LA-SALUD.jpg",285,190,false],"post-category-slider-size":["http:\/\/tvalaire.com\/wp-content\/uploads\/2017\/11\/HABR\u00c1-CAMINATA-MATUTINA-POR-LA-SALUD.jpg",330,220,false],"1536x1536":["http:\/\/tvalaire.com\/wp-content\/uploads\/2017\/11\/HABR\u00c1-CAMINATA-MATUTINA-POR-LA-SALUD.jpg",1024,683,false],"2048x2048":["http:\/\/tvalaire.com\/wp-content\/uploads\/2017\/11\/HABR\u00c1-CAMINATA-MATUTINA-POR-LA-SALUD.jpg",1024,683,false],"newsium-slider-full":["http:\/\/tvalaire.com\/wp-content\/uploads\/2017\/11\/HABR\u00c1-CAMINATA-MATUTINA-POR-LA-SALUD.jpg",1024,683,false],"newsium-featured":["http:\/\/tvalaire.com\/wp-content\/uploads\/2017\/11\/HABR\u00c1-CAMINATA-MATUTINA-POR-LA-SALUD.jpg",1024,683,false],"newsium-medium":["http:\/\/tvalaire.com\/wp-content\/uploads\/2017\/11\/HABR\u00c1-CAMINATA-MATUTINA-POR-LA-SALUD.jpg",712,475,false]},"author_info":{"info":["tvalairenoti"]},"category_info":"<a href=\"http:\/\/tvalaire.com\/?cat=1\" rel=\"category\">La Piedad<\/a>","tag_info":"La Piedad","comment_count":"0","jetpack_featured_media_url":"http:\/\/tvalaire.com\/wp-content\/uploads\/2017\/11\/HABR\u00c1-CAMINATA-MATUTINA-POR-LA-SALUD.jpg","_links":{"self":[{"href":"http:\/\/tvalaire.com\/index.php?rest_route=\/wp\/v2\/posts\/3019"}],"collection":[{"href":"http:\/\/tvalaire.com\/index.php?rest_route=\/wp\/v2\/posts"}],"about":[{"href":"http:\/\/tvalaire.com\/index.php?rest_route=\/wp\/v2\/types\/post"}],"author":[{"embeddable":true,"href":"http:\/\/tvalaire.com\/index.php?rest_route=\/wp\/v2\/users\/1"}],"replies":[{"embeddable":true,"href":"http:\/\/tvalaire.com\/index.php?rest_route=%2Fwp%2Fv2%2Fcomments&post=3019"}],"version-history":[{"count":1,"href":"http:\/\/tvalaire.com\/index.php?rest_route=\/wp\/v2\/posts\/3019\/revisions"}],"predecessor-version":[{"id":3022,"href":"http:\/\/tvalaire.com\/index.php?rest_route=\/wp\/v2\/posts\/3019\/revisions\/3022"}],"wp:featuredmedia":[{"embeddable":true,"href":"http:\/\/tvalaire.com\/index.php?rest_route=\/wp\/v2\/media\/3021"}],"wp:attachment":[{"href":"http:\/\/tvalaire.com\/index.php?rest_route=%2Fwp%2Fv2%2Fmedia&parent=3019"}],"wp:term":[{"taxonomy":"category","embeddable":true,"href":"http:\/\/tvalaire.com\/index.php?rest_route=%2Fwp%2Fv2%2Fcategories&post=3019"},{"taxonomy":"post_tag","embeddable":true,"href":"http:\/\/tvalaire.com\/index.php?rest_route=%2Fwp%2Fv2%2Ftags&post=3019"}],"curies":[{"name":"wp","href":"https:\/\/api.w.org\/{rel}","templated":true}]}}