{"id":3010,"date":"2017-11-06T09:14:52","date_gmt":"2017-11-06T15:14:52","guid":{"rendered":"http:\/\/tvalaire.com\/?p=3010"},"modified":"2017-11-06T09:15:03","modified_gmt":"2017-11-06T15:15:03","slug":"sebastian-marroquin-trae-a-jovenes-piedadenses-un-mensaje-de-paz","status":"publish","type":"post","link":"http:\/\/tvalaire.com\/?p=3010","title":{"rendered":"SEBASTI\u00c1N MARROQU\u00cdN TRAE A J\u00d3VENES PIEDADENSES UN MENSAJE DE PAZ"},"content":{"rendered":"<p>\u201cYo pude haberme convertido en Pablo Escobar versi\u00f3n 2.0, pero no lo hice por las consecuencias tan nefastas y el mundo tan violento que vivimos; prefer\u00ed la reconciliaci\u00f3n y buscar el perd\u00f3n de aquellos a quienes mi padre da\u00f1\u00f3 profundamente\u201d, as\u00ed se expres\u00f3 hoy el hijo del legendario narcotraficante m\u00e1s famoso de la historia del siglo pasado quien ofreci\u00f3 una conferencia a m\u00e1s de 3 mil\u00a0 j\u00f3venes en UNIVA.<\/p>\n<p>Sebasti\u00e1n Marroqu\u00edn, hijo de Pablo Escobar Gaviria reconocido narcotraficante y pol\u00edtico colombiano, fundador y m\u00e1ximo l\u00edder del Cartel de Medell\u00edn, dict\u00f3 la conferencia \u201cUna historia para no repetir\u201d en la que dej\u00f3 un mensaje de paz y una gran reflexi\u00f3n a todos los estudiantes, maestros y p\u00fablico en general que asisti\u00f3 a su ponencia con la cual se cerraron las actividades que organiz\u00f3 el Gobierno Municipal con apoyo del FORTASEG para el empoderamiento de mujeres ante la declaratoria de Alerta de G\u00e9nero que tiene La Piedad.<\/p>\n<p>El objetivo del mensaje que ofreci\u00f3 a los j\u00f3venes, fue el crear conciencia sobre el camino que habr\u00e1n de seguir, ya que ese marcar\u00e1 su vida para siempre.<\/p>\n<p>Sebasti\u00e1n Marroqu\u00edn indic\u00f3 que \u00e9l es un claro ejemplo de las malas decisiones de su padre, quien sin medir las consecuencias se incluy\u00f3 en un mundo que los llev\u00f3 a vivir separados o escondi\u00e9ndose, a pasar incluso hambre cuando su pap\u00e1 era perseguido en Colombia, a tener que cambiar su identidad por la discriminaci\u00f3n que vivieron en su pa\u00eds y porque ninguna aerol\u00ednea les quer\u00eda vender un boleto de avi\u00f3n e incluso, a exiliarse en otra naci\u00f3n por la persecuci\u00f3n que vivieron.<\/p>\n<p>Aclar\u00f3 que su presencia en esta ciudad, no era para cuestionar, ni para glorificar las actividades criminales de su padre, sino por para contar la verdadera historia de lo que vivi\u00f3 junto con su familia en la era de su padre, quien fuera de todo lo que fue, los educ\u00f3 con amor y bajo la cultura de honrar\u00e1s a tu padre y a tu madre.<\/p>\n<p>Desafortunadamente indic\u00f3 que su padre nunca tom\u00f3 conciencia de las consecuencias que el narcotr\u00e1fico le traer\u00eda, quiz\u00e1 por eso dijo, nunca le aconsej\u00f3 que se uniera a sus filas, le pidi\u00f3 que estudiara pues \u00e9l ah\u00ed tendr\u00eda el futuro.<\/p>\n<p>A los j\u00f3venes pidi\u00f3 meditar cuando alguien les proponga algo ilegal; \u201cpi\u00e9nsenlo tres veces antes de hacerlo y sobre todo, piensen en las consecuencias que puede tener. Mi padre me dijo un d\u00eda cuando hablamos de drogas que valiente es aquel que no las prueba. Estudien porque la educaci\u00f3n es lo que a m\u00ed me ayud\u00f3 a estar alejando de todo eso\u201d.<\/p>\n<p>En la conferencia estuvieron presentes el Presidente Municipal, algunos directores y regidores del Ayuntamiento, as\u00ed como alumnos de las preparatorias y universidades de la localidad.<\/p>\n<p>&nbsp;<\/p>\n","protected":false},"excerpt":{"rendered":"<p>\u201cYo pude haberme convertido en Pablo Escobar versi\u00f3n 2.0, pero no lo hice por las&#8230;<\/p>\n","protected":false},"author":1,"featured_media":3008,"comment_status":"open","ping_status":"open","sticky":false,"template":"","format":"standard","meta":{"jetpack_post_was_ever_published":false,"_jetpack_newsletter_access":"","_jetpack_dont_email_post_to_subs":false,"_jetpack_newsletter_tier_id":0,"_jetpack_memberships_contains_paywalled_content":false,"_jetpack_memberships_contains_paid_content":false,"footnotes":"","jetpack_publicize_message":"","jetpack_publicize_feature_enabled":true,"jetpack_social_post_already_shared":false,"jetpack_social_options":{"image_generator_settings":{"template":"highway","enabled":false},"version":2}},"categories":[1],"tags":[15,36],"class_list":["post-3010","post","type-post","status-publish","format-standard","has-post-thumbnail","hentry","category-la-piedad","tag-la-piedad","tag-principales"],"jetpack_publicize_connections":[],"jetpack_sharing_enabled":true,"featured_image_urls":{"full":["http:\/\/tvalaire.com\/wp-content\/uploads\/2017\/11\/SEBASTI\u00c1N-MARROQU\u00cdN-TRAE-A-J\u00d3VENES-PIEDADENSES-UN-MENSAJE-DE-PAZ.jpg",1024,684,false],"thumbnail":["http:\/\/tvalaire.com\/wp-content\/uploads\/2017\/11\/SEBASTI\u00c1N-MARROQU\u00cdN-TRAE-A-J\u00d3VENES-PIEDADENSES-UN-MENSAJE-DE-PAZ-150x150.jpg",150,150,true],"medium":["http:\/\/tvalaire.com\/wp-content\/uploads\/2017\/11\/SEBASTI\u00c1N-MARROQU\u00cdN-TRAE-A-J\u00d3VENES-PIEDADENSES-UN-MENSAJE-DE-PAZ-300x200.jpg",300,200,true],"medium_large":["http:\/\/tvalaire.com\/wp-content\/uploads\/2017\/11\/SEBASTI\u00c1N-MARROQU\u00cdN-TRAE-A-J\u00d3VENES-PIEDADENSES-UN-MENSAJE-DE-PAZ-768x513.jpg",640,428,true],"large":["http:\/\/tvalaire.com\/wp-content\/uploads\/2017\/11\/SEBASTI\u00c1N-MARROQU\u00cdN-TRAE-A-J\u00d3VENES-PIEDADENSES-UN-MENSAJE-DE-PAZ-1024x684.jpg",640,428,true],"post-slider-thumb-size":["http:\/\/tvalaire.com\/wp-content\/uploads\/2017\/11\/SEBASTI\u00c1N-MARROQU\u00cdN-TRAE-A-J\u00d3VENES-PIEDADENSES-UN-MENSAJE-DE-PAZ.jpg",284,190,false],"post-category-slider-size":["http:\/\/tvalaire.com\/wp-content\/uploads\/2017\/11\/SEBASTI\u00c1N-MARROQU\u00cdN-TRAE-A-J\u00d3VENES-PIEDADENSES-UN-MENSAJE-DE-PAZ.jpg",330,220,false],"1536x1536":["http:\/\/tvalaire.com\/wp-content\/uploads\/2017\/11\/SEBASTI\u00c1N-MARROQU\u00cdN-TRAE-A-J\u00d3VENES-PIEDADENSES-UN-MENSAJE-DE-PAZ.jpg",1024,684,false],"2048x2048":["http:\/\/tvalaire.com\/wp-content\/uploads\/2017\/11\/SEBASTI\u00c1N-MARROQU\u00cdN-TRAE-A-J\u00d3VENES-PIEDADENSES-UN-MENSAJE-DE-PAZ.jpg",1024,684,false],"newsium-slider-full":["http:\/\/tvalaire.com\/wp-content\/uploads\/2017\/11\/SEBASTI\u00c1N-MARROQU\u00cdN-TRAE-A-J\u00d3VENES-PIEDADENSES-UN-MENSAJE-DE-PAZ.jpg",1024,684,false],"newsium-featured":["http:\/\/tvalaire.com\/wp-content\/uploads\/2017\/11\/SEBASTI\u00c1N-MARROQU\u00cdN-TRAE-A-J\u00d3VENES-PIEDADENSES-UN-MENSAJE-DE-PAZ.jpg",1024,684,false],"newsium-medium":["http:\/\/tvalaire.com\/wp-content\/uploads\/2017\/11\/SEBASTI\u00c1N-MARROQU\u00cdN-TRAE-A-J\u00d3VENES-PIEDADENSES-UN-MENSAJE-DE-PAZ.jpg",711,475,false]},"author_info":{"info":["tvalairenoti"]},"category_info":"<a href=\"http:\/\/tvalaire.com\/?cat=1\" rel=\"category\">La Piedad<\/a>","tag_info":"La Piedad","comment_count":"0","jetpack_featured_media_url":"http:\/\/tvalaire.com\/wp-content\/uploads\/2017\/11\/SEBASTI\u00c1N-MARROQU\u00cdN-TRAE-A-J\u00d3VENES-PIEDADENSES-UN-MENSAJE-DE-PAZ.jpg","_links":{"self":[{"href":"http:\/\/tvalaire.com\/index.php?rest_route=\/wp\/v2\/posts\/3010"}],"collection":[{"href":"http:\/\/tvalaire.com\/index.php?rest_route=\/wp\/v2\/posts"}],"about":[{"href":"http:\/\/tvalaire.com\/index.php?rest_route=\/wp\/v2\/types\/post"}],"author":[{"embeddable":true,"href":"http:\/\/tvalaire.com\/index.php?rest_route=\/wp\/v2\/users\/1"}],"replies":[{"embeddable":true,"href":"http:\/\/tvalaire.com\/index.php?rest_route=%2Fwp%2Fv2%2Fcomments&post=3010"}],"version-history":[{"count":1,"href":"http:\/\/tvalaire.com\/index.php?rest_route=\/wp\/v2\/posts\/3010\/revisions"}],"predecessor-version":[{"id":3011,"href":"http:\/\/tvalaire.com\/index.php?rest_route=\/wp\/v2\/posts\/3010\/revisions\/3011"}],"wp:featuredmedia":[{"embeddable":true,"href":"http:\/\/tvalaire.com\/index.php?rest_route=\/wp\/v2\/media\/3008"}],"wp:attachment":[{"href":"http:\/\/tvalaire.com\/index.php?rest_route=%2Fwp%2Fv2%2Fmedia&parent=3010"}],"wp:term":[{"taxonomy":"category","embeddable":true,"href":"http:\/\/tvalaire.com\/index.php?rest_route=%2Fwp%2Fv2%2Fcategories&post=3010"},{"taxonomy":"post_tag","embeddable":true,"href":"http:\/\/tvalaire.com\/index.php?rest_route=%2Fwp%2Fv2%2Ftags&post=3010"}],"curies":[{"name":"wp","href":"https:\/\/api.w.org\/{rel}","templated":true}]}}