{"id":2994,"date":"2017-11-03T10:15:45","date_gmt":"2017-11-03T16:15:45","guid":{"rendered":"http:\/\/tvalaire.com\/?p=2994"},"modified":"2017-11-03T10:15:45","modified_gmt":"2017-11-03T16:15:45","slug":"festividades-del-dia-de-muertos-en-puruandiro","status":"publish","type":"post","link":"http:\/\/tvalaire.com\/?p=2994","title":{"rendered":"FESTIVIDADES DEL D\u00cdA DE MUERTOS EN PURU\u00c1NDIRO"},"content":{"rendered":"<p>En el Marco del D\u00eda de Muertos el Gobierno Municipal que encabeza V\u00edctor V\u00e1zquez inici\u00f3 las actividades conmemorativas en la plaza principal a la cual acudieron centenares de Puruandirenses.<\/p>\n<p>El coraz\u00f3n de la ciudad resplandeci\u00f3 con los colores emblem\u00e1ticos de las tradiciones mexicanas, as\u00ed como adornos representativos de la muerte, como es una catrina que adorna el kiosco de la plaza principal acompa\u00f1ada de un altar, un cr\u00e1neo que adorna la calle peatonal Morelos, entre otros.<br \/>\nLas festividades dieron comienzo con la participaci\u00f3n de la orquesta \u201cFlor del Campo y los bailables de los Viejitos Alegres de Jaracuaro del Municipio de Erongar\u00edcuaro Michoac\u00e1n.<\/p>\n<p>Posteriormente sigui\u00f3 la procesi\u00f3n de almas y noche de leyendas de Puru\u00e1ndiro relatadas por el Colectivo Art\u00edstico de Puru\u00e1ndiro en el jard\u00edn y plaza \u201cL\u00e1zaro C\u00e1rdenas\u201d siendo ocho estaciones por las que pasaron y escucharon las personas que asistieron.<\/p>\n<p>&nbsp;<\/p>\n<p><img loading=\"lazy\" decoding=\"async\" class=\"alignnone size-medium wp-image-2998\" src=\"http:\/\/tvalaire.com\/wp-content\/uploads\/2017\/11\/INICIAN-LAS-FESTIVIDADES-DEL-D\u00cdA-DE-MUERTOS-EN-PURU\u00c1NDIRO-4-300x199.jpg\" alt=\"\" width=\"300\" height=\"199\" srcset=\"http:\/\/tvalaire.com\/wp-content\/uploads\/2017\/11\/INICIAN-LAS-FESTIVIDADES-DEL-D\u00cdA-DE-MUERTOS-EN-PURU\u00c1NDIRO-4-300x199.jpg 300w, http:\/\/tvalaire.com\/wp-content\/uploads\/2017\/11\/INICIAN-LAS-FESTIVIDADES-DEL-D\u00cdA-DE-MUERTOS-EN-PURU\u00c1NDIRO-4-768x509.jpg 768w, http:\/\/tvalaire.com\/wp-content\/uploads\/2017\/11\/INICIAN-LAS-FESTIVIDADES-DEL-D\u00cdA-DE-MUERTOS-EN-PURU\u00c1NDIRO-4-1024x678.jpg 1024w\" sizes=\"(max-width: 300px) 100vw, 300px\" \/><\/p>\n<p><img loading=\"lazy\" decoding=\"async\" class=\"alignnone size-medium wp-image-2997\" src=\"http:\/\/tvalaire.com\/wp-content\/uploads\/2017\/11\/INICIAN-LAS-FESTIVIDADES-DEL-D\u00cdA-DE-MUERTOS-EN-PURU\u00c1NDIRO-3-300x199.jpg\" alt=\"\" width=\"300\" height=\"199\" srcset=\"http:\/\/tvalaire.com\/wp-content\/uploads\/2017\/11\/INICIAN-LAS-FESTIVIDADES-DEL-D\u00cdA-DE-MUERTOS-EN-PURU\u00c1NDIRO-3-300x199.jpg 300w, http:\/\/tvalaire.com\/wp-content\/uploads\/2017\/11\/INICIAN-LAS-FESTIVIDADES-DEL-D\u00cdA-DE-MUERTOS-EN-PURU\u00c1NDIRO-3-768x509.jpg 768w, http:\/\/tvalaire.com\/wp-content\/uploads\/2017\/11\/INICIAN-LAS-FESTIVIDADES-DEL-D\u00cdA-DE-MUERTOS-EN-PURU\u00c1NDIRO-3-1024x678.jpg 1024w\" sizes=\"(max-width: 300px) 100vw, 300px\" \/><\/p>\n<p><img loading=\"lazy\" decoding=\"async\" class=\"alignnone size-medium wp-image-2995\" src=\"http:\/\/tvalaire.com\/wp-content\/uploads\/2017\/11\/INICIAN-LAS-FESTIVIDADES-DEL-D\u00cdA-DE-MUERTOS-EN-PURU\u00c1NDIRO-1-300x199.jpg\" alt=\"\" width=\"300\" height=\"199\" srcset=\"http:\/\/tvalaire.com\/wp-content\/uploads\/2017\/11\/INICIAN-LAS-FESTIVIDADES-DEL-D\u00cdA-DE-MUERTOS-EN-PURU\u00c1NDIRO-1-300x199.jpg 300w, http:\/\/tvalaire.com\/wp-content\/uploads\/2017\/11\/INICIAN-LAS-FESTIVIDADES-DEL-D\u00cdA-DE-MUERTOS-EN-PURU\u00c1NDIRO-1-768x509.jpg 768w, http:\/\/tvalaire.com\/wp-content\/uploads\/2017\/11\/INICIAN-LAS-FESTIVIDADES-DEL-D\u00cdA-DE-MUERTOS-EN-PURU\u00c1NDIRO-1-1024x678.jpg 1024w\" sizes=\"(max-width: 300px) 100vw, 300px\" \/><\/p>\n","protected":false},"excerpt":{"rendered":"<p>En el Marco del D\u00eda de Muertos el Gobierno Municipal que encabeza V\u00edctor V\u00e1zquez inici\u00f3&#8230;<\/p>\n","protected":false},"author":1,"featured_media":2996,"comment_status":"open","ping_status":"open","sticky":false,"template":"","format":"standard","meta":{"jetpack_post_was_ever_published":false,"_jetpack_newsletter_access":"","_jetpack_dont_email_post_to_subs":false,"_jetpack_newsletter_tier_id":0,"_jetpack_memberships_contains_paywalled_content":false,"_jetpack_memberships_contains_paid_content":false,"footnotes":"","jetpack_publicize_message":"","jetpack_publicize_feature_enabled":true,"jetpack_social_post_already_shared":false,"jetpack_social_options":{"image_generator_settings":{"template":"highway","enabled":false},"version":2}},"categories":[4],"tags":[36,24],"class_list":["post-2994","post","type-post","status-publish","format-standard","has-post-thumbnail","hentry","category-puruandiro","tag-principales","tag-puruandiro"],"jetpack_publicize_connections":[],"jetpack_sharing_enabled":true,"featured_image_urls":{"full":["http:\/\/tvalaire.com\/wp-content\/uploads\/2017\/11\/INICIAN-LAS-FESTIVIDADES-DEL-D\u00cdA-DE-MUERTOS-EN-PURU\u00c1NDIRO-2.jpg",3264,4928,false],"thumbnail":["http:\/\/tvalaire.com\/wp-content\/uploads\/2017\/11\/INICIAN-LAS-FESTIVIDADES-DEL-D\u00cdA-DE-MUERTOS-EN-PURU\u00c1NDIRO-2-150x150.jpg",150,150,true],"medium":["http:\/\/tvalaire.com\/wp-content\/uploads\/2017\/11\/INICIAN-LAS-FESTIVIDADES-DEL-D\u00cdA-DE-MUERTOS-EN-PURU\u00c1NDIRO-2-199x300.jpg",199,300,true],"medium_large":["http:\/\/tvalaire.com\/wp-content\/uploads\/2017\/11\/INICIAN-LAS-FESTIVIDADES-DEL-D\u00cdA-DE-MUERTOS-EN-PURU\u00c1NDIRO-2-768x1160.jpg",640,967,true],"large":["http:\/\/tvalaire.com\/wp-content\/uploads\/2017\/11\/INICIAN-LAS-FESTIVIDADES-DEL-D\u00cdA-DE-MUERTOS-EN-PURU\u00c1NDIRO-2-678x1024.jpg",640,967,true],"post-slider-thumb-size":["http:\/\/tvalaire.com\/wp-content\/uploads\/2017\/11\/INICIAN-LAS-FESTIVIDADES-DEL-D\u00cdA-DE-MUERTOS-EN-PURU\u00c1NDIRO-2.jpg",126,190,false],"post-category-slider-size":["http:\/\/tvalaire.com\/wp-content\/uploads\/2017\/11\/INICIAN-LAS-FESTIVIDADES-DEL-D\u00cdA-DE-MUERTOS-EN-PURU\u00c1NDIRO-2.jpg",232,350,false],"1536x1536":["http:\/\/tvalaire.com\/wp-content\/uploads\/2017\/11\/INICIAN-LAS-FESTIVIDADES-DEL-D\u00cdA-DE-MUERTOS-EN-PURU\u00c1NDIRO-2.jpg",1017,1536,false],"2048x2048":["http:\/\/tvalaire.com\/wp-content\/uploads\/2017\/11\/INICIAN-LAS-FESTIVIDADES-DEL-D\u00cdA-DE-MUERTOS-EN-PURU\u00c1NDIRO-2.jpg",1356,2048,false],"newsium-slider-full":["http:\/\/tvalaire.com\/wp-content\/uploads\/2017\/11\/INICIAN-LAS-FESTIVIDADES-DEL-D\u00cdA-DE-MUERTOS-EN-PURU\u00c1NDIRO-2.jpg",560,845,false],"newsium-featured":["http:\/\/tvalaire.com\/wp-content\/uploads\/2017\/11\/INICIAN-LAS-FESTIVIDADES-DEL-D\u00cdA-DE-MUERTOS-EN-PURU\u00c1NDIRO-2.jpg",1024,1546,false],"newsium-medium":["http:\/\/tvalaire.com\/wp-content\/uploads\/2017\/11\/INICIAN-LAS-FESTIVIDADES-DEL-D\u00cdA-DE-MUERTOS-EN-PURU\u00c1NDIRO-2.jpg",315,475,false]},"author_info":{"info":["tvalairenoti"]},"category_info":"<a href=\"http:\/\/tvalaire.com\/?cat=4\" rel=\"category\">Puru\u00e1ndiro<\/a>","tag_info":"Puru\u00e1ndiro","comment_count":"0","jetpack_featured_media_url":"http:\/\/tvalaire.com\/wp-content\/uploads\/2017\/11\/INICIAN-LAS-FESTIVIDADES-DEL-D\u00cdA-DE-MUERTOS-EN-PURU\u00c1NDIRO-2.jpg","_links":{"self":[{"href":"http:\/\/tvalaire.com\/index.php?rest_route=\/wp\/v2\/posts\/2994"}],"collection":[{"href":"http:\/\/tvalaire.com\/index.php?rest_route=\/wp\/v2\/posts"}],"about":[{"href":"http:\/\/tvalaire.com\/index.php?rest_route=\/wp\/v2\/types\/post"}],"author":[{"embeddable":true,"href":"http:\/\/tvalaire.com\/index.php?rest_route=\/wp\/v2\/users\/1"}],"replies":[{"embeddable":true,"href":"http:\/\/tvalaire.com\/index.php?rest_route=%2Fwp%2Fv2%2Fcomments&post=2994"}],"version-history":[{"count":1,"href":"http:\/\/tvalaire.com\/index.php?rest_route=\/wp\/v2\/posts\/2994\/revisions"}],"predecessor-version":[{"id":2999,"href":"http:\/\/tvalaire.com\/index.php?rest_route=\/wp\/v2\/posts\/2994\/revisions\/2999"}],"wp:featuredmedia":[{"embeddable":true,"href":"http:\/\/tvalaire.com\/index.php?rest_route=\/wp\/v2\/media\/2996"}],"wp:attachment":[{"href":"http:\/\/tvalaire.com\/index.php?rest_route=%2Fwp%2Fv2%2Fmedia&parent=2994"}],"wp:term":[{"taxonomy":"category","embeddable":true,"href":"http:\/\/tvalaire.com\/index.php?rest_route=%2Fwp%2Fv2%2Fcategories&post=2994"},{"taxonomy":"post_tag","embeddable":true,"href":"http:\/\/tvalaire.com\/index.php?rest_route=%2Fwp%2Fv2%2Ftags&post=2994"}],"curies":[{"name":"wp","href":"https:\/\/api.w.org\/{rel}","templated":true}]}}