{"id":2992,"date":"2017-11-03T10:13:15","date_gmt":"2017-11-03T16:13:15","guid":{"rendered":"http:\/\/tvalaire.com\/?p=2992"},"modified":"2017-11-03T10:13:15","modified_gmt":"2017-11-03T16:13:15","slug":"lanza-gobierno-municipal-convocatoria-para-otorgar-el-premio-al-deportista-del-ano","status":"publish","type":"post","link":"http:\/\/tvalaire.com\/?p=2992","title":{"rendered":"LANZA GOBIERNO MUNICIPAL CONVOCATORIA PARA OTORGAR EL PREMIO AL DEPORTISTA DEL A\u00d1O"},"content":{"rendered":"<p>La direcci\u00f3n de Deportes tiene abierta la convocatoria para otorgar el\u00a0 premio al deporte que por primera vez, se dividir\u00e1 en cuatro aspectos que son: Deportista del a\u00f1o; M\u00e9rito deportivo por trayectoria; Labor altruista en el deporte y Reconocimiento a la inclusi\u00f3n deportiva.<\/p>\n<p>Las bases de la convocatoria fueron dadas a conocer por el director de esta dependencia, Jos\u00e9 Ram\u00f3n Maya Ibarra en una rueda de prensa.<\/p>\n<p>En ella, se explic\u00f3 que el deportista del a\u00f1o se otorgar\u00e1 para aquella persona que pueda comprobar el mayor n\u00famero de logros y premios que el nominado haya tenido a partir del 16 de noviembre del 2016 al 13 de noviembre de este a\u00f1o, para lo cual evaluar\u00e1n la cantidad de logros, calidad y trascendencia de los mismos.<\/p>\n<p>En el caso del m\u00e9rito deportivo por trayectoria ser\u00e1 para quien tenga un determinado tiempo en alguna actividad deportiva, llevando una consistencia, en la que se vean reflejados los logros para el deporte municipal. Aqu\u00ed podr\u00e1n entrar los entrenadores, maestros o deportistas en general.<\/p>\n<p>El premio a la labor altruista en el deporte, consiste en reconocer a la persona que ha entregado tiempo y esfuerzo de manera gratuita y altruista, logrando un impacto en cientos de ni\u00f1os o j\u00f3venes.<\/p>\n<p>Tambi\u00e9n se otorgar\u00e1 el m\u00e9rito a la inclusi\u00f3n en donde se reconocer\u00e1 a aquellos deportistas con alguna discapacidad que practiquen alg\u00fan deporte o actividad f\u00edsica.<\/p>\n<p>Las propuestas deber\u00e1n ser presentadas por la sociedad, especificando la categor\u00eda por la cual participe y se har\u00e1 llegar a la direcci\u00f3n de Deportes ubicada en la Unidad Deportiva \u201cLic. Humberto Romero P\u00e9rez\u201d ubicada en la calle Estadio S\/N en horario de las 09:00 a las 19:00 horas a partir de la presentaci\u00f3n de esta convocatoria y hasta el lunes 13 de noviembre a las 16:00 horas.<\/p>\n<p>El jurado calificador estar\u00e1 integrado por el Presidente Municipal, S\u00edndico, Secretario; regidores de la comisi\u00f3n de Deporte; Consejo Municipal del Deporte; director y Subdirector de Deportes, as\u00ed como periodistas locales que cubren esta \u00e1rea.<\/p>\n<p>El premio a los ganadores de cada una de las ramas consistir\u00e1 en un est\u00edmulo econ\u00f3mico, as\u00ed como un kit deportivo y se otorgar\u00e1 el 18 de noviembre en un acto p\u00fablico.<\/p>\n<p>&nbsp;<\/p>\n","protected":false},"excerpt":{"rendered":"<p>La direcci\u00f3n de Deportes tiene abierta la convocatoria para otorgar el\u00a0 premio al deporte que&#8230;<\/p>\n","protected":false},"author":1,"featured_media":2990,"comment_status":"open","ping_status":"open","sticky":false,"template":"","format":"standard","meta":{"jetpack_post_was_ever_published":false,"_jetpack_newsletter_access":"","_jetpack_dont_email_post_to_subs":false,"_jetpack_newsletter_tier_id":0,"_jetpack_memberships_contains_paywalled_content":false,"_jetpack_memberships_contains_paid_content":false,"footnotes":"","jetpack_publicize_message":"","jetpack_publicize_feature_enabled":true,"jetpack_social_post_already_shared":false,"jetpack_social_options":{"image_generator_settings":{"template":"highway","enabled":false},"version":2}},"categories":[1],"tags":[15,36],"class_list":["post-2992","post","type-post","status-publish","format-standard","has-post-thumbnail","hentry","category-la-piedad","tag-la-piedad","tag-principales"],"jetpack_publicize_connections":[],"jetpack_sharing_enabled":true,"featured_image_urls":{"full":["http:\/\/tvalaire.com\/wp-content\/uploads\/2017\/11\/LANZA-GOBIERNO-MUNICIPAL-CONVOCATORIA-PARA-OTORGAR-EL-PREMIO-AL-DEPORTISTA-DEL-A\u00d1O.jpg",1024,683,false],"thumbnail":["http:\/\/tvalaire.com\/wp-content\/uploads\/2017\/11\/LANZA-GOBIERNO-MUNICIPAL-CONVOCATORIA-PARA-OTORGAR-EL-PREMIO-AL-DEPORTISTA-DEL-A\u00d1O-150x150.jpg",150,150,true],"medium":["http:\/\/tvalaire.com\/wp-content\/uploads\/2017\/11\/LANZA-GOBIERNO-MUNICIPAL-CONVOCATORIA-PARA-OTORGAR-EL-PREMIO-AL-DEPORTISTA-DEL-A\u00d1O-300x200.jpg",300,200,true],"medium_large":["http:\/\/tvalaire.com\/wp-content\/uploads\/2017\/11\/LANZA-GOBIERNO-MUNICIPAL-CONVOCATORIA-PARA-OTORGAR-EL-PREMIO-AL-DEPORTISTA-DEL-A\u00d1O-768x512.jpg",640,427,true],"large":["http:\/\/tvalaire.com\/wp-content\/uploads\/2017\/11\/LANZA-GOBIERNO-MUNICIPAL-CONVOCATORIA-PARA-OTORGAR-EL-PREMIO-AL-DEPORTISTA-DEL-A\u00d1O-1024x683.jpg",640,427,true],"post-slider-thumb-size":["http:\/\/tvalaire.com\/wp-content\/uploads\/2017\/11\/LANZA-GOBIERNO-MUNICIPAL-CONVOCATORIA-PARA-OTORGAR-EL-PREMIO-AL-DEPORTISTA-DEL-A\u00d1O.jpg",285,190,false],"post-category-slider-size":["http:\/\/tvalaire.com\/wp-content\/uploads\/2017\/11\/LANZA-GOBIERNO-MUNICIPAL-CONVOCATORIA-PARA-OTORGAR-EL-PREMIO-AL-DEPORTISTA-DEL-A\u00d1O.jpg",330,220,false],"1536x1536":["http:\/\/tvalaire.com\/wp-content\/uploads\/2017\/11\/LANZA-GOBIERNO-MUNICIPAL-CONVOCATORIA-PARA-OTORGAR-EL-PREMIO-AL-DEPORTISTA-DEL-A\u00d1O.jpg",1024,683,false],"2048x2048":["http:\/\/tvalaire.com\/wp-content\/uploads\/2017\/11\/LANZA-GOBIERNO-MUNICIPAL-CONVOCATORIA-PARA-OTORGAR-EL-PREMIO-AL-DEPORTISTA-DEL-A\u00d1O.jpg",1024,683,false],"newsium-slider-full":["http:\/\/tvalaire.com\/wp-content\/uploads\/2017\/11\/LANZA-GOBIERNO-MUNICIPAL-CONVOCATORIA-PARA-OTORGAR-EL-PREMIO-AL-DEPORTISTA-DEL-A\u00d1O.jpg",1024,683,false],"newsium-featured":["http:\/\/tvalaire.com\/wp-content\/uploads\/2017\/11\/LANZA-GOBIERNO-MUNICIPAL-CONVOCATORIA-PARA-OTORGAR-EL-PREMIO-AL-DEPORTISTA-DEL-A\u00d1O.jpg",1024,683,false],"newsium-medium":["http:\/\/tvalaire.com\/wp-content\/uploads\/2017\/11\/LANZA-GOBIERNO-MUNICIPAL-CONVOCATORIA-PARA-OTORGAR-EL-PREMIO-AL-DEPORTISTA-DEL-A\u00d1O.jpg",712,475,false]},"author_info":{"info":["tvalairenoti"]},"category_info":"<a href=\"http:\/\/tvalaire.com\/?cat=1\" rel=\"category\">La Piedad<\/a>","tag_info":"La Piedad","comment_count":"0","jetpack_featured_media_url":"http:\/\/tvalaire.com\/wp-content\/uploads\/2017\/11\/LANZA-GOBIERNO-MUNICIPAL-CONVOCATORIA-PARA-OTORGAR-EL-PREMIO-AL-DEPORTISTA-DEL-A\u00d1O.jpg","_links":{"self":[{"href":"http:\/\/tvalaire.com\/index.php?rest_route=\/wp\/v2\/posts\/2992"}],"collection":[{"href":"http:\/\/tvalaire.com\/index.php?rest_route=\/wp\/v2\/posts"}],"about":[{"href":"http:\/\/tvalaire.com\/index.php?rest_route=\/wp\/v2\/types\/post"}],"author":[{"embeddable":true,"href":"http:\/\/tvalaire.com\/index.php?rest_route=\/wp\/v2\/users\/1"}],"replies":[{"embeddable":true,"href":"http:\/\/tvalaire.com\/index.php?rest_route=%2Fwp%2Fv2%2Fcomments&post=2992"}],"version-history":[{"count":1,"href":"http:\/\/tvalaire.com\/index.php?rest_route=\/wp\/v2\/posts\/2992\/revisions"}],"predecessor-version":[{"id":2993,"href":"http:\/\/tvalaire.com\/index.php?rest_route=\/wp\/v2\/posts\/2992\/revisions\/2993"}],"wp:featuredmedia":[{"embeddable":true,"href":"http:\/\/tvalaire.com\/index.php?rest_route=\/wp\/v2\/media\/2990"}],"wp:attachment":[{"href":"http:\/\/tvalaire.com\/index.php?rest_route=%2Fwp%2Fv2%2Fmedia&parent=2992"}],"wp:term":[{"taxonomy":"category","embeddable":true,"href":"http:\/\/tvalaire.com\/index.php?rest_route=%2Fwp%2Fv2%2Fcategories&post=2992"},{"taxonomy":"post_tag","embeddable":true,"href":"http:\/\/tvalaire.com\/index.php?rest_route=%2Fwp%2Fv2%2Ftags&post=2992"}],"curies":[{"name":"wp","href":"https:\/\/api.w.org\/{rel}","templated":true}]}}