{"id":2985,"date":"2017-11-01T11:14:25","date_gmt":"2017-11-01T17:14:25","guid":{"rendered":"http:\/\/tvalaire.com\/?p=2985"},"modified":"2017-11-01T11:14:25","modified_gmt":"2017-11-01T17:14:25","slug":"ofrecen-tributo-a-la-muerte-con-recital-de-la-orquesta-de-camara-de-la-piedad","status":"publish","type":"post","link":"http:\/\/tvalaire.com\/?p=2985","title":{"rendered":"OFRECEN TRIBUTO A LA MUERTE CON RECITAL DE LA ORQUESTA DE C\u00c1MARA DE LA PIEDAD"},"content":{"rendered":"<p class=\"xmsonormal\" style=\"text-align: justify; background: white; font-variant-ligatures: normal; font-variant-caps: normal; orphans: 2; widows: 2; -webkit-text-stroke-width: 0px; text-decoration-style: initial; text-decoration-color: initial; word-spacing: 0px;\"><span style=\"font-family: 'Arial','sans-serif'; color: #212121;\">Como parte de las actividades que se programaron en el Festival del D\u00eda de Muertos por parte de las autoridades municipales, se llev\u00f3 a cabo un recital musical con la Orquesta de C\u00e1mara de La Piedad quienes por medio de m\u00fasica rindieron tributo a la muerte.<\/span><\/p>\n<p class=\"xmsonormal\" style=\"text-align: justify; background: white; font-variant-ligatures: normal; font-variant-caps: normal; orphans: 2; widows: 2; -webkit-text-stroke-width: 0px; text-decoration-style: initial; text-decoration-color: initial; word-spacing: 0px;\"><span style=\"font-family: 'Arial','sans-serif'; color: #212121;\">Para esta ocasi\u00f3n los j\u00f3venes talentos y virtuosos que son dirigidos por el maestro Javier Sierra Frutos, se presentaron en el interior del Parque Morelos, a\u00fan costado del busto del Siervo de la Naci\u00f3n.<\/span><\/p>\n<p class=\"xmsonormal\" style=\"text-align: justify; background: white; font-variant-ligatures: normal; font-variant-caps: normal; orphans: 2; widows: 2; -webkit-text-stroke-width: 0px; text-decoration-style: initial; text-decoration-color: initial; word-spacing: 0px;\"><span style=\"font-family: 'Arial','sans-serif'; color: #212121;\">Cerca de un mes fue suficiente para que los m\u00fasicos prepararan los temas que presentaron a los asistentes la noche del \u00faltimo lunes de octubre, melod\u00edas como aires de noviembre, marcha del brujo, danza macabra, el hechicerito entre otras sinfon\u00edas, fueron del agrado del p\u00fablico presente e interpretadas magistralmente.<\/span><\/p>\n<p class=\"xmsonormal\" style=\"text-align: justify; background: white; font-variant-ligatures: normal; font-variant-caps: normal; orphans: 2; widows: 2; -webkit-text-stroke-width: 0px; text-decoration-style: initial; text-decoration-color: initial; word-spacing: 0px;\"><span style=\"font-family: 'Arial','sans-serif'; color: #212121;\">Ah\u00ed el titular de la promoci\u00f3n y difusi\u00f3n de las diferentes artes en el municipio, reiter\u00f3 el compromiso para seguir trabajando en el impulso de la cultura, sobre todo para acercar y ofrecer los espacios necesarios y as\u00ed se pueda seguir manifestando cualquier expresi\u00f3n art\u00edstica.<\/span><\/p>\n<p class=\"xmsonormal\" style=\"text-align: justify; background: white; font-variant-ligatures: normal; font-variant-caps: normal; orphans: 2; widows: 2; -webkit-text-stroke-width: 0px; text-decoration-style: initial; text-decoration-color: initial; word-spacing: 0px;\"><span style=\"font-family: 'Arial','sans-serif'; color: #212121;\">De igual manera hizo una invitaci\u00f3n al p\u00fablico en general para que sigan asistiendo a los diferentes eventos culturales que se realizan en las instalaciones de la Escuela de Artes y otros recintos, pues destac\u00f3 que eso tambi\u00e9n es un aliciente para que los j\u00f3venes sigan esforz\u00e1ndose en su desarrollo art\u00edstico.\u00a0<\/span><\/p>\n","protected":false},"excerpt":{"rendered":"<p>Como parte de las actividades que se programaron en el Festival del D\u00eda de Muertos&#8230;<\/p>\n","protected":false},"author":1,"featured_media":2986,"comment_status":"open","ping_status":"open","sticky":false,"template":"","format":"standard","meta":{"jetpack_post_was_ever_published":false,"_jetpack_newsletter_access":"","_jetpack_dont_email_post_to_subs":false,"_jetpack_newsletter_tier_id":0,"_jetpack_memberships_contains_paywalled_content":false,"_jetpack_memberships_contains_paid_content":false,"footnotes":"","jetpack_publicize_message":"","jetpack_publicize_feature_enabled":true,"jetpack_social_post_already_shared":false,"jetpack_social_options":{"image_generator_settings":{"template":"highway","enabled":false},"version":2}},"categories":[1],"tags":[15,36],"class_list":["post-2985","post","type-post","status-publish","format-standard","has-post-thumbnail","hentry","category-la-piedad","tag-la-piedad","tag-principales"],"jetpack_publicize_connections":[],"jetpack_sharing_enabled":true,"featured_image_urls":{"full":["http:\/\/tvalaire.com\/wp-content\/uploads\/2017\/11\/OFRECEN-TRIBUTO-A-LA-MUERTE-CON-RECITAL-DE-LA-ORQUESTA-DE-C\u00c1MARA-DE-LA-PIEDAD2.jpg",1024,683,false],"thumbnail":["http:\/\/tvalaire.com\/wp-content\/uploads\/2017\/11\/OFRECEN-TRIBUTO-A-LA-MUERTE-CON-RECITAL-DE-LA-ORQUESTA-DE-C\u00c1MARA-DE-LA-PIEDAD2-150x150.jpg",150,150,true],"medium":["http:\/\/tvalaire.com\/wp-content\/uploads\/2017\/11\/OFRECEN-TRIBUTO-A-LA-MUERTE-CON-RECITAL-DE-LA-ORQUESTA-DE-C\u00c1MARA-DE-LA-PIEDAD2-300x200.jpg",300,200,true],"medium_large":["http:\/\/tvalaire.com\/wp-content\/uploads\/2017\/11\/OFRECEN-TRIBUTO-A-LA-MUERTE-CON-RECITAL-DE-LA-ORQUESTA-DE-C\u00c1MARA-DE-LA-PIEDAD2-768x512.jpg",640,427,true],"large":["http:\/\/tvalaire.com\/wp-content\/uploads\/2017\/11\/OFRECEN-TRIBUTO-A-LA-MUERTE-CON-RECITAL-DE-LA-ORQUESTA-DE-C\u00c1MARA-DE-LA-PIEDAD2-1024x683.jpg",640,427,true],"post-slider-thumb-size":["http:\/\/tvalaire.com\/wp-content\/uploads\/2017\/11\/OFRECEN-TRIBUTO-A-LA-MUERTE-CON-RECITAL-DE-LA-ORQUESTA-DE-C\u00c1MARA-DE-LA-PIEDAD2.jpg",285,190,false],"post-category-slider-size":["http:\/\/tvalaire.com\/wp-content\/uploads\/2017\/11\/OFRECEN-TRIBUTO-A-LA-MUERTE-CON-RECITAL-DE-LA-ORQUESTA-DE-C\u00c1MARA-DE-LA-PIEDAD2.jpg",330,220,false],"1536x1536":["http:\/\/tvalaire.com\/wp-content\/uploads\/2017\/11\/OFRECEN-TRIBUTO-A-LA-MUERTE-CON-RECITAL-DE-LA-ORQUESTA-DE-C\u00c1MARA-DE-LA-PIEDAD2.jpg",1024,683,false],"2048x2048":["http:\/\/tvalaire.com\/wp-content\/uploads\/2017\/11\/OFRECEN-TRIBUTO-A-LA-MUERTE-CON-RECITAL-DE-LA-ORQUESTA-DE-C\u00c1MARA-DE-LA-PIEDAD2.jpg",1024,683,false],"newsium-slider-full":["http:\/\/tvalaire.com\/wp-content\/uploads\/2017\/11\/OFRECEN-TRIBUTO-A-LA-MUERTE-CON-RECITAL-DE-LA-ORQUESTA-DE-C\u00c1MARA-DE-LA-PIEDAD2.jpg",1024,683,false],"newsium-featured":["http:\/\/tvalaire.com\/wp-content\/uploads\/2017\/11\/OFRECEN-TRIBUTO-A-LA-MUERTE-CON-RECITAL-DE-LA-ORQUESTA-DE-C\u00c1MARA-DE-LA-PIEDAD2.jpg",1024,683,false],"newsium-medium":["http:\/\/tvalaire.com\/wp-content\/uploads\/2017\/11\/OFRECEN-TRIBUTO-A-LA-MUERTE-CON-RECITAL-DE-LA-ORQUESTA-DE-C\u00c1MARA-DE-LA-PIEDAD2.jpg",712,475,false]},"author_info":{"info":["tvalairenoti"]},"category_info":"<a href=\"http:\/\/tvalaire.com\/?cat=1\" rel=\"category\">La Piedad<\/a>","tag_info":"La Piedad","comment_count":"0","jetpack_featured_media_url":"http:\/\/tvalaire.com\/wp-content\/uploads\/2017\/11\/OFRECEN-TRIBUTO-A-LA-MUERTE-CON-RECITAL-DE-LA-ORQUESTA-DE-C\u00c1MARA-DE-LA-PIEDAD2.jpg","_links":{"self":[{"href":"http:\/\/tvalaire.com\/index.php?rest_route=\/wp\/v2\/posts\/2985"}],"collection":[{"href":"http:\/\/tvalaire.com\/index.php?rest_route=\/wp\/v2\/posts"}],"about":[{"href":"http:\/\/tvalaire.com\/index.php?rest_route=\/wp\/v2\/types\/post"}],"author":[{"embeddable":true,"href":"http:\/\/tvalaire.com\/index.php?rest_route=\/wp\/v2\/users\/1"}],"replies":[{"embeddable":true,"href":"http:\/\/tvalaire.com\/index.php?rest_route=%2Fwp%2Fv2%2Fcomments&post=2985"}],"version-history":[{"count":1,"href":"http:\/\/tvalaire.com\/index.php?rest_route=\/wp\/v2\/posts\/2985\/revisions"}],"predecessor-version":[{"id":2987,"href":"http:\/\/tvalaire.com\/index.php?rest_route=\/wp\/v2\/posts\/2985\/revisions\/2987"}],"wp:featuredmedia":[{"embeddable":true,"href":"http:\/\/tvalaire.com\/index.php?rest_route=\/wp\/v2\/media\/2986"}],"wp:attachment":[{"href":"http:\/\/tvalaire.com\/index.php?rest_route=%2Fwp%2Fv2%2Fmedia&parent=2985"}],"wp:term":[{"taxonomy":"category","embeddable":true,"href":"http:\/\/tvalaire.com\/index.php?rest_route=%2Fwp%2Fv2%2Fcategories&post=2985"},{"taxonomy":"post_tag","embeddable":true,"href":"http:\/\/tvalaire.com\/index.php?rest_route=%2Fwp%2Fv2%2Ftags&post=2985"}],"curies":[{"name":"wp","href":"https:\/\/api.w.org\/{rel}","templated":true}]}}