{"id":2982,"date":"2017-11-01T11:13:27","date_gmt":"2017-11-01T17:13:27","guid":{"rendered":"http:\/\/tvalaire.com\/?p=2982"},"modified":"2017-11-01T11:13:27","modified_gmt":"2017-11-01T17:13:27","slug":"plantea-director-del-sapas-la-piedad-panorama-en-el-sector-servicios","status":"publish","type":"post","link":"http:\/\/tvalaire.com\/?p=2982","title":{"rendered":"PLANTEA DIRECTOR DEL SAPAS LA PIEDAD PANORAMA EN EL SECTOR SERVICIOS"},"content":{"rendered":"<p class=\"xmsonormal\" style=\"text-align: justify; background: white; font-variant-ligatures: normal; font-variant-caps: normal; orphans: 2; widows: 2; -webkit-text-stroke-width: 0px; text-decoration-style: initial; text-decoration-color: initial; word-spacing: 0px;\">\n<p class=\"xmsonormal\" style=\"text-align: justify; background: white; font-variant-ligatures: normal; font-variant-caps: normal; orphans: 2; widows: 2; -webkit-text-stroke-width: 0px; text-decoration-style: initial; text-decoration-color: initial; word-spacing: 0px;\"><span style=\"font-family: 'Arial','sans-serif'; color: #212121;\">El Sistema de Agua Potable, Alcantarillado y Saneamiento de La Piedad (SAPAS) particip\u00f3 en las actividades que se realizaron durante la 24\u00aa Semana Nacional de Ciencia y Tecnolog\u00eda en Jiquilpan, que tuvo como tema principal: \u201cLa crisis del agua, problemas y soluciones\u201d.<\/span><\/p>\n<p class=\"xmsonormal\" style=\"text-align: justify; background: white; font-variant-ligatures: normal; font-variant-caps: normal; orphans: 2; widows: 2; -webkit-text-stroke-width: 0px; text-decoration-style: initial; text-decoration-color: initial; word-spacing: 0px;\"><span style=\"font-family: 'Arial','sans-serif'; color: #212121;\">Jorge Rubio Olivares, fungi\u00f3 como ponente en el foro llevado a cabo en el Centro Interdisciplinario de Investigaci\u00f3n para el Desarrollo Integral Regional Unidad Michoac\u00e1n (CIDIR)\u00a0 de Jiquilpan en conjunto con el Comit\u00e9 Lerma-Chapala para la divulgaci\u00f3n.<\/span><\/p>\n<p class=\"xmsonormal\" style=\"text-align: justify; background: white; font-variant-ligatures: normal; font-variant-caps: normal; orphans: 2; widows: 2; -webkit-text-stroke-width: 0px; text-decoration-style: initial; text-decoration-color: initial; word-spacing: 0px;\"><span style=\"font-family: 'Arial','sans-serif'; color: #212121;\">En su exposici\u00f3n, Rubio Olivares resalt\u00f3 la urgencia de que, es en los municipios desde donde deben de orquestarse los proyectos de desarrollo y planeaci\u00f3n en materia h\u00eddrica, siendo los organismos operadores en conjunto con las otras dependencias involucradas, los responsables de brindar posibles soluciones a corto y mediano plazo a las problem\u00e1ticas presentes, sobre todo, respaldados por proyectos concretos y tangibles y con el apoyo de la federaci\u00f3n y el estado.<\/span><\/p>\n<p class=\"xmsonormal\" style=\"text-align: justify; background: white; font-variant-ligatures: normal; font-variant-caps: normal; orphans: 2; widows: 2; -webkit-text-stroke-width: 0px; text-decoration-style: initial; text-decoration-color: initial; word-spacing: 0px;\"><span style=\"font-family: 'Arial','sans-serif'; color: #212121;\">Se\u00f1al\u00f3 que es indispensable que los Organismos Operadores cuenten con mayor autonom\u00eda de gesti\u00f3n que les permita obtener m\u00e1s recursos y que estos se apliquen en los temas de mayor importancia para los municipios y se avance en temas fundamentales como la medici\u00f3n, la rehabilitaci\u00f3n de l\u00edneas, reparaci\u00f3n de fugas, sustituci\u00f3n de equipos electromec\u00e1nicos por otros m\u00e1s eficientes, as\u00ed como rubros para mejorar el servicio a la poblaci\u00f3n y para la recuperaci\u00f3n de caudales, entre otros.<\/span><\/p>\n<p class=\"xmsonormal\" style=\"text-align: justify; background: white; font-variant-ligatures: normal; font-variant-caps: normal; orphans: 2; widows: 2; -webkit-text-stroke-width: 0px; text-decoration-style: initial; text-decoration-color: initial; word-spacing: 0px;\"><span style=\"font-family: 'Arial','sans-serif'; color: #212121;\">En este espacio tambi\u00e9n se presentaron representantes de la Comisi\u00f3n Nacional del Agua (CONAGUA), de la Asociaci\u00f3n de Productores Agr\u00edcolas y de la Secretaria de Desarrollo Rural y Agroalimentario del Gobierno de Michoac\u00e1n; cada uno, desde su perspectiva, dio un panorama general sobre las problem\u00e1ticas en las que se encuentra el sector en el estado y posibles rumbos que se deben de tomar para hacerles frente.<\/span><\/p>\n<p class=\"xmsonormal\" style=\"text-align: justify; background: white; font-variant-ligatures: normal; font-variant-caps: normal; orphans: 2; widows: 2; -webkit-text-stroke-width: 0px; text-decoration-style: initial; text-decoration-color: initial; word-spacing: 0px;\"><span style=\"font-family: 'Arial','sans-serif'; color: #212121;\">Los panelistas coincidieron en la necesidad de que los tres \u00f3rdenes de gobierno, as\u00ed como los usuarios y la sociedad en general deben de involucrarse para fortalecer las acciones para el cuidado y uso responsable del agua.<\/span><\/p>\n<p class=\"xmsonormal\" style=\"text-align: justify; background: white; font-variant-ligatures: normal; font-variant-caps: normal; orphans: 2; widows: 2; -webkit-text-stroke-width: 0px; text-decoration-style: initial; text-decoration-color: initial; word-spacing: 0px;\"><span style=\"font-family: 'Arial','sans-serif'; color: #212121;\">As\u00ed mismo, expusieron ante los asistentes, alumnos, profesionistas e interesados en el medio ambiente, que las \u00e1reas productivas de la regi\u00f3n deben de buscar y aplicar las mejores tecnolog\u00edas que ayuden a que la contaminaci\u00f3n afecte lo menos posible a los cuerpos de agua, as\u00ed como aprovechar de mejor manera el recurso y que al final se obtengan resultados favorables en sus actividades.<\/span><\/p>\n","protected":false},"excerpt":{"rendered":"<p>El Sistema de Agua Potable, Alcantarillado y Saneamiento de La Piedad (SAPAS) particip\u00f3 en las&#8230;<\/p>\n","protected":false},"author":1,"featured_media":2983,"comment_status":"open","ping_status":"open","sticky":false,"template":"","format":"standard","meta":{"jetpack_post_was_ever_published":false,"_jetpack_newsletter_access":"","_jetpack_dont_email_post_to_subs":false,"_jetpack_newsletter_tier_id":0,"_jetpack_memberships_contains_paywalled_content":false,"_jetpack_memberships_contains_paid_content":false,"footnotes":"","jetpack_publicize_message":"","jetpack_publicize_feature_enabled":true,"jetpack_social_post_already_shared":false,"jetpack_social_options":{"image_generator_settings":{"template":"highway","enabled":false},"version":2}},"categories":[1],"tags":[15,36],"class_list":["post-2982","post","type-post","status-publish","format-standard","has-post-thumbnail","hentry","category-la-piedad","tag-la-piedad","tag-principales"],"jetpack_publicize_connections":[],"jetpack_sharing_enabled":true,"featured_image_urls":{"full":["http:\/\/tvalaire.com\/wp-content\/uploads\/2017\/11\/PLANTEA-DIRECTOR-DEL-SAPAS-LA-PIEDAD-PANORAMA-EN-EL-SECTOR-SERVICIOS.jpg",2000,1334,false],"thumbnail":["http:\/\/tvalaire.com\/wp-content\/uploads\/2017\/11\/PLANTEA-DIRECTOR-DEL-SAPAS-LA-PIEDAD-PANORAMA-EN-EL-SECTOR-SERVICIOS-150x150.jpg",150,150,true],"medium":["http:\/\/tvalaire.com\/wp-content\/uploads\/2017\/11\/PLANTEA-DIRECTOR-DEL-SAPAS-LA-PIEDAD-PANORAMA-EN-EL-SECTOR-SERVICIOS-300x200.jpg",300,200,true],"medium_large":["http:\/\/tvalaire.com\/wp-content\/uploads\/2017\/11\/PLANTEA-DIRECTOR-DEL-SAPAS-LA-PIEDAD-PANORAMA-EN-EL-SECTOR-SERVICIOS-768x512.jpg",640,427,true],"large":["http:\/\/tvalaire.com\/wp-content\/uploads\/2017\/11\/PLANTEA-DIRECTOR-DEL-SAPAS-LA-PIEDAD-PANORAMA-EN-EL-SECTOR-SERVICIOS-1024x683.jpg",640,427,true],"post-slider-thumb-size":["http:\/\/tvalaire.com\/wp-content\/uploads\/2017\/11\/PLANTEA-DIRECTOR-DEL-SAPAS-LA-PIEDAD-PANORAMA-EN-EL-SECTOR-SERVICIOS.jpg",285,190,false],"post-category-slider-size":["http:\/\/tvalaire.com\/wp-content\/uploads\/2017\/11\/PLANTEA-DIRECTOR-DEL-SAPAS-LA-PIEDAD-PANORAMA-EN-EL-SECTOR-SERVICIOS.jpg",330,220,false],"1536x1536":["http:\/\/tvalaire.com\/wp-content\/uploads\/2017\/11\/PLANTEA-DIRECTOR-DEL-SAPAS-LA-PIEDAD-PANORAMA-EN-EL-SECTOR-SERVICIOS.jpg",1536,1025,false],"2048x2048":["http:\/\/tvalaire.com\/wp-content\/uploads\/2017\/11\/PLANTEA-DIRECTOR-DEL-SAPAS-LA-PIEDAD-PANORAMA-EN-EL-SECTOR-SERVICIOS.jpg",2000,1334,false],"newsium-slider-full":["http:\/\/tvalaire.com\/wp-content\/uploads\/2017\/11\/PLANTEA-DIRECTOR-DEL-SAPAS-LA-PIEDAD-PANORAMA-EN-EL-SECTOR-SERVICIOS.jpg",1267,845,false],"newsium-featured":["http:\/\/tvalaire.com\/wp-content\/uploads\/2017\/11\/PLANTEA-DIRECTOR-DEL-SAPAS-LA-PIEDAD-PANORAMA-EN-EL-SECTOR-SERVICIOS.jpg",1024,683,false],"newsium-medium":["http:\/\/tvalaire.com\/wp-content\/uploads\/2017\/11\/PLANTEA-DIRECTOR-DEL-SAPAS-LA-PIEDAD-PANORAMA-EN-EL-SECTOR-SERVICIOS.jpg",712,475,false]},"author_info":{"info":["tvalairenoti"]},"category_info":"<a href=\"http:\/\/tvalaire.com\/?cat=1\" rel=\"category\">La Piedad<\/a>","tag_info":"La Piedad","comment_count":"0","jetpack_featured_media_url":"http:\/\/tvalaire.com\/wp-content\/uploads\/2017\/11\/PLANTEA-DIRECTOR-DEL-SAPAS-LA-PIEDAD-PANORAMA-EN-EL-SECTOR-SERVICIOS.jpg","_links":{"self":[{"href":"http:\/\/tvalaire.com\/index.php?rest_route=\/wp\/v2\/posts\/2982"}],"collection":[{"href":"http:\/\/tvalaire.com\/index.php?rest_route=\/wp\/v2\/posts"}],"about":[{"href":"http:\/\/tvalaire.com\/index.php?rest_route=\/wp\/v2\/types\/post"}],"author":[{"embeddable":true,"href":"http:\/\/tvalaire.com\/index.php?rest_route=\/wp\/v2\/users\/1"}],"replies":[{"embeddable":true,"href":"http:\/\/tvalaire.com\/index.php?rest_route=%2Fwp%2Fv2%2Fcomments&post=2982"}],"version-history":[{"count":1,"href":"http:\/\/tvalaire.com\/index.php?rest_route=\/wp\/v2\/posts\/2982\/revisions"}],"predecessor-version":[{"id":2984,"href":"http:\/\/tvalaire.com\/index.php?rest_route=\/wp\/v2\/posts\/2982\/revisions\/2984"}],"wp:featuredmedia":[{"embeddable":true,"href":"http:\/\/tvalaire.com\/index.php?rest_route=\/wp\/v2\/media\/2983"}],"wp:attachment":[{"href":"http:\/\/tvalaire.com\/index.php?rest_route=%2Fwp%2Fv2%2Fmedia&parent=2982"}],"wp:term":[{"taxonomy":"category","embeddable":true,"href":"http:\/\/tvalaire.com\/index.php?rest_route=%2Fwp%2Fv2%2Fcategories&post=2982"},{"taxonomy":"post_tag","embeddable":true,"href":"http:\/\/tvalaire.com\/index.php?rest_route=%2Fwp%2Fv2%2Ftags&post=2982"}],"curies":[{"name":"wp","href":"https:\/\/api.w.org\/{rel}","templated":true}]}}