{"id":2979,"date":"2017-11-01T11:11:54","date_gmt":"2017-11-01T17:11:54","guid":{"rendered":"http:\/\/tvalaire.com\/?p=2979"},"modified":"2017-11-01T11:11:54","modified_gmt":"2017-11-01T17:11:54","slug":"listo-el-operativo-de-dia-de-muertos","status":"publish","type":"post","link":"http:\/\/tvalaire.com\/?p=2979","title":{"rendered":"LISTO EL OPERATIVO DE \u201cD\u00cdA DE MUERTOS\u201d"},"content":{"rendered":"<p class=\"xmsonormal\" style=\"text-align: justify; background: white; font-variant-ligatures: normal; font-variant-caps: normal; orphans: 2; widows: 2; -webkit-text-stroke-width: 0px; text-decoration-style: initial; text-decoration-color: initial; word-spacing: 0px;\"><span style=\"font-family: 'Arial','sans-serif'; color: #212121;\">Con el fin de facilitar los accesos a los panteones locales durante estos d\u00edas en que se festeja a los muertos, la Subdirecci\u00f3n de Tr\u00e1nsito y Vialidad puso en marcha el operativo de vigilancia en las inmediaciones de estos espacios a partir de las 07:00 horas.<\/span><\/p>\n<p class=\"xmsonormal\" style=\"text-align: justify; background: white; font-variant-ligatures: normal; font-variant-caps: normal; orphans: 2; widows: 2; -webkit-text-stroke-width: 0px; text-decoration-style: initial; text-decoration-color: initial; word-spacing: 0px;\"><span style=\"font-family: 'Arial','sans-serif'; color: #212121;\">Previamente, personal del \u00e1rea de balizamiento y se\u00f1ales realiz\u00f3 trabajos de marcado de cajones de estacionamiento en las inmediaciones e interior de los panteones tanto en Ciudad del Sol, as\u00ed como el de la colonia Melchor Ocampo.<\/span><\/p>\n<p class=\"xmsonormal\" style=\"text-align: justify; background: white; font-variant-ligatures: normal; font-variant-caps: normal; orphans: 2; widows: 2; -webkit-text-stroke-width: 0px; text-decoration-style: initial; text-decoration-color: initial; word-spacing: 0px;\"><span style=\"font-family: 'Arial','sans-serif'; color: #212121;\">De igual forma, se colocaron se\u00f1alamientos temporales para facilitar la circulaci\u00f3n durante los d\u00edas 1 y 2 de noviembre que son de mayor asistencia a los panteones de la localidad, por motivo de la festividad de d\u00eda de muertos.<\/span><\/p>\n<p class=\"xmsonormal\" style=\"text-align: justify; background: white; font-variant-ligatures: normal; font-variant-caps: normal; orphans: 2; widows: 2; -webkit-text-stroke-width: 0px; text-decoration-style: initial; text-decoration-color: initial; word-spacing: 0px;\"><span style=\"font-family: 'Arial','sans-serif'; color: #212121;\">Los operativos de vigilancia se mantendr\u00e1n desde las 07:00 horas y se retirar\u00e1n hasta el cierre de cada uno de estos espacios que hay en el municipio; el objetivo de la dependencia es realizar las labores de apoyo a los conductores para que haya una mejor circulaci\u00f3n y evitar las aglomeraciones.<\/span><\/p>\n<p class=\"xmsonormal\" style=\"text-align: justify; background: white; font-variant-ligatures: normal; font-variant-caps: normal; orphans: 2; widows: 2; -webkit-text-stroke-width: 0px; text-decoration-style: initial; text-decoration-color: initial; word-spacing: 0px;\"><span style=\"font-family: 'Arial','sans-serif'; color: #212121;\">Las autoridades municipales piden a la ciudadan\u00eda respetar los se\u00f1alamientos y atender las indicaciones del personal de tr\u00e1nsito y vialidad para una mejor circulaci\u00f3n en esas \u00e1reas.<\/span><\/p>\n","protected":false},"excerpt":{"rendered":"<p>Con el fin de facilitar los accesos a los panteones locales durante estos d\u00edas en&#8230;<\/p>\n","protected":false},"author":1,"featured_media":2980,"comment_status":"open","ping_status":"open","sticky":false,"template":"","format":"standard","meta":{"jetpack_post_was_ever_published":false,"_jetpack_newsletter_access":"","_jetpack_dont_email_post_to_subs":false,"_jetpack_newsletter_tier_id":0,"_jetpack_memberships_contains_paywalled_content":false,"_jetpack_memberships_contains_paid_content":false,"footnotes":"","jetpack_publicize_message":"","jetpack_publicize_feature_enabled":true,"jetpack_social_post_already_shared":false,"jetpack_social_options":{"image_generator_settings":{"template":"highway","enabled":false},"version":2}},"categories":[1],"tags":[15,36],"class_list":["post-2979","post","type-post","status-publish","format-standard","has-post-thumbnail","hentry","category-la-piedad","tag-la-piedad","tag-principales"],"jetpack_publicize_connections":[],"jetpack_sharing_enabled":true,"featured_image_urls":{"full":["http:\/\/tvalaire.com\/wp-content\/uploads\/2017\/11\/LISTO-EL-OPERATIVO-DE-\u201cD\u00cdA-DE-MUERTOS\u201d.jpg",816,612,false],"thumbnail":["http:\/\/tvalaire.com\/wp-content\/uploads\/2017\/11\/LISTO-EL-OPERATIVO-DE-\u201cD\u00cdA-DE-MUERTOS\u201d-150x150.jpg",150,150,true],"medium":["http:\/\/tvalaire.com\/wp-content\/uploads\/2017\/11\/LISTO-EL-OPERATIVO-DE-\u201cD\u00cdA-DE-MUERTOS\u201d-300x225.jpg",300,225,true],"medium_large":["http:\/\/tvalaire.com\/wp-content\/uploads\/2017\/11\/LISTO-EL-OPERATIVO-DE-\u201cD\u00cdA-DE-MUERTOS\u201d-768x576.jpg",640,480,true],"large":["http:\/\/tvalaire.com\/wp-content\/uploads\/2017\/11\/LISTO-EL-OPERATIVO-DE-\u201cD\u00cdA-DE-MUERTOS\u201d.jpg",640,480,false],"post-slider-thumb-size":["http:\/\/tvalaire.com\/wp-content\/uploads\/2017\/11\/LISTO-EL-OPERATIVO-DE-\u201cD\u00cdA-DE-MUERTOS\u201d.jpg",253,190,false],"post-category-slider-size":["http:\/\/tvalaire.com\/wp-content\/uploads\/2017\/11\/LISTO-EL-OPERATIVO-DE-\u201cD\u00cdA-DE-MUERTOS\u201d.jpg",330,248,false],"1536x1536":["http:\/\/tvalaire.com\/wp-content\/uploads\/2017\/11\/LISTO-EL-OPERATIVO-DE-\u201cD\u00cdA-DE-MUERTOS\u201d.jpg",816,612,false],"2048x2048":["http:\/\/tvalaire.com\/wp-content\/uploads\/2017\/11\/LISTO-EL-OPERATIVO-DE-\u201cD\u00cdA-DE-MUERTOS\u201d.jpg",816,612,false],"newsium-slider-full":["http:\/\/tvalaire.com\/wp-content\/uploads\/2017\/11\/LISTO-EL-OPERATIVO-DE-\u201cD\u00cdA-DE-MUERTOS\u201d.jpg",816,612,false],"newsium-featured":["http:\/\/tvalaire.com\/wp-content\/uploads\/2017\/11\/LISTO-EL-OPERATIVO-DE-\u201cD\u00cdA-DE-MUERTOS\u201d.jpg",816,612,false],"newsium-medium":["http:\/\/tvalaire.com\/wp-content\/uploads\/2017\/11\/LISTO-EL-OPERATIVO-DE-\u201cD\u00cdA-DE-MUERTOS\u201d.jpg",633,475,false]},"author_info":{"info":["tvalairenoti"]},"category_info":"<a href=\"http:\/\/tvalaire.com\/?cat=1\" rel=\"category\">La Piedad<\/a>","tag_info":"La Piedad","comment_count":"0","jetpack_featured_media_url":"http:\/\/tvalaire.com\/wp-content\/uploads\/2017\/11\/LISTO-EL-OPERATIVO-DE-\u201cD\u00cdA-DE-MUERTOS\u201d.jpg","_links":{"self":[{"href":"http:\/\/tvalaire.com\/index.php?rest_route=\/wp\/v2\/posts\/2979"}],"collection":[{"href":"http:\/\/tvalaire.com\/index.php?rest_route=\/wp\/v2\/posts"}],"about":[{"href":"http:\/\/tvalaire.com\/index.php?rest_route=\/wp\/v2\/types\/post"}],"author":[{"embeddable":true,"href":"http:\/\/tvalaire.com\/index.php?rest_route=\/wp\/v2\/users\/1"}],"replies":[{"embeddable":true,"href":"http:\/\/tvalaire.com\/index.php?rest_route=%2Fwp%2Fv2%2Fcomments&post=2979"}],"version-history":[{"count":1,"href":"http:\/\/tvalaire.com\/index.php?rest_route=\/wp\/v2\/posts\/2979\/revisions"}],"predecessor-version":[{"id":2981,"href":"http:\/\/tvalaire.com\/index.php?rest_route=\/wp\/v2\/posts\/2979\/revisions\/2981"}],"wp:featuredmedia":[{"embeddable":true,"href":"http:\/\/tvalaire.com\/index.php?rest_route=\/wp\/v2\/media\/2980"}],"wp:attachment":[{"href":"http:\/\/tvalaire.com\/index.php?rest_route=%2Fwp%2Fv2%2Fmedia&parent=2979"}],"wp:term":[{"taxonomy":"category","embeddable":true,"href":"http:\/\/tvalaire.com\/index.php?rest_route=%2Fwp%2Fv2%2Fcategories&post=2979"},{"taxonomy":"post_tag","embeddable":true,"href":"http:\/\/tvalaire.com\/index.php?rest_route=%2Fwp%2Fv2%2Ftags&post=2979"}],"curies":[{"name":"wp","href":"https:\/\/api.w.org\/{rel}","templated":true}]}}