{"id":2976,"date":"2017-10-31T09:58:20","date_gmt":"2017-10-31T15:58:20","guid":{"rendered":"http:\/\/tvalaire.com\/?p=2976"},"modified":"2017-10-31T09:58:20","modified_gmt":"2017-10-31T15:58:20","slug":"invita-gobierno-de-la-piedad-a-conferencia-con-sebastian-marroquin-y-facundo","status":"publish","type":"post","link":"http:\/\/tvalaire.com\/?p=2976","title":{"rendered":"INVITA GOBIERNO DE LA PIEDAD A CONFERENCIA CON SEBASTI\u00c1N MARROQU\u00cdN Y FACUNDO"},"content":{"rendered":"<p>Cambiar el pensamiento de los j\u00f3venes en La Piedad y por lo tanto el de la sociedad en general en cuanto a temas de prevenci\u00f3n del delito en contra de la mujer es uno de los principales objetivos de la conferencia que el Gobierno Municipal de La Piedad tiene con la presentaci\u00f3n de la conferencia de este pr\u00f3ximo viernes 3 de noviembre.<\/p>\n<p>En dicho evento se presenta Sebasti\u00e1n Marroqu\u00edn y el conductor de radio y televisi\u00f3n Facundo, mismo que se presentar\u00e1 en su ponencia no como el personaje que maneja desde a\u00f1os, sino como la persona de trabajo, de lucha, disciplina y \u00e9xito que ha tenido en sus proyectos televisivos y personales.<\/p>\n<p>Los boletos para poder acceder a la conferencia que comenzar\u00e1 a las 10:00 de la ma\u00f1ana en el auditorio de las instalaciones de UNIVA ya se entregan en las oficinas del INJUP, Educaci\u00f3n, Oficial\u00eda Mayor, Comunicaci\u00f3n Social, as\u00ed como en el ITLP y universidades y preparatorias, cabe destacar que el tema est\u00e1 dirigido para j\u00f3venes de 17 a\u00f1os en adelante.<\/p>\n<p>Con este tipo de eventos el Gobierno busca reducir y prevenir casos de violencia en el noviazgo, en el matrimonio y la familia, coadyuvando al mismo tiempo a que no existan desequilibrios emocionales y reducir tambi\u00e9n problemas conductuales del individuo que se pueden reflejar en la drogadicci\u00f3n.<\/p>\n<p>Cabe destacar que las autoridades municipales contin\u00faan realizando labores con diferentes dependencias municipales en las que la meta es poder informar, asesorar, prevenir y reducir casos en los que las mujeres se vean v\u00edctimas de cualquier tipo de violencia en sus casas, \u00e1reas de trabajo u otro lugar.<\/p>\n<p>&nbsp;<\/p>\n","protected":false},"excerpt":{"rendered":"<p>Cambiar el pensamiento de los j\u00f3venes en La Piedad y por lo tanto el de&#8230;<\/p>\n","protected":false},"author":1,"featured_media":2969,"comment_status":"open","ping_status":"open","sticky":false,"template":"","format":"standard","meta":{"jetpack_post_was_ever_published":false,"_jetpack_newsletter_access":"","_jetpack_dont_email_post_to_subs":false,"_jetpack_newsletter_tier_id":0,"_jetpack_memberships_contains_paywalled_content":false,"_jetpack_memberships_contains_paid_content":false,"footnotes":"","jetpack_publicize_message":"","jetpack_publicize_feature_enabled":true,"jetpack_social_post_already_shared":false,"jetpack_social_options":{"image_generator_settings":{"template":"highway","enabled":false},"version":2}},"categories":[1],"tags":[15,36],"class_list":["post-2976","post","type-post","status-publish","format-standard","has-post-thumbnail","hentry","category-la-piedad","tag-la-piedad","tag-principales"],"jetpack_publicize_connections":[],"jetpack_sharing_enabled":true,"featured_image_urls":{"full":["http:\/\/tvalaire.com\/wp-content\/uploads\/2017\/10\/INVITA-GOBIERNO-DE-LA-PIEDAD-A-CONFERENCIA-CON-SEBASTI\u00c1N-MARROQU\u00cdN-Y-FACUNDO.jpg",792,1224,false],"thumbnail":["http:\/\/tvalaire.com\/wp-content\/uploads\/2017\/10\/INVITA-GOBIERNO-DE-LA-PIEDAD-A-CONFERENCIA-CON-SEBASTI\u00c1N-MARROQU\u00cdN-Y-FACUNDO-150x150.jpg",150,150,true],"medium":["http:\/\/tvalaire.com\/wp-content\/uploads\/2017\/10\/INVITA-GOBIERNO-DE-LA-PIEDAD-A-CONFERENCIA-CON-SEBASTI\u00c1N-MARROQU\u00cdN-Y-FACUNDO-194x300.jpg",194,300,true],"medium_large":["http:\/\/tvalaire.com\/wp-content\/uploads\/2017\/10\/INVITA-GOBIERNO-DE-LA-PIEDAD-A-CONFERENCIA-CON-SEBASTI\u00c1N-MARROQU\u00cdN-Y-FACUNDO-768x1187.jpg",640,989,true],"large":["http:\/\/tvalaire.com\/wp-content\/uploads\/2017\/10\/INVITA-GOBIERNO-DE-LA-PIEDAD-A-CONFERENCIA-CON-SEBASTI\u00c1N-MARROQU\u00cdN-Y-FACUNDO-663x1024.jpg",640,988,true],"post-slider-thumb-size":["http:\/\/tvalaire.com\/wp-content\/uploads\/2017\/10\/INVITA-GOBIERNO-DE-LA-PIEDAD-A-CONFERENCIA-CON-SEBASTI\u00c1N-MARROQU\u00cdN-Y-FACUNDO.jpg",123,190,false],"post-category-slider-size":["http:\/\/tvalaire.com\/wp-content\/uploads\/2017\/10\/INVITA-GOBIERNO-DE-LA-PIEDAD-A-CONFERENCIA-CON-SEBASTI\u00c1N-MARROQU\u00cdN-Y-FACUNDO.jpg",226,350,false],"1536x1536":["http:\/\/tvalaire.com\/wp-content\/uploads\/2017\/10\/INVITA-GOBIERNO-DE-LA-PIEDAD-A-CONFERENCIA-CON-SEBASTI\u00c1N-MARROQU\u00cdN-Y-FACUNDO.jpg",792,1224,false],"2048x2048":["http:\/\/tvalaire.com\/wp-content\/uploads\/2017\/10\/INVITA-GOBIERNO-DE-LA-PIEDAD-A-CONFERENCIA-CON-SEBASTI\u00c1N-MARROQU\u00cdN-Y-FACUNDO.jpg",792,1224,false],"newsium-slider-full":["http:\/\/tvalaire.com\/wp-content\/uploads\/2017\/10\/INVITA-GOBIERNO-DE-LA-PIEDAD-A-CONFERENCIA-CON-SEBASTI\u00c1N-MARROQU\u00cdN-Y-FACUNDO.jpg",547,845,false],"newsium-featured":["http:\/\/tvalaire.com\/wp-content\/uploads\/2017\/10\/INVITA-GOBIERNO-DE-LA-PIEDAD-A-CONFERENCIA-CON-SEBASTI\u00c1N-MARROQU\u00cdN-Y-FACUNDO.jpg",792,1224,false],"newsium-medium":["http:\/\/tvalaire.com\/wp-content\/uploads\/2017\/10\/INVITA-GOBIERNO-DE-LA-PIEDAD-A-CONFERENCIA-CON-SEBASTI\u00c1N-MARROQU\u00cdN-Y-FACUNDO.jpg",307,475,false]},"author_info":{"info":["tvalairenoti"]},"category_info":"<a href=\"http:\/\/tvalaire.com\/?cat=1\" rel=\"category\">La Piedad<\/a>","tag_info":"La Piedad","comment_count":"0","jetpack_featured_media_url":"http:\/\/tvalaire.com\/wp-content\/uploads\/2017\/10\/INVITA-GOBIERNO-DE-LA-PIEDAD-A-CONFERENCIA-CON-SEBASTI\u00c1N-MARROQU\u00cdN-Y-FACUNDO.jpg","_links":{"self":[{"href":"http:\/\/tvalaire.com\/index.php?rest_route=\/wp\/v2\/posts\/2976"}],"collection":[{"href":"http:\/\/tvalaire.com\/index.php?rest_route=\/wp\/v2\/posts"}],"about":[{"href":"http:\/\/tvalaire.com\/index.php?rest_route=\/wp\/v2\/types\/post"}],"author":[{"embeddable":true,"href":"http:\/\/tvalaire.com\/index.php?rest_route=\/wp\/v2\/users\/1"}],"replies":[{"embeddable":true,"href":"http:\/\/tvalaire.com\/index.php?rest_route=%2Fwp%2Fv2%2Fcomments&post=2976"}],"version-history":[{"count":1,"href":"http:\/\/tvalaire.com\/index.php?rest_route=\/wp\/v2\/posts\/2976\/revisions"}],"predecessor-version":[{"id":2977,"href":"http:\/\/tvalaire.com\/index.php?rest_route=\/wp\/v2\/posts\/2976\/revisions\/2977"}],"wp:featuredmedia":[{"embeddable":true,"href":"http:\/\/tvalaire.com\/index.php?rest_route=\/wp\/v2\/media\/2969"}],"wp:attachment":[{"href":"http:\/\/tvalaire.com\/index.php?rest_route=%2Fwp%2Fv2%2Fmedia&parent=2976"}],"wp:term":[{"taxonomy":"category","embeddable":true,"href":"http:\/\/tvalaire.com\/index.php?rest_route=%2Fwp%2Fv2%2Fcategories&post=2976"},{"taxonomy":"post_tag","embeddable":true,"href":"http:\/\/tvalaire.com\/index.php?rest_route=%2Fwp%2Fv2%2Ftags&post=2976"}],"curies":[{"name":"wp","href":"https:\/\/api.w.org\/{rel}","templated":true}]}}