{"id":2974,"date":"2017-10-31T09:57:38","date_gmt":"2017-10-31T15:57:38","guid":{"rendered":"http:\/\/tvalaire.com\/?p=2974"},"modified":"2017-10-31T09:57:38","modified_gmt":"2017-10-31T15:57:38","slug":"exhiben-listas-de-los-becados-en-educacion-y-presidencia","status":"publish","type":"post","link":"http:\/\/tvalaire.com\/?p=2974","title":{"rendered":"EXHIBEN LISTAS DE LOS BECADOS EN EDUCACI\u00d3N Y PRESIDENCIA"},"content":{"rendered":"<p class=\"xmsonormal\" style=\"text-align: justify; background: white; font-variant-ligatures: normal; font-variant-caps: normal; orphans: 2; widows: 2; -webkit-text-stroke-width: 0px; text-decoration-style: initial; text-decoration-color: initial; word-spacing: 0px;\"><span style=\"font-family: 'Arial','sans-serif'; color: #212121;\">\u00a0<\/span><\/p>\n<p class=\"xmsonormal\" style=\"text-align: justify; background: white;\"><span style=\"font-family: 'Arial','sans-serif'; color: #212121;\">Con el fin de dar a conocer los nombres de los estudiantes que son beneficiados con el programa de Becas Municipales, desde el d\u00eda de ayer se exhiben las listas de los alumnos que integran el programa tanto en la direcci\u00f3n de Educaci\u00f3n como en los estrados de la Presidencia Municipal.<\/span><\/p>\n<p class=\"xmsonormal\" style=\"text-align: justify; background: white; font-variant-ligatures: normal; font-variant-caps: normal; orphans: 2; widows: 2; -webkit-text-stroke-width: 0px; text-decoration-style: initial; text-decoration-color: initial; word-spacing: 0px;\"><span style=\"font-family: 'Arial','sans-serif'; color: #212121;\">Las listas est\u00e1n formadas por los nombres de los alumnos que permanecer\u00e1n con este apoyo, as\u00ed como los nuevos estudiantes que recibir\u00e1n su beca a partir de este ciclo escolar.<\/span><\/p>\n<p class=\"xmsonormal\" style=\"text-align: justify; background: white; font-variant-ligatures: normal; font-variant-caps: normal; orphans: 2; widows: 2; -webkit-text-stroke-width: 0px; text-decoration-style: initial; text-decoration-color: initial; word-spacing: 0px;\"><span style=\"font-family: 'Arial','sans-serif'; color: #212121;\">En el caso de los nuevos estudiantes que ser\u00e1n beneficiados, la entrega de su credencial con la cual podr\u00e1n cobrar el apoyo econ\u00f3mico, ser\u00e1 el viernes 17 de noviembre a las 09:30 horas en el Teatro del Pueblo.<\/span><\/p>\n<p class=\"xmsonormal\" style=\"text-align: justify; background: white; font-variant-ligatures: normal; font-variant-caps: normal; orphans: 2; widows: 2; -webkit-text-stroke-width: 0px; text-decoration-style: initial; text-decoration-color: initial; word-spacing: 0px;\"><span style=\"font-family: 'Arial','sans-serif'; color: #212121;\">Por tanto a los padres de familia o alumnos que presentaron solicitud en esta ocasi\u00f3n, se les invita para que acudan a los estrados ya sea de Educaci\u00f3n o Presidencia Municipal con la finalidad de que consulten las listas para que saber si fueron incluidos o no.<\/span><\/p>\n","protected":false},"excerpt":{"rendered":"<p>\u00a0 Con el fin de dar a conocer los nombres de los estudiantes que son&#8230;<\/p>\n","protected":false},"author":1,"featured_media":2968,"comment_status":"open","ping_status":"open","sticky":false,"template":"","format":"standard","meta":{"jetpack_post_was_ever_published":false,"_jetpack_newsletter_access":"","_jetpack_dont_email_post_to_subs":false,"_jetpack_newsletter_tier_id":0,"_jetpack_memberships_contains_paywalled_content":false,"_jetpack_memberships_contains_paid_content":false,"footnotes":"","jetpack_publicize_message":"","jetpack_publicize_feature_enabled":true,"jetpack_social_post_already_shared":false,"jetpack_social_options":{"image_generator_settings":{"template":"highway","enabled":false},"version":2}},"categories":[1],"tags":[15,36],"class_list":["post-2974","post","type-post","status-publish","format-standard","has-post-thumbnail","hentry","category-la-piedad","tag-la-piedad","tag-principales"],"jetpack_publicize_connections":[],"jetpack_sharing_enabled":true,"featured_image_urls":{"full":["http:\/\/tvalaire.com\/wp-content\/uploads\/2017\/10\/EXHIBEN-LISTAS-DE-LOS-BECADOS-EN-EDUCACI\u00d3N-Y-PRESIDENCIA.jpg",1024,683,false],"thumbnail":["http:\/\/tvalaire.com\/wp-content\/uploads\/2017\/10\/EXHIBEN-LISTAS-DE-LOS-BECADOS-EN-EDUCACI\u00d3N-Y-PRESIDENCIA-150x150.jpg",150,150,true],"medium":["http:\/\/tvalaire.com\/wp-content\/uploads\/2017\/10\/EXHIBEN-LISTAS-DE-LOS-BECADOS-EN-EDUCACI\u00d3N-Y-PRESIDENCIA-300x200.jpg",300,200,true],"medium_large":["http:\/\/tvalaire.com\/wp-content\/uploads\/2017\/10\/EXHIBEN-LISTAS-DE-LOS-BECADOS-EN-EDUCACI\u00d3N-Y-PRESIDENCIA-768x512.jpg",640,427,true],"large":["http:\/\/tvalaire.com\/wp-content\/uploads\/2017\/10\/EXHIBEN-LISTAS-DE-LOS-BECADOS-EN-EDUCACI\u00d3N-Y-PRESIDENCIA-1024x683.jpg",640,427,true],"post-slider-thumb-size":["http:\/\/tvalaire.com\/wp-content\/uploads\/2017\/10\/EXHIBEN-LISTAS-DE-LOS-BECADOS-EN-EDUCACI\u00d3N-Y-PRESIDENCIA.jpg",285,190,false],"post-category-slider-size":["http:\/\/tvalaire.com\/wp-content\/uploads\/2017\/10\/EXHIBEN-LISTAS-DE-LOS-BECADOS-EN-EDUCACI\u00d3N-Y-PRESIDENCIA.jpg",330,220,false],"1536x1536":["http:\/\/tvalaire.com\/wp-content\/uploads\/2017\/10\/EXHIBEN-LISTAS-DE-LOS-BECADOS-EN-EDUCACI\u00d3N-Y-PRESIDENCIA.jpg",1024,683,false],"2048x2048":["http:\/\/tvalaire.com\/wp-content\/uploads\/2017\/10\/EXHIBEN-LISTAS-DE-LOS-BECADOS-EN-EDUCACI\u00d3N-Y-PRESIDENCIA.jpg",1024,683,false],"newsium-slider-full":["http:\/\/tvalaire.com\/wp-content\/uploads\/2017\/10\/EXHIBEN-LISTAS-DE-LOS-BECADOS-EN-EDUCACI\u00d3N-Y-PRESIDENCIA.jpg",1024,683,false],"newsium-featured":["http:\/\/tvalaire.com\/wp-content\/uploads\/2017\/10\/EXHIBEN-LISTAS-DE-LOS-BECADOS-EN-EDUCACI\u00d3N-Y-PRESIDENCIA.jpg",1024,683,false],"newsium-medium":["http:\/\/tvalaire.com\/wp-content\/uploads\/2017\/10\/EXHIBEN-LISTAS-DE-LOS-BECADOS-EN-EDUCACI\u00d3N-Y-PRESIDENCIA.jpg",712,475,false]},"author_info":{"info":["tvalairenoti"]},"category_info":"<a href=\"http:\/\/tvalaire.com\/?cat=1\" rel=\"category\">La Piedad<\/a>","tag_info":"La Piedad","comment_count":"0","jetpack_featured_media_url":"http:\/\/tvalaire.com\/wp-content\/uploads\/2017\/10\/EXHIBEN-LISTAS-DE-LOS-BECADOS-EN-EDUCACI\u00d3N-Y-PRESIDENCIA.jpg","_links":{"self":[{"href":"http:\/\/tvalaire.com\/index.php?rest_route=\/wp\/v2\/posts\/2974"}],"collection":[{"href":"http:\/\/tvalaire.com\/index.php?rest_route=\/wp\/v2\/posts"}],"about":[{"href":"http:\/\/tvalaire.com\/index.php?rest_route=\/wp\/v2\/types\/post"}],"author":[{"embeddable":true,"href":"http:\/\/tvalaire.com\/index.php?rest_route=\/wp\/v2\/users\/1"}],"replies":[{"embeddable":true,"href":"http:\/\/tvalaire.com\/index.php?rest_route=%2Fwp%2Fv2%2Fcomments&post=2974"}],"version-history":[{"count":1,"href":"http:\/\/tvalaire.com\/index.php?rest_route=\/wp\/v2\/posts\/2974\/revisions"}],"predecessor-version":[{"id":2975,"href":"http:\/\/tvalaire.com\/index.php?rest_route=\/wp\/v2\/posts\/2974\/revisions\/2975"}],"wp:featuredmedia":[{"embeddable":true,"href":"http:\/\/tvalaire.com\/index.php?rest_route=\/wp\/v2\/media\/2968"}],"wp:attachment":[{"href":"http:\/\/tvalaire.com\/index.php?rest_route=%2Fwp%2Fv2%2Fmedia&parent=2974"}],"wp:term":[{"taxonomy":"category","embeddable":true,"href":"http:\/\/tvalaire.com\/index.php?rest_route=%2Fwp%2Fv2%2Fcategories&post=2974"},{"taxonomy":"post_tag","embeddable":true,"href":"http:\/\/tvalaire.com\/index.php?rest_route=%2Fwp%2Fv2%2Ftags&post=2974"}],"curies":[{"name":"wp","href":"https:\/\/api.w.org\/{rel}","templated":true}]}}