{"id":2972,"date":"2017-10-31T09:55:03","date_gmt":"2017-10-31T15:55:03","guid":{"rendered":"http:\/\/tvalaire.com\/?p=2972"},"modified":"2017-10-31T09:55:03","modified_gmt":"2017-10-31T15:55:03","slug":"vendra-embajada-americana-a-tramitar-la-pension-de-quienes-laboraron-en-ee-uu","status":"publish","type":"post","link":"http:\/\/tvalaire.com\/?p=2972","title":{"rendered":"VENDR\u00c1 EMBAJADA AMERICANA A TRAMITAR LA PENSI\u00d3N DE QUIENES LABORARON EN EE.UU"},"content":{"rendered":"<p>La Unidad de Beneficios Federales de la Embajada Americana con sede en la Ciudad de M\u00e9xico, dio dos fechas m\u00e1s para venir a La Piedad a tramitar la pensi\u00f3n de personas que laboraron en Estados Unidos con un seguro social bueno.<\/p>\n<p>Las fechas que ya se tienen agendadas para visitar la ciudad son, los d\u00edas 14 y 15 de noviembre, fechas en las cuales se prev\u00e9 atender 40 personas por d\u00eda, es decir un total de 80.<\/p>\n<p>Por tal motivo, el Gobierno Municipal a trav\u00e9s de la direcci\u00f3n de Vinculaci\u00f3n Internacional hizo un llamado a los familiares de personas que laboraron durante mucho tiempo en Estados Unidos con un n\u00famero de seguridad social bueno y que est\u00e9n interesados en tramitar su pensi\u00f3n, para que acudan a la dependencia a solicitar una ficha de atenci\u00f3n.<\/p>\n<p>Dentro de los requisitos que deber\u00e1n presentar en la direcci\u00f3n de Vinculaci\u00f3n se encuentran:<\/p>\n<p>N\u00famero del Seguro Social, INE, Comprobante de domicilio y Acta de nacimiento.<\/p>\n<p>Cabe aclarar que los casos que atender\u00e1 el personal de la Embajada Americana en esta ocasi\u00f3n, es \u00fanicamente casos nuevos, por tanto quienes ya se les atendi\u00f3 en la pasada visita que hizo el personal a esta ciudad y que por alguna raz\u00f3n no estuvieron de acuerdo con la respuesta, no se atender\u00e1n.<\/p>\n<p>A los interesados en iniciar sus tr\u00e1mites, se les invit\u00f3 a pasar desde ahora para ir programando las fichas, pues est\u00e1n limitados a recibir solo 80 solicitudes.<\/p>\n<p>Para mayor informaci\u00f3n, acudir a la direcci\u00f3n de Vinculaci\u00f3n Internacional ubicada en la calle Guerrero n\u00famero 130 en la colonia centro.<\/p>\n<p>&nbsp;<\/p>\n","protected":false},"excerpt":{"rendered":"<p>La Unidad de Beneficios Federales de la Embajada Americana con sede en la Ciudad de&#8230;<\/p>\n","protected":false},"author":1,"featured_media":2970,"comment_status":"open","ping_status":"open","sticky":false,"template":"","format":"standard","meta":{"jetpack_post_was_ever_published":false,"_jetpack_newsletter_access":"","_jetpack_dont_email_post_to_subs":false,"_jetpack_newsletter_tier_id":0,"_jetpack_memberships_contains_paywalled_content":false,"_jetpack_memberships_contains_paid_content":false,"footnotes":"","jetpack_publicize_message":"","jetpack_publicize_feature_enabled":true,"jetpack_social_post_already_shared":false,"jetpack_social_options":{"image_generator_settings":{"template":"highway","enabled":false},"version":2}},"categories":[1],"tags":[15,36],"class_list":["post-2972","post","type-post","status-publish","format-standard","has-post-thumbnail","hentry","category-la-piedad","tag-la-piedad","tag-principales"],"jetpack_publicize_connections":[],"jetpack_sharing_enabled":true,"featured_image_urls":{"full":["http:\/\/tvalaire.com\/wp-content\/uploads\/2017\/10\/VENDR\u00c1-EMBAJADA-AMERICANA-A-TRAMITAR-LA-PENSI\u00d3N-DE-QUIENES-LABORARON-EN-EE.jpg",1600,1200,false],"thumbnail":["http:\/\/tvalaire.com\/wp-content\/uploads\/2017\/10\/VENDR\u00c1-EMBAJADA-AMERICANA-A-TRAMITAR-LA-PENSI\u00d3N-DE-QUIENES-LABORARON-EN-EE-150x150.jpg",150,150,true],"medium":["http:\/\/tvalaire.com\/wp-content\/uploads\/2017\/10\/VENDR\u00c1-EMBAJADA-AMERICANA-A-TRAMITAR-LA-PENSI\u00d3N-DE-QUIENES-LABORARON-EN-EE-300x225.jpg",300,225,true],"medium_large":["http:\/\/tvalaire.com\/wp-content\/uploads\/2017\/10\/VENDR\u00c1-EMBAJADA-AMERICANA-A-TRAMITAR-LA-PENSI\u00d3N-DE-QUIENES-LABORARON-EN-EE-768x576.jpg",640,480,true],"large":["http:\/\/tvalaire.com\/wp-content\/uploads\/2017\/10\/VENDR\u00c1-EMBAJADA-AMERICANA-A-TRAMITAR-LA-PENSI\u00d3N-DE-QUIENES-LABORARON-EN-EE-1024x768.jpg",640,480,true],"post-slider-thumb-size":["http:\/\/tvalaire.com\/wp-content\/uploads\/2017\/10\/VENDR\u00c1-EMBAJADA-AMERICANA-A-TRAMITAR-LA-PENSI\u00d3N-DE-QUIENES-LABORARON-EN-EE.jpg",253,190,false],"post-category-slider-size":["http:\/\/tvalaire.com\/wp-content\/uploads\/2017\/10\/VENDR\u00c1-EMBAJADA-AMERICANA-A-TRAMITAR-LA-PENSI\u00d3N-DE-QUIENES-LABORARON-EN-EE.jpg",330,248,false],"1536x1536":["http:\/\/tvalaire.com\/wp-content\/uploads\/2017\/10\/VENDR\u00c1-EMBAJADA-AMERICANA-A-TRAMITAR-LA-PENSI\u00d3N-DE-QUIENES-LABORARON-EN-EE.jpg",1536,1152,false],"2048x2048":["http:\/\/tvalaire.com\/wp-content\/uploads\/2017\/10\/VENDR\u00c1-EMBAJADA-AMERICANA-A-TRAMITAR-LA-PENSI\u00d3N-DE-QUIENES-LABORARON-EN-EE.jpg",1600,1200,false],"newsium-slider-full":["http:\/\/tvalaire.com\/wp-content\/uploads\/2017\/10\/VENDR\u00c1-EMBAJADA-AMERICANA-A-TRAMITAR-LA-PENSI\u00d3N-DE-QUIENES-LABORARON-EN-EE.jpg",1127,845,false],"newsium-featured":["http:\/\/tvalaire.com\/wp-content\/uploads\/2017\/10\/VENDR\u00c1-EMBAJADA-AMERICANA-A-TRAMITAR-LA-PENSI\u00d3N-DE-QUIENES-LABORARON-EN-EE.jpg",1024,768,false],"newsium-medium":["http:\/\/tvalaire.com\/wp-content\/uploads\/2017\/10\/VENDR\u00c1-EMBAJADA-AMERICANA-A-TRAMITAR-LA-PENSI\u00d3N-DE-QUIENES-LABORARON-EN-EE.jpg",633,475,false]},"author_info":{"info":["tvalairenoti"]},"category_info":"<a href=\"http:\/\/tvalaire.com\/?cat=1\" rel=\"category\">La Piedad<\/a>","tag_info":"La Piedad","comment_count":"0","jetpack_featured_media_url":"http:\/\/tvalaire.com\/wp-content\/uploads\/2017\/10\/VENDR\u00c1-EMBAJADA-AMERICANA-A-TRAMITAR-LA-PENSI\u00d3N-DE-QUIENES-LABORARON-EN-EE.jpg","_links":{"self":[{"href":"http:\/\/tvalaire.com\/index.php?rest_route=\/wp\/v2\/posts\/2972"}],"collection":[{"href":"http:\/\/tvalaire.com\/index.php?rest_route=\/wp\/v2\/posts"}],"about":[{"href":"http:\/\/tvalaire.com\/index.php?rest_route=\/wp\/v2\/types\/post"}],"author":[{"embeddable":true,"href":"http:\/\/tvalaire.com\/index.php?rest_route=\/wp\/v2\/users\/1"}],"replies":[{"embeddable":true,"href":"http:\/\/tvalaire.com\/index.php?rest_route=%2Fwp%2Fv2%2Fcomments&post=2972"}],"version-history":[{"count":1,"href":"http:\/\/tvalaire.com\/index.php?rest_route=\/wp\/v2\/posts\/2972\/revisions"}],"predecessor-version":[{"id":2973,"href":"http:\/\/tvalaire.com\/index.php?rest_route=\/wp\/v2\/posts\/2972\/revisions\/2973"}],"wp:featuredmedia":[{"embeddable":true,"href":"http:\/\/tvalaire.com\/index.php?rest_route=\/wp\/v2\/media\/2970"}],"wp:attachment":[{"href":"http:\/\/tvalaire.com\/index.php?rest_route=%2Fwp%2Fv2%2Fmedia&parent=2972"}],"wp:term":[{"taxonomy":"category","embeddable":true,"href":"http:\/\/tvalaire.com\/index.php?rest_route=%2Fwp%2Fv2%2Fcategories&post=2972"},{"taxonomy":"post_tag","embeddable":true,"href":"http:\/\/tvalaire.com\/index.php?rest_route=%2Fwp%2Fv2%2Ftags&post=2972"}],"curies":[{"name":"wp","href":"https:\/\/api.w.org\/{rel}","templated":true}]}}