{"id":297,"date":"2017-02-03T09:49:46","date_gmt":"2017-02-03T15:49:46","guid":{"rendered":"http:\/\/tvalaire.com\/?p=297"},"modified":"2017-02-04T21:32:53","modified_gmt":"2017-02-05T03:32:53","slug":"autoriza-cabildo-al-imm-suscribir-convenios-gubernamentales-para-acceder-a-recursos","status":"publish","type":"post","link":"http:\/\/tvalaire.com\/?p=297","title":{"rendered":"Autoriza Cabildo al IMM Suscribir Convenios Gubernamentales Para Acceder a Recursos"},"content":{"rendered":"<p class=\"xmsonormal\" style=\"text-align: justify; background: white;\">\n<p class=\"xmsonormal\" style=\"text-align: justify; background: white;\"><span style=\"font-size: 10.0pt; font-family: 'Arial','sans-serif'; color: #212121;\">Integrantes del Cabildo de La Piedad autorizaron de manera un\u00e1nime, a la titular del Instituto Municipal de la Mujer (IMM), para que pueda suscribir convenios con entidades gubernamentales de orden Federal y Estatal como (INMUJER, SEDESOL, INDESOL), lo anterior en base a la documentaci\u00f3n que se requiere por parte del INMUJERES, como parte de las bases de participaci\u00f3n en el Programa de Fortalecimiento a la Transversalidad de la Perspectiva de G\u00e9nero y cualquier otro programa Federal o Estatal.<\/span><\/p>\n<p class=\"xmsonormal\" style=\"text-align: justify; background: white;\"><span style=\"font-size: 10.0pt; font-family: 'Arial','sans-serif'; color: #212121;\">El tema fue analizado en reuni\u00f3n de Ayuntamiento, en la que se especific\u00f3 que uno de los objetivos de la firma de este convenio es incorporar las pol\u00edticas de igualdad de g\u00e9nero en los tres \u00f3rdenes de gobierno y fortalecer su institucionalizaci\u00f3n en la cultura organizacional que sea incluida en el proyecto que se denomina \u201cPor una nueva ideolog\u00eda de igualdad y equidad de g\u00e9nero para las mujeres y ni\u00f1as\u201d.<\/span><\/p>\n<p class=\"xmsonormal\" style=\"text-align: justify; background: white;\"><span style=\"font-size: 10.0pt; font-family: 'Arial','sans-serif'; color: #212121;\">Una de las metas que se tienen establecidas dentro de este proyecto es incorporar la perspectiva de g\u00e9nero como eje rector transversal en el Plan Municipal de Desarrollo.<\/span><\/p>\n<p class=\"xmsonormal\" style=\"text-align: justify; background: white;\"><span style=\"font-size: 10.0pt; font-family: 'Arial','sans-serif'; color: #212121;\">El eje tem\u00e1tico son las acciones para la igualdad entre mujeres y hombres para orientar y promover la integraci\u00f3n de la igualdad de g\u00e9nero en el dise\u00f1o, ejecuci\u00f3n y evaluaci\u00f3n de las pol\u00edticas p\u00fablicas.<\/span><\/p>\n<p class=\"xmsonormal\" style=\"text-align: justify; background: white;\"><span style=\"font-size: 10.0pt; font-family: 'Arial','sans-serif'; color: #212121;\">Dentro de las metas que se tienen establecidas se encuentra, presentar una propuesta para incorporar la perspectiva de g\u00e9nero como eje rector transversal en el Plan Municipal de Desarrollo; adquisici\u00f3n de mobiliario y equipo de uso exclusivo para el Instituto Municipal de la Mujer para un profesionista que ser\u00e1 contratado para brindar atenci\u00f3n, asesor\u00eda y pl\u00e1ticas de sensibilizaci\u00f3n dirigidos a la ciudadan\u00eda, as\u00ed como contrataci\u00f3n de una profesionista durante ocho meses que brindar\u00e1 asesor\u00eda y pl\u00e1ticas de sensibilizaci\u00f3n en materia de g\u00e9nero dirigidas al personal de la administraci\u00f3n p\u00fablica y a la ciudadan\u00eda.<\/span><\/p>\n","protected":false},"excerpt":{"rendered":"<p>Integrantes del Cabildo de La Piedad autorizaron de manera un\u00e1nime, a la titular del Instituto&#8230;<\/p>\n","protected":false},"author":1,"featured_media":298,"comment_status":"open","ping_status":"open","sticky":false,"template":"","format":"standard","meta":{"jetpack_post_was_ever_published":false,"_jetpack_newsletter_access":"","_jetpack_dont_email_post_to_subs":false,"_jetpack_newsletter_tier_id":0,"_jetpack_memberships_contains_paywalled_content":false,"_jetpack_memberships_contains_paid_content":false,"footnotes":"","jetpack_publicize_message":"","jetpack_publicize_feature_enabled":true,"jetpack_social_post_already_shared":false,"jetpack_social_options":{"image_generator_settings":{"template":"highway","enabled":false},"version":2}},"categories":[1],"tags":[],"class_list":["post-297","post","type-post","status-publish","format-standard","has-post-thumbnail","hentry","category-la-piedad"],"jetpack_publicize_connections":[],"jetpack_sharing_enabled":true,"featured_image_urls":{"full":["http:\/\/tvalaire.com\/wp-content\/uploads\/2017\/02\/AUTORIZA-CABILDO-AL-IMM-SUSCRIBIR-CONVENIOS-GUBERNAMENTALES-PARA-ACCEDER-A-RECURSOS.jpg",1024,683,false],"thumbnail":["http:\/\/tvalaire.com\/wp-content\/uploads\/2017\/02\/AUTORIZA-CABILDO-AL-IMM-SUSCRIBIR-CONVENIOS-GUBERNAMENTALES-PARA-ACCEDER-A-RECURSOS-150x150.jpg",150,150,true],"medium":["http:\/\/tvalaire.com\/wp-content\/uploads\/2017\/02\/AUTORIZA-CABILDO-AL-IMM-SUSCRIBIR-CONVENIOS-GUBERNAMENTALES-PARA-ACCEDER-A-RECURSOS-300x200.jpg",300,200,true],"medium_large":["http:\/\/tvalaire.com\/wp-content\/uploads\/2017\/02\/AUTORIZA-CABILDO-AL-IMM-SUSCRIBIR-CONVENIOS-GUBERNAMENTALES-PARA-ACCEDER-A-RECURSOS-768x512.jpg",640,427,true],"large":["http:\/\/tvalaire.com\/wp-content\/uploads\/2017\/02\/AUTORIZA-CABILDO-AL-IMM-SUSCRIBIR-CONVENIOS-GUBERNAMENTALES-PARA-ACCEDER-A-RECURSOS-1024x683.jpg",640,427,true],"post-slider-thumb-size":["http:\/\/tvalaire.com\/wp-content\/uploads\/2017\/02\/AUTORIZA-CABILDO-AL-IMM-SUSCRIBIR-CONVENIOS-GUBERNAMENTALES-PARA-ACCEDER-A-RECURSOS.jpg",285,190,false],"post-category-slider-size":["http:\/\/tvalaire.com\/wp-content\/uploads\/2017\/02\/AUTORIZA-CABILDO-AL-IMM-SUSCRIBIR-CONVENIOS-GUBERNAMENTALES-PARA-ACCEDER-A-RECURSOS.jpg",330,220,false],"1536x1536":["http:\/\/tvalaire.com\/wp-content\/uploads\/2017\/02\/AUTORIZA-CABILDO-AL-IMM-SUSCRIBIR-CONVENIOS-GUBERNAMENTALES-PARA-ACCEDER-A-RECURSOS.jpg",1024,683,false],"2048x2048":["http:\/\/tvalaire.com\/wp-content\/uploads\/2017\/02\/AUTORIZA-CABILDO-AL-IMM-SUSCRIBIR-CONVENIOS-GUBERNAMENTALES-PARA-ACCEDER-A-RECURSOS.jpg",1024,683,false],"newsium-slider-full":["http:\/\/tvalaire.com\/wp-content\/uploads\/2017\/02\/AUTORIZA-CABILDO-AL-IMM-SUSCRIBIR-CONVENIOS-GUBERNAMENTALES-PARA-ACCEDER-A-RECURSOS.jpg",1024,683,false],"newsium-featured":["http:\/\/tvalaire.com\/wp-content\/uploads\/2017\/02\/AUTORIZA-CABILDO-AL-IMM-SUSCRIBIR-CONVENIOS-GUBERNAMENTALES-PARA-ACCEDER-A-RECURSOS.jpg",1024,683,false],"newsium-medium":["http:\/\/tvalaire.com\/wp-content\/uploads\/2017\/02\/AUTORIZA-CABILDO-AL-IMM-SUSCRIBIR-CONVENIOS-GUBERNAMENTALES-PARA-ACCEDER-A-RECURSOS.jpg",712,475,false]},"author_info":{"info":["tvalairenoti"]},"category_info":"<a href=\"http:\/\/tvalaire.com\/?cat=1\" rel=\"category\">La Piedad<\/a>","tag_info":"La Piedad","comment_count":"0","jetpack_featured_media_url":"http:\/\/tvalaire.com\/wp-content\/uploads\/2017\/02\/AUTORIZA-CABILDO-AL-IMM-SUSCRIBIR-CONVENIOS-GUBERNAMENTALES-PARA-ACCEDER-A-RECURSOS.jpg","_links":{"self":[{"href":"http:\/\/tvalaire.com\/index.php?rest_route=\/wp\/v2\/posts\/297"}],"collection":[{"href":"http:\/\/tvalaire.com\/index.php?rest_route=\/wp\/v2\/posts"}],"about":[{"href":"http:\/\/tvalaire.com\/index.php?rest_route=\/wp\/v2\/types\/post"}],"author":[{"embeddable":true,"href":"http:\/\/tvalaire.com\/index.php?rest_route=\/wp\/v2\/users\/1"}],"replies":[{"embeddable":true,"href":"http:\/\/tvalaire.com\/index.php?rest_route=%2Fwp%2Fv2%2Fcomments&post=297"}],"version-history":[{"count":2,"href":"http:\/\/tvalaire.com\/index.php?rest_route=\/wp\/v2\/posts\/297\/revisions"}],"predecessor-version":[{"id":315,"href":"http:\/\/tvalaire.com\/index.php?rest_route=\/wp\/v2\/posts\/297\/revisions\/315"}],"wp:featuredmedia":[{"embeddable":true,"href":"http:\/\/tvalaire.com\/index.php?rest_route=\/wp\/v2\/media\/298"}],"wp:attachment":[{"href":"http:\/\/tvalaire.com\/index.php?rest_route=%2Fwp%2Fv2%2Fmedia&parent=297"}],"wp:term":[{"taxonomy":"category","embeddable":true,"href":"http:\/\/tvalaire.com\/index.php?rest_route=%2Fwp%2Fv2%2Fcategories&post=297"},{"taxonomy":"post_tag","embeddable":true,"href":"http:\/\/tvalaire.com\/index.php?rest_route=%2Fwp%2Fv2%2Ftags&post=297"}],"curies":[{"name":"wp","href":"https:\/\/api.w.org\/{rel}","templated":true}]}}