{"id":2966,"date":"2017-10-31T09:54:27","date_gmt":"2017-10-31T15:54:27","guid":{"rendered":"http:\/\/tvalaire.com\/?p=2966"},"modified":"2017-10-31T09:54:27","modified_gmt":"2017-10-31T15:54:27","slug":"buscamos-incidir-en-la-sociedad-para-que-puedan-ser-gestores-del-futuro-rector-univa","status":"publish","type":"post","link":"http:\/\/tvalaire.com\/?p=2966","title":{"rendered":"\u201cBUSCAMOS INCIDIR EN LA SOCIEDAD PARA QUE PUEDAN SER GESTORES DEL FUTURO\u201d: RECTOR UNIVA"},"content":{"rendered":"<p class=\"xmsonormal\" style=\"text-align: justify; background: white; font-variant-ligatures: normal; font-variant-caps: normal; orphans: 2; widows: 2; -webkit-text-stroke-width: 0px; text-decoration-style: initial; text-decoration-color: initial; word-spacing: 0px;\"><span style=\"font-family: 'Arial','sans-serif'; color: #212121;\">El Presidente Municipal, felicit\u00f3 a la red UNIVA por sus 55 a\u00f1os de trayectoria a nivel nacional y 32 a\u00f1os de permanencia en La Piedad en donde han brindado un respaldo a la poblaci\u00f3n.<\/span><\/p>\n<p class=\"xmsonormal\" style=\"text-align: justify; background: white; font-variant-ligatures: normal; font-variant-caps: normal; orphans: 2; widows: 2; -webkit-text-stroke-width: 0px; text-decoration-style: initial; text-decoration-color: initial; word-spacing: 0px;\"><span style=\"font-family: 'Arial','sans-serif'; color: #212121;\">En este sentido, agradeci\u00f3 el que le hayan permitido el auditorio para la presentaci\u00f3n de la conferencia sobre prevenci\u00f3n del delito que habr\u00e1 de ofrecerse el 3 de noviembre, en las mismas fechas de las actividades de la Semana UNIVA en la cual se contar\u00e1 con la presencia de conferencistas como Sebasti\u00e1n Marroqu\u00edn, hijo de Pablo Escobar Gaviria, as\u00ed como el productor y actor Facundo, quienes narrar\u00e1n su experiencia de vida para dejar un mensaje a los j\u00f3venes.<\/span><\/p>\n<p class=\"xmsonormal\" style=\"text-align: justify; background: white; font-variant-ligatures: normal; font-variant-caps: normal; orphans: 2; widows: 2; -webkit-text-stroke-width: 0px; text-decoration-style: initial; text-decoration-color: initial; word-spacing: 0px;\"><span style=\"font-family: 'Arial','sans-serif'; color: #212121;\">El rector del sistema UNIVA, Francisco Ram\u00edrez Y\u00e1\u00f1ez resalt\u00f3 el que a trav\u00e9s de las diversas actividades que realizar\u00e1 el plantel durante esta semana, se promover\u00e1 la identidad y el sentido de pertenencia, se\u00f1al de que la instituci\u00f3n crece no s\u00f3lo en cuanto al n\u00famero de personas que la integran, sino por la identidad y la formaci\u00f3n de valores que promueve.<\/span><\/p>\n<p class=\"xmsonormal\" style=\"text-align: justify; background: white; font-variant-ligatures: normal; font-variant-caps: normal; orphans: 2; widows: 2; -webkit-text-stroke-width: 0px; text-decoration-style: initial; text-decoration-color: initial; word-spacing: 0px;\"><span style=\"font-family: 'Arial','sans-serif'; color: #212121;\">Durante esta semana, no se recordar\u00e1 s\u00f3lo lo que se fue, sino todos los logros obtenidos a lo largo de 55 a\u00f1os del proyecto UNIVA y los 32 que tiene en La Piedad, en donde busca incidir en la sociedad para que sean gestores del futuro, pues en el pa\u00eds, la sociedad cada d\u00eda toma m\u00e1s conciencia de su papel.<\/span><\/p>\n<p class=\"xmsonormal\" style=\"text-align: justify; background: white; font-variant-ligatures: normal; font-variant-caps: normal; orphans: 2; widows: 2; -webkit-text-stroke-width: 0px; text-decoration-style: initial; text-decoration-color: initial; word-spacing: 0px;\"><span style=\"font-family: 'Arial','sans-serif'; color: #212121;\">Por tanto las universidades deben responder no s\u00f3lo en la formaci\u00f3n acad\u00e9mica de los estudiantes, sino en formar personas de bien y ciudadanos participativos; de ah\u00ed que buscan que los j\u00f3venes se identifiquen con este proyecto y se sientan herederos para que puedan responsabilizarse de ser protagonistas de su futuro y puedan ser gestores.<\/span><\/p>\n<p class=\"xmsonormal\" style=\"text-align: justify; background: white; font-variant-ligatures: normal; font-variant-caps: normal; orphans: 2; widows: 2; -webkit-text-stroke-width: 0px; text-decoration-style: initial; text-decoration-color: initial; word-spacing: 0px;\"><span style=\"font-family: 'Arial','sans-serif'; color: #212121;\">En la rueda de prensa, tambi\u00e9n asisti\u00f3 Luis Manuel Salda\u00f1a Aguilar como miembro de la Fundaci\u00f3n para la Educaci\u00f3n \u201cCuenca del Lerma; la directora de UNIVA La Piedad, Natalia Alejandra Salinas Bravo dio a conocer el programa de actividades para esta semana en donde se incluyen 12 actividades art\u00edsticas, as\u00ed como varios eventos acad\u00e9micos y el Festival de D\u00eda de Muertos en donde se contar\u00e1 con la participaci\u00f3n de varias preparatorias y muchas actividades m\u00e1s.<\/span><\/p>\n","protected":false},"excerpt":{"rendered":"<p>El Presidente Municipal, felicit\u00f3 a la red UNIVA por sus 55 a\u00f1os de trayectoria a&#8230;<\/p>\n","protected":false},"author":1,"featured_media":2967,"comment_status":"open","ping_status":"open","sticky":false,"template":"","format":"standard","meta":{"jetpack_post_was_ever_published":false,"_jetpack_newsletter_access":"","_jetpack_dont_email_post_to_subs":false,"_jetpack_newsletter_tier_id":0,"_jetpack_memberships_contains_paywalled_content":false,"_jetpack_memberships_contains_paid_content":false,"footnotes":"","jetpack_publicize_message":"","jetpack_publicize_feature_enabled":true,"jetpack_social_post_already_shared":false,"jetpack_social_options":{"image_generator_settings":{"template":"highway","enabled":false},"version":2}},"categories":[1],"tags":[15,36],"class_list":["post-2966","post","type-post","status-publish","format-standard","has-post-thumbnail","hentry","category-la-piedad","tag-la-piedad","tag-principales"],"jetpack_publicize_connections":[],"jetpack_sharing_enabled":true,"featured_image_urls":{"full":["http:\/\/tvalaire.com\/wp-content\/uploads\/2017\/10\/BUSCAMOS-INCIDIR-EN-LA-SOCIEDAD-PARA-QUE-PUEDAN-SER-GESTORES-DEL-FUTURO-RECTOR-UNIVA.jpg",640,427,false],"thumbnail":["http:\/\/tvalaire.com\/wp-content\/uploads\/2017\/10\/BUSCAMOS-INCIDIR-EN-LA-SOCIEDAD-PARA-QUE-PUEDAN-SER-GESTORES-DEL-FUTURO-RECTOR-UNIVA-150x150.jpg",150,150,true],"medium":["http:\/\/tvalaire.com\/wp-content\/uploads\/2017\/10\/BUSCAMOS-INCIDIR-EN-LA-SOCIEDAD-PARA-QUE-PUEDAN-SER-GESTORES-DEL-FUTURO-RECTOR-UNIVA-300x200.jpg",300,200,true],"medium_large":["http:\/\/tvalaire.com\/wp-content\/uploads\/2017\/10\/BUSCAMOS-INCIDIR-EN-LA-SOCIEDAD-PARA-QUE-PUEDAN-SER-GESTORES-DEL-FUTURO-RECTOR-UNIVA.jpg",640,427,false],"large":["http:\/\/tvalaire.com\/wp-content\/uploads\/2017\/10\/BUSCAMOS-INCIDIR-EN-LA-SOCIEDAD-PARA-QUE-PUEDAN-SER-GESTORES-DEL-FUTURO-RECTOR-UNIVA.jpg",640,427,false],"post-slider-thumb-size":["http:\/\/tvalaire.com\/wp-content\/uploads\/2017\/10\/BUSCAMOS-INCIDIR-EN-LA-SOCIEDAD-PARA-QUE-PUEDAN-SER-GESTORES-DEL-FUTURO-RECTOR-UNIVA.jpg",285,190,false],"post-category-slider-size":["http:\/\/tvalaire.com\/wp-content\/uploads\/2017\/10\/BUSCAMOS-INCIDIR-EN-LA-SOCIEDAD-PARA-QUE-PUEDAN-SER-GESTORES-DEL-FUTURO-RECTOR-UNIVA.jpg",330,220,false],"1536x1536":["http:\/\/tvalaire.com\/wp-content\/uploads\/2017\/10\/BUSCAMOS-INCIDIR-EN-LA-SOCIEDAD-PARA-QUE-PUEDAN-SER-GESTORES-DEL-FUTURO-RECTOR-UNIVA.jpg",640,427,false],"2048x2048":["http:\/\/tvalaire.com\/wp-content\/uploads\/2017\/10\/BUSCAMOS-INCIDIR-EN-LA-SOCIEDAD-PARA-QUE-PUEDAN-SER-GESTORES-DEL-FUTURO-RECTOR-UNIVA.jpg",640,427,false],"newsium-slider-full":["http:\/\/tvalaire.com\/wp-content\/uploads\/2017\/10\/BUSCAMOS-INCIDIR-EN-LA-SOCIEDAD-PARA-QUE-PUEDAN-SER-GESTORES-DEL-FUTURO-RECTOR-UNIVA.jpg",640,427,false],"newsium-featured":["http:\/\/tvalaire.com\/wp-content\/uploads\/2017\/10\/BUSCAMOS-INCIDIR-EN-LA-SOCIEDAD-PARA-QUE-PUEDAN-SER-GESTORES-DEL-FUTURO-RECTOR-UNIVA.jpg",640,427,false],"newsium-medium":["http:\/\/tvalaire.com\/wp-content\/uploads\/2017\/10\/BUSCAMOS-INCIDIR-EN-LA-SOCIEDAD-PARA-QUE-PUEDAN-SER-GESTORES-DEL-FUTURO-RECTOR-UNIVA.jpg",640,427,false]},"author_info":{"info":["tvalairenoti"]},"category_info":"<a href=\"http:\/\/tvalaire.com\/?cat=1\" rel=\"category\">La Piedad<\/a>","tag_info":"La Piedad","comment_count":"0","jetpack_featured_media_url":"http:\/\/tvalaire.com\/wp-content\/uploads\/2017\/10\/BUSCAMOS-INCIDIR-EN-LA-SOCIEDAD-PARA-QUE-PUEDAN-SER-GESTORES-DEL-FUTURO-RECTOR-UNIVA.jpg","_links":{"self":[{"href":"http:\/\/tvalaire.com\/index.php?rest_route=\/wp\/v2\/posts\/2966"}],"collection":[{"href":"http:\/\/tvalaire.com\/index.php?rest_route=\/wp\/v2\/posts"}],"about":[{"href":"http:\/\/tvalaire.com\/index.php?rest_route=\/wp\/v2\/types\/post"}],"author":[{"embeddable":true,"href":"http:\/\/tvalaire.com\/index.php?rest_route=\/wp\/v2\/users\/1"}],"replies":[{"embeddable":true,"href":"http:\/\/tvalaire.com\/index.php?rest_route=%2Fwp%2Fv2%2Fcomments&post=2966"}],"version-history":[{"count":1,"href":"http:\/\/tvalaire.com\/index.php?rest_route=\/wp\/v2\/posts\/2966\/revisions"}],"predecessor-version":[{"id":2971,"href":"http:\/\/tvalaire.com\/index.php?rest_route=\/wp\/v2\/posts\/2966\/revisions\/2971"}],"wp:featuredmedia":[{"embeddable":true,"href":"http:\/\/tvalaire.com\/index.php?rest_route=\/wp\/v2\/media\/2967"}],"wp:attachment":[{"href":"http:\/\/tvalaire.com\/index.php?rest_route=%2Fwp%2Fv2%2Fmedia&parent=2966"}],"wp:term":[{"taxonomy":"category","embeddable":true,"href":"http:\/\/tvalaire.com\/index.php?rest_route=%2Fwp%2Fv2%2Fcategories&post=2966"},{"taxonomy":"post_tag","embeddable":true,"href":"http:\/\/tvalaire.com\/index.php?rest_route=%2Fwp%2Fv2%2Ftags&post=2966"}],"curies":[{"name":"wp","href":"https:\/\/api.w.org\/{rel}","templated":true}]}}