{"id":2943,"date":"2017-10-25T09:13:37","date_gmt":"2017-10-25T14:13:37","guid":{"rendered":"http:\/\/tvalaire.com\/?p=2943"},"modified":"2017-10-25T09:13:37","modified_gmt":"2017-10-25T14:13:37","slug":"invitan-a-presenciar-el-cortometraje-1985","status":"publish","type":"post","link":"http:\/\/tvalaire.com\/?p=2943","title":{"rendered":"INVITAN A PRESENCIAR EL CORTOMETRAJE 1985"},"content":{"rendered":"<p class=\"xmsonormal\" style=\"text-align: justify; background: white; font-variant-ligatures: normal; font-variant-caps: normal; orphans: 2; widows: 2; -webkit-text-stroke-width: 0px; text-decoration-style: initial; text-decoration-color: initial; word-spacing: 0px;\"><span style=\"font-family: 'Arial','sans-serif'; color: #212121;\">El Gobierno Municipal, Radio Auxilio Voluntario y los Topos locales, invitaron a la poblaci\u00f3n al estreno nacional del cortometraje \u201c1985. El triunfo de la gente sobre la devastaci\u00f3n\u201d, que fue elaborado por cineastas nacionales que laboran para National Geographic.<\/span><\/p>\n<p class=\"xmsonormal\" style=\"text-align: justify; background: white; font-variant-ligatures: normal; font-variant-caps: normal; orphans: 2; widows: 2; -webkit-text-stroke-width: 0px; text-decoration-style: initial; text-decoration-color: initial; word-spacing: 0px;\"><span style=\"font-family: 'Arial','sans-serif'; color: #212121;\">La presentaci\u00f3n del cortometraje se realizar\u00e1 durante el marco del Festival de D\u00eda de Muertos 2017 que organiza la coordinaci\u00f3n de Turismo y se proyectar\u00e1 en pantalla gigante en el Teatro del Pueblo, los d\u00edas 28 y 29 de octubre a partir de las 20:00 horas.<\/span><\/p>\n<p class=\"xmsonormal\" style=\"text-align: justify; background: white; font-variant-ligatures: normal; font-variant-caps: normal; orphans: 2; widows: 2; -webkit-text-stroke-width: 0px; text-decoration-style: initial; text-decoration-color: initial; word-spacing: 0px;\"><span style=\"font-family: 'Arial','sans-serif'; color: #212121;\">La invitaci\u00f3n a la proyecci\u00f3n de este corto que tiene 21 minutos de duraci\u00f3n, fue hecha por integrantes de Radio Auxilio Voluntario, comandados por Zeus Rueda R\u00edos; Horacio Mart\u00edn S\u00e1nchez Molina; Jos\u00e9 Mar\u00eda Espinoza; Eduardo Vargas Morales integrante de Topos; B\u00e1rbara Hern\u00e1ndez Rizo y Zaida Garc\u00eda Sandoval, a trav\u00e9s de una rueda de prensa ofrecida en el Centro Cultural Piedadense.<\/span><\/p>\n<p class=\"xmsonormal\" style=\"text-align: justify; background: white; font-variant-ligatures: normal; font-variant-caps: normal; orphans: 2; widows: 2; -webkit-text-stroke-width: 0px; text-decoration-style: initial; text-decoration-color: initial; word-spacing: 0px;\"><span style=\"font-family: 'Arial','sans-serif'; color: #212121;\">En ella, expusieron que en el mismo marco de la proyecci\u00f3n de este cortometraje, tambi\u00e9n reconocer\u00e1n a la sociedad piedadense por el apoyo mostrado a nuestros hermanos que fueron damnificados por los sismos del mes de septiembre.<\/span><\/p>\n<p class=\"xmsonormal\" style=\"text-align: justify; background: white; font-variant-ligatures: normal; font-variant-caps: normal; orphans: 2; widows: 2; -webkit-text-stroke-width: 0px; text-decoration-style: initial; text-decoration-color: initial; word-spacing: 0px;\"><span style=\"font-family: 'Arial','sans-serif'; color: #212121;\">Ah\u00ed mismo, lanzar\u00e1n una programaci\u00f3n de fechas para el arranque de cursos de capacitaci\u00f3n sobre reacci\u00f3n inmediata que ayude a salvar vidas, ante una situaci\u00f3n como la que se present\u00f3 en el pa\u00eds.<\/span><\/p>\n<p class=\"xmsonormal\" style=\"text-align: justify; background: white; font-variant-ligatures: normal; font-variant-caps: normal; orphans: 2; widows: 2; -webkit-text-stroke-width: 0px; text-decoration-style: initial; text-decoration-color: initial; word-spacing: 0px;\"><span style=\"font-family: 'Arial','sans-serif'; color: #212121;\">Afortunadamente reconocieron que los simulacros de evacuaci\u00f3n que se realizan en las empresas e instituciones de ayuda son buenos, pero se requiere generar una cultura de reacci\u00f3n inmediata con personas preparadas para establecer programas de evacuaci\u00f3n tanto en la casa como en sus centros de trabajo.<\/span><\/p>\n<p class=\"xmsonormal\" style=\"text-align: justify; background: white; font-variant-ligatures: normal; font-variant-caps: normal; orphans: 2; widows: 2; -webkit-text-stroke-width: 0px; text-decoration-style: initial; text-decoration-color: initial; word-spacing: 0px;\"><span style=\"font-family: 'Arial','sans-serif'; color: #212121;\">As\u00ed mismo informaron que los d\u00edas 10 y 11 de noviembre acudir\u00e1n a Houston a un evento en donde se reconocer\u00e1 internacionalmente a los topos mexicanos, entre los cuales figuran varios piedadenses e ir\u00e1n con un doble fin; estar con las personas que merecen esta distinci\u00f3n y aprovechar las buenas relaciones para traer equipos de trabajo para la corporaci\u00f3n de auxilio voluntario en La Piedad.<\/span><\/p>\n","protected":false},"excerpt":{"rendered":"<p>El Gobierno Municipal, Radio Auxilio Voluntario y los Topos locales, invitaron a la poblaci\u00f3n al&#8230;<\/p>\n","protected":false},"author":1,"featured_media":2940,"comment_status":"open","ping_status":"open","sticky":false,"template":"","format":"standard","meta":{"jetpack_post_was_ever_published":false,"_jetpack_newsletter_access":"","_jetpack_dont_email_post_to_subs":false,"_jetpack_newsletter_tier_id":0,"_jetpack_memberships_contains_paywalled_content":false,"_jetpack_memberships_contains_paid_content":false,"footnotes":"","jetpack_publicize_message":"","jetpack_publicize_feature_enabled":true,"jetpack_social_post_already_shared":false,"jetpack_social_options":{"image_generator_settings":{"template":"highway","enabled":false},"version":2}},"categories":[1],"tags":[15,36],"class_list":["post-2943","post","type-post","status-publish","format-standard","has-post-thumbnail","hentry","category-la-piedad","tag-la-piedad","tag-principales"],"jetpack_publicize_connections":[],"jetpack_sharing_enabled":true,"featured_image_urls":{"full":["http:\/\/tvalaire.com\/wp-content\/uploads\/2017\/10\/INVITAN-A-PRESENCIAR-EL-CORTOMETRAJE-19852.jpg",1024,683,false],"thumbnail":["http:\/\/tvalaire.com\/wp-content\/uploads\/2017\/10\/INVITAN-A-PRESENCIAR-EL-CORTOMETRAJE-19852-150x150.jpg",150,150,true],"medium":["http:\/\/tvalaire.com\/wp-content\/uploads\/2017\/10\/INVITAN-A-PRESENCIAR-EL-CORTOMETRAJE-19852-300x200.jpg",300,200,true],"medium_large":["http:\/\/tvalaire.com\/wp-content\/uploads\/2017\/10\/INVITAN-A-PRESENCIAR-EL-CORTOMETRAJE-19852-768x512.jpg",640,427,true],"large":["http:\/\/tvalaire.com\/wp-content\/uploads\/2017\/10\/INVITAN-A-PRESENCIAR-EL-CORTOMETRAJE-19852-1024x683.jpg",640,427,true],"post-slider-thumb-size":["http:\/\/tvalaire.com\/wp-content\/uploads\/2017\/10\/INVITAN-A-PRESENCIAR-EL-CORTOMETRAJE-19852.jpg",285,190,false],"post-category-slider-size":["http:\/\/tvalaire.com\/wp-content\/uploads\/2017\/10\/INVITAN-A-PRESENCIAR-EL-CORTOMETRAJE-19852.jpg",330,220,false],"1536x1536":["http:\/\/tvalaire.com\/wp-content\/uploads\/2017\/10\/INVITAN-A-PRESENCIAR-EL-CORTOMETRAJE-19852.jpg",1024,683,false],"2048x2048":["http:\/\/tvalaire.com\/wp-content\/uploads\/2017\/10\/INVITAN-A-PRESENCIAR-EL-CORTOMETRAJE-19852.jpg",1024,683,false],"newsium-slider-full":["http:\/\/tvalaire.com\/wp-content\/uploads\/2017\/10\/INVITAN-A-PRESENCIAR-EL-CORTOMETRAJE-19852.jpg",1024,683,false],"newsium-featured":["http:\/\/tvalaire.com\/wp-content\/uploads\/2017\/10\/INVITAN-A-PRESENCIAR-EL-CORTOMETRAJE-19852.jpg",1024,683,false],"newsium-medium":["http:\/\/tvalaire.com\/wp-content\/uploads\/2017\/10\/INVITAN-A-PRESENCIAR-EL-CORTOMETRAJE-19852.jpg",712,475,false]},"author_info":{"info":["tvalairenoti"]},"category_info":"<a href=\"http:\/\/tvalaire.com\/?cat=1\" rel=\"category\">La Piedad<\/a>","tag_info":"La Piedad","comment_count":"0","jetpack_featured_media_url":"http:\/\/tvalaire.com\/wp-content\/uploads\/2017\/10\/INVITAN-A-PRESENCIAR-EL-CORTOMETRAJE-19852.jpg","_links":{"self":[{"href":"http:\/\/tvalaire.com\/index.php?rest_route=\/wp\/v2\/posts\/2943"}],"collection":[{"href":"http:\/\/tvalaire.com\/index.php?rest_route=\/wp\/v2\/posts"}],"about":[{"href":"http:\/\/tvalaire.com\/index.php?rest_route=\/wp\/v2\/types\/post"}],"author":[{"embeddable":true,"href":"http:\/\/tvalaire.com\/index.php?rest_route=\/wp\/v2\/users\/1"}],"replies":[{"embeddable":true,"href":"http:\/\/tvalaire.com\/index.php?rest_route=%2Fwp%2Fv2%2Fcomments&post=2943"}],"version-history":[{"count":1,"href":"http:\/\/tvalaire.com\/index.php?rest_route=\/wp\/v2\/posts\/2943\/revisions"}],"predecessor-version":[{"id":2944,"href":"http:\/\/tvalaire.com\/index.php?rest_route=\/wp\/v2\/posts\/2943\/revisions\/2944"}],"wp:featuredmedia":[{"embeddable":true,"href":"http:\/\/tvalaire.com\/index.php?rest_route=\/wp\/v2\/media\/2940"}],"wp:attachment":[{"href":"http:\/\/tvalaire.com\/index.php?rest_route=%2Fwp%2Fv2%2Fmedia&parent=2943"}],"wp:term":[{"taxonomy":"category","embeddable":true,"href":"http:\/\/tvalaire.com\/index.php?rest_route=%2Fwp%2Fv2%2Fcategories&post=2943"},{"taxonomy":"post_tag","embeddable":true,"href":"http:\/\/tvalaire.com\/index.php?rest_route=%2Fwp%2Fv2%2Ftags&post=2943"}],"curies":[{"name":"wp","href":"https:\/\/api.w.org\/{rel}","templated":true}]}}