{"id":2939,"date":"2017-10-25T09:12:59","date_gmt":"2017-10-25T14:12:59","guid":{"rendered":"http:\/\/tvalaire.com\/?p=2939"},"modified":"2017-10-25T09:12:59","modified_gmt":"2017-10-25T14:12:59","slug":"vive-las-tradiciones-de-dia-de-muertos-en-la-piedad","status":"publish","type":"post","link":"http:\/\/tvalaire.com\/?p=2939","title":{"rendered":"VIVE LAS TRADICIONES DE D\u00cdA DE MUERTOS EN LA PIEDAD"},"content":{"rendered":"<p class=\"xmsonormal\" style=\"text-align: justify; background: white; font-variant-ligatures: normal; font-variant-caps: normal; orphans: 2; widows: 2; -webkit-text-stroke-width: 0px; text-decoration-style: initial; text-decoration-color: initial; word-spacing: 0px;\"><span style=\"font-family: 'Arial','sans-serif'; color: #212121;\">Con el fin de reforzar las tradiciones de D\u00eda de Muertos, la coordinaci\u00f3n de Turismo, cuentan con un amplio programa de actividades para celebrar esta festividad.<\/span><\/p>\n<p class=\"xmsonormal\" style=\"text-align: justify; background: white; font-variant-ligatures: normal; font-variant-caps: normal; orphans: 2; widows: 2; -webkit-text-stroke-width: 0px; text-decoration-style: initial; text-decoration-color: initial; word-spacing: 0px;\"><span style=\"font-family: 'Arial','sans-serif'; color: #212121;\">El programa iniciar\u00e1 el 27 de octubre con la elaboraci\u00f3n de tapetes alusivos al d\u00eda de muertos a realizarse en el Centro Hist\u00f3rico de la ciudad, para lo cual se contar\u00e1 con la participaci\u00f3n de empresas y miembros de la sociedad piedadense, los cuales deber\u00e1n seguir las recomendaciones previstas para este evento entre las que se encuentran:<\/span><\/p>\n<p class=\"xmsonormal\" style=\"text-align: justify; background: white; font-variant-ligatures: normal; font-variant-caps: normal; orphans: 2; widows: 2; -webkit-text-stroke-width: 0px; text-decoration-style: initial; text-decoration-color: initial; word-spacing: 0px;\"><span style=\"font-family: 'Arial','sans-serif'; color: #212121;\">Contar con medidas de 3 X 1.5 metros; incluir temas relacionados con el d\u00eda de muertos (no Halloween); que sean elaborados a base de aserr\u00edn, coloreados con pintura vegetal, pudiendo resaltar con diamantina, semillas o marmolina. Contar con base de pl\u00e1stico o lona como protector de piso. Colocar veladoras alrededor del tapete para el mayor lucimiento del mismo.<\/span><\/p>\n<p class=\"xmsonormal\" style=\"text-align: justify; background: white; font-variant-ligatures: normal; font-variant-caps: normal; orphans: 2; widows: 2; -webkit-text-stroke-width: 0px; text-decoration-style: initial; text-decoration-color: initial; word-spacing: 0px;\"><span style=\"font-family: 'Arial','sans-serif'; color: #212121;\">El sorteo de los lugares se realiz\u00f3 hoy mi\u00e9rcoles al mediod\u00eda y una de las recomendaciones que se har\u00e1 a los participantes es que los tapetes deber\u00e1n ser retirados el lunes 30 de octubre de las 08:00 a las 11:00 horas.<\/span><\/p>\n<p class=\"xmsonormal\" style=\"text-align: justify; background: white; font-variant-ligatures: normal; font-variant-caps: normal; orphans: 2; widows: 2; -webkit-text-stroke-width: 0px; text-decoration-style: initial; text-decoration-color: initial; word-spacing: 0px;\"><span style=\"font-family: 'Arial','sans-serif'; color: #212121;\">As\u00ed mismo, el s\u00e1bado 28 de octubre, se llevar\u00e1 a cabo el tradicional desfile de d\u00eda de muertos el cual iniciar\u00e1 a partir de las 20:00 horas en el parque Morelos, para ello se invita a los participantes para la elaboraci\u00f3n del disfraz en su modalidad de catrina que asistan previamente a la coordinaci\u00f3n de Turismo o el mismo d\u00eda del evento en el monumento a \u201cRicardo Guzm\u00e1n Romero\u201d, para su registro.<\/span><\/p>\n<p class=\"xmsonormal\" style=\"text-align: justify; background: white; font-variant-ligatures: normal; font-variant-caps: normal; orphans: 2; widows: 2; -webkit-text-stroke-width: 0px; text-decoration-style: initial; text-decoration-color: initial; word-spacing: 0px;\"><span style=\"font-family: 'Arial','sans-serif'; color: #212121;\">En cuanto a la vestimenta se sugiere que el traje que porten deber\u00e1 inspirarse en alguna artesan\u00eda o traje t\u00edpico de alg\u00fan estado de la Rep\u00fablica Mexicana o llevar vestido de gala; sombrero de ala ancha o de copa; estolas de plumas; maquillaje indispensable y rebozo.<\/span><\/p>\n<p class=\"xmsonormal\" style=\"text-align: justify; background: white; font-variant-ligatures: normal; font-variant-caps: normal; orphans: 2; widows: 2; -webkit-text-stroke-width: 0px; text-decoration-style: initial; text-decoration-color: initial; word-spacing: 0px;\"><span style=\"font-family: 'Arial','sans-serif'; color: #212121;\">El disfraz puede estar elaborado de cualquier tipo de material, aunque se sugiere utilizar aquellos que puedan dar un sentido de mayor mexicanidad como por ejemplo, papel mache, hojas de ma\u00edz, entre otros.<\/span><\/p>\n","protected":false},"excerpt":{"rendered":"<p>Con el fin de reforzar las tradiciones de D\u00eda de Muertos, la coordinaci\u00f3n de Turismo,&#8230;<\/p>\n","protected":false},"author":1,"featured_media":2941,"comment_status":"open","ping_status":"open","sticky":false,"template":"","format":"standard","meta":{"jetpack_post_was_ever_published":false,"_jetpack_newsletter_access":"","_jetpack_dont_email_post_to_subs":false,"_jetpack_newsletter_tier_id":0,"_jetpack_memberships_contains_paywalled_content":false,"_jetpack_memberships_contains_paid_content":false,"footnotes":"","jetpack_publicize_message":"","jetpack_publicize_feature_enabled":true,"jetpack_social_post_already_shared":false,"jetpack_social_options":{"image_generator_settings":{"template":"highway","enabled":false},"version":2}},"categories":[1],"tags":[15,36],"class_list":["post-2939","post","type-post","status-publish","format-standard","has-post-thumbnail","hentry","category-la-piedad","tag-la-piedad","tag-principales"],"jetpack_publicize_connections":[],"jetpack_sharing_enabled":true,"featured_image_urls":{"full":["http:\/\/tvalaire.com\/wp-content\/uploads\/2017\/10\/VIVE-LAS-TRADICIONES-DE-D\u00cdA-DE-MUERTOS-EN-LA-PIEDAD.jpg",1134,340,false],"thumbnail":["http:\/\/tvalaire.com\/wp-content\/uploads\/2017\/10\/VIVE-LAS-TRADICIONES-DE-D\u00cdA-DE-MUERTOS-EN-LA-PIEDAD-150x150.jpg",150,150,true],"medium":["http:\/\/tvalaire.com\/wp-content\/uploads\/2017\/10\/VIVE-LAS-TRADICIONES-DE-D\u00cdA-DE-MUERTOS-EN-LA-PIEDAD-300x90.jpg",300,90,true],"medium_large":["http:\/\/tvalaire.com\/wp-content\/uploads\/2017\/10\/VIVE-LAS-TRADICIONES-DE-D\u00cdA-DE-MUERTOS-EN-LA-PIEDAD-768x230.jpg",640,192,true],"large":["http:\/\/tvalaire.com\/wp-content\/uploads\/2017\/10\/VIVE-LAS-TRADICIONES-DE-D\u00cdA-DE-MUERTOS-EN-LA-PIEDAD-1024x307.jpg",640,192,true],"post-slider-thumb-size":["http:\/\/tvalaire.com\/wp-content\/uploads\/2017\/10\/VIVE-LAS-TRADICIONES-DE-D\u00cdA-DE-MUERTOS-EN-LA-PIEDAD.jpg",330,99,false],"post-category-slider-size":["http:\/\/tvalaire.com\/wp-content\/uploads\/2017\/10\/VIVE-LAS-TRADICIONES-DE-D\u00cdA-DE-MUERTOS-EN-LA-PIEDAD.jpg",330,99,false],"1536x1536":["http:\/\/tvalaire.com\/wp-content\/uploads\/2017\/10\/VIVE-LAS-TRADICIONES-DE-D\u00cdA-DE-MUERTOS-EN-LA-PIEDAD.jpg",1134,340,false],"2048x2048":["http:\/\/tvalaire.com\/wp-content\/uploads\/2017\/10\/VIVE-LAS-TRADICIONES-DE-D\u00cdA-DE-MUERTOS-EN-LA-PIEDAD.jpg",1134,340,false],"newsium-slider-full":["http:\/\/tvalaire.com\/wp-content\/uploads\/2017\/10\/VIVE-LAS-TRADICIONES-DE-D\u00cdA-DE-MUERTOS-EN-LA-PIEDAD.jpg",1134,340,false],"newsium-featured":["http:\/\/tvalaire.com\/wp-content\/uploads\/2017\/10\/VIVE-LAS-TRADICIONES-DE-D\u00cdA-DE-MUERTOS-EN-LA-PIEDAD.jpg",1024,307,false],"newsium-medium":["http:\/\/tvalaire.com\/wp-content\/uploads\/2017\/10\/VIVE-LAS-TRADICIONES-DE-D\u00cdA-DE-MUERTOS-EN-LA-PIEDAD.jpg",720,216,false]},"author_info":{"info":["tvalairenoti"]},"category_info":"<a href=\"http:\/\/tvalaire.com\/?cat=1\" rel=\"category\">La Piedad<\/a>","tag_info":"La Piedad","comment_count":"0","jetpack_featured_media_url":"http:\/\/tvalaire.com\/wp-content\/uploads\/2017\/10\/VIVE-LAS-TRADICIONES-DE-D\u00cdA-DE-MUERTOS-EN-LA-PIEDAD.jpg","_links":{"self":[{"href":"http:\/\/tvalaire.com\/index.php?rest_route=\/wp\/v2\/posts\/2939"}],"collection":[{"href":"http:\/\/tvalaire.com\/index.php?rest_route=\/wp\/v2\/posts"}],"about":[{"href":"http:\/\/tvalaire.com\/index.php?rest_route=\/wp\/v2\/types\/post"}],"author":[{"embeddable":true,"href":"http:\/\/tvalaire.com\/index.php?rest_route=\/wp\/v2\/users\/1"}],"replies":[{"embeddable":true,"href":"http:\/\/tvalaire.com\/index.php?rest_route=%2Fwp%2Fv2%2Fcomments&post=2939"}],"version-history":[{"count":1,"href":"http:\/\/tvalaire.com\/index.php?rest_route=\/wp\/v2\/posts\/2939\/revisions"}],"predecessor-version":[{"id":2942,"href":"http:\/\/tvalaire.com\/index.php?rest_route=\/wp\/v2\/posts\/2939\/revisions\/2942"}],"wp:featuredmedia":[{"embeddable":true,"href":"http:\/\/tvalaire.com\/index.php?rest_route=\/wp\/v2\/media\/2941"}],"wp:attachment":[{"href":"http:\/\/tvalaire.com\/index.php?rest_route=%2Fwp%2Fv2%2Fmedia&parent=2939"}],"wp:term":[{"taxonomy":"category","embeddable":true,"href":"http:\/\/tvalaire.com\/index.php?rest_route=%2Fwp%2Fv2%2Fcategories&post=2939"},{"taxonomy":"post_tag","embeddable":true,"href":"http:\/\/tvalaire.com\/index.php?rest_route=%2Fwp%2Fv2%2Ftags&post=2939"}],"curies":[{"name":"wp","href":"https:\/\/api.w.org\/{rel}","templated":true}]}}