{"id":2931,"date":"2017-10-20T10:11:35","date_gmt":"2017-10-20T15:11:35","guid":{"rendered":"http:\/\/tvalaire.com\/?p=2931"},"modified":"2017-10-20T10:11:35","modified_gmt":"2017-10-20T15:11:35","slug":"se-invita-a-la-poblacion-a-participar-de-la-celebracion-del-dia-de-muertos","status":"publish","type":"post","link":"http:\/\/tvalaire.com\/?p=2931","title":{"rendered":"SE INVITA A LA POBLACI\u00d3N A PARTICIPAR DE LA CELEBRACI\u00d3N DEL D\u00cdA DE MUERTOS"},"content":{"rendered":"<p class=\"xmsonormal\" style=\"text-align: justify; background: white; font-variant-ligatures: normal; font-variant-caps: normal; orphans: 2; widows: 2; -webkit-text-stroke-width: 0px; text-decoration-style: initial; text-decoration-color: initial; word-spacing: 0px;\"><span style=\"font-family: 'Arial','sans-serif'; color: #212121;\">La Coordinaci\u00f3n de Turismo invita a la poblaci\u00f3n en general para que sea part\u00edcipe de las actividades que se tienen programadas realizar en la celebraci\u00f3n del D\u00eda de Muertos, a partir del d\u00eda 27 y hasta el 29 del presente mes.<\/span><\/p>\n<p class=\"xmsonormal\" style=\"text-align: justify; background: white; font-variant-ligatures: normal; font-variant-caps: normal; orphans: 2; widows: 2; -webkit-text-stroke-width: 0px; text-decoration-style: initial; text-decoration-color: initial; word-spacing: 0px;\"><span style=\"font-family: 'Arial','sans-serif'; color: #212121;\">Las actividades se desarrollar\u00e1n en el Centro Hist\u00f3rico de la ciudad con el objetivo de darle continuidad a un evento que a la fecha ha tomado gusto de la poblaci\u00f3n en general.<\/span><\/p>\n<p class=\"xmsonormal\" style=\"text-align: justify; background: white; font-variant-ligatures: normal; font-variant-caps: normal; orphans: 2; widows: 2; -webkit-text-stroke-width: 0px; text-decoration-style: initial; text-decoration-color: initial; word-spacing: 0px;\"><span style=\"font-family: 'Arial','sans-serif'; color: #212121;\">En este sentido la titular de la dependencia coment\u00f3 que la invitaci\u00f3n para la elaboraci\u00f3n del tapete de aserr\u00edn est\u00e1 abierta a todo p\u00fablico y que no es exclusiva \u00a0de escuelas, negocios o empresas, por lo quien tenga el deseo de realizar alguna elaboraci\u00f3n puede pedir m\u00e1s informaci\u00f3n en la oficina de Turismo que se ubica en la calle Guerrero #130.<\/span><\/p>\n<p class=\"xmsonormal\" style=\"text-align: justify; background: white; font-variant-ligatures: normal; font-variant-caps: normal; orphans: 2; widows: 2; -webkit-text-stroke-width: 0px; text-decoration-style: initial; text-decoration-color: initial; word-spacing: 0px;\"><span style=\"font-family: 'Arial','sans-serif'; color: #212121;\">Dentro de la misma festividad, se convoca a la poblaci\u00f3n para que participe en el \u201cdesfile de muertos\u201d el cual se desarrollar\u00e1 el s\u00e1bado 28 a partir de las 20:00 horas iniciando en el Parque Morelos.<\/span><\/p>\n","protected":false},"excerpt":{"rendered":"<p>La Coordinaci\u00f3n de Turismo invita a la poblaci\u00f3n en general para que sea part\u00edcipe de&#8230;<\/p>\n","protected":false},"author":1,"featured_media":2933,"comment_status":"open","ping_status":"open","sticky":false,"template":"","format":"standard","meta":{"jetpack_post_was_ever_published":false,"_jetpack_newsletter_access":"","_jetpack_dont_email_post_to_subs":false,"_jetpack_newsletter_tier_id":0,"_jetpack_memberships_contains_paywalled_content":false,"_jetpack_memberships_contains_paid_content":false,"footnotes":"","jetpack_publicize_message":"","jetpack_publicize_feature_enabled":true,"jetpack_social_post_already_shared":false,"jetpack_social_options":{"image_generator_settings":{"template":"highway","enabled":false},"version":2}},"categories":[1],"tags":[15,36],"class_list":["post-2931","post","type-post","status-publish","format-standard","has-post-thumbnail","hentry","category-la-piedad","tag-la-piedad","tag-principales"],"jetpack_publicize_connections":[],"jetpack_sharing_enabled":true,"featured_image_urls":{"full":["http:\/\/tvalaire.com\/wp-content\/uploads\/2017\/10\/SE-INVITA-A-LA-POBLACI\u00d3N-A-PARTICIPAR-DE-LA-CELEBRACI\u00d3N-DEL-D\u00cdA-DE-MUERTOS2.jpg",800,533,false],"thumbnail":["http:\/\/tvalaire.com\/wp-content\/uploads\/2017\/10\/SE-INVITA-A-LA-POBLACI\u00d3N-A-PARTICIPAR-DE-LA-CELEBRACI\u00d3N-DEL-D\u00cdA-DE-MUERTOS2-150x150.jpg",150,150,true],"medium":["http:\/\/tvalaire.com\/wp-content\/uploads\/2017\/10\/SE-INVITA-A-LA-POBLACI\u00d3N-A-PARTICIPAR-DE-LA-CELEBRACI\u00d3N-DEL-D\u00cdA-DE-MUERTOS2-300x200.jpg",300,200,true],"medium_large":["http:\/\/tvalaire.com\/wp-content\/uploads\/2017\/10\/SE-INVITA-A-LA-POBLACI\u00d3N-A-PARTICIPAR-DE-LA-CELEBRACI\u00d3N-DEL-D\u00cdA-DE-MUERTOS2-768x512.jpg",640,427,true],"large":["http:\/\/tvalaire.com\/wp-content\/uploads\/2017\/10\/SE-INVITA-A-LA-POBLACI\u00d3N-A-PARTICIPAR-DE-LA-CELEBRACI\u00d3N-DEL-D\u00cdA-DE-MUERTOS2.jpg",640,426,false],"post-slider-thumb-size":["http:\/\/tvalaire.com\/wp-content\/uploads\/2017\/10\/SE-INVITA-A-LA-POBLACI\u00d3N-A-PARTICIPAR-DE-LA-CELEBRACI\u00d3N-DEL-D\u00cdA-DE-MUERTOS2.jpg",285,190,false],"post-category-slider-size":["http:\/\/tvalaire.com\/wp-content\/uploads\/2017\/10\/SE-INVITA-A-LA-POBLACI\u00d3N-A-PARTICIPAR-DE-LA-CELEBRACI\u00d3N-DEL-D\u00cdA-DE-MUERTOS2.jpg",330,220,false],"1536x1536":["http:\/\/tvalaire.com\/wp-content\/uploads\/2017\/10\/SE-INVITA-A-LA-POBLACI\u00d3N-A-PARTICIPAR-DE-LA-CELEBRACI\u00d3N-DEL-D\u00cdA-DE-MUERTOS2.jpg",800,533,false],"2048x2048":["http:\/\/tvalaire.com\/wp-content\/uploads\/2017\/10\/SE-INVITA-A-LA-POBLACI\u00d3N-A-PARTICIPAR-DE-LA-CELEBRACI\u00d3N-DEL-D\u00cdA-DE-MUERTOS2.jpg",800,533,false],"newsium-slider-full":["http:\/\/tvalaire.com\/wp-content\/uploads\/2017\/10\/SE-INVITA-A-LA-POBLACI\u00d3N-A-PARTICIPAR-DE-LA-CELEBRACI\u00d3N-DEL-D\u00cdA-DE-MUERTOS2.jpg",800,533,false],"newsium-featured":["http:\/\/tvalaire.com\/wp-content\/uploads\/2017\/10\/SE-INVITA-A-LA-POBLACI\u00d3N-A-PARTICIPAR-DE-LA-CELEBRACI\u00d3N-DEL-D\u00cdA-DE-MUERTOS2.jpg",800,533,false],"newsium-medium":["http:\/\/tvalaire.com\/wp-content\/uploads\/2017\/10\/SE-INVITA-A-LA-POBLACI\u00d3N-A-PARTICIPAR-DE-LA-CELEBRACI\u00d3N-DEL-D\u00cdA-DE-MUERTOS2.jpg",713,475,false]},"author_info":{"info":["tvalairenoti"]},"category_info":"<a href=\"http:\/\/tvalaire.com\/?cat=1\" rel=\"category\">La Piedad<\/a>","tag_info":"La Piedad","comment_count":"0","jetpack_featured_media_url":"http:\/\/tvalaire.com\/wp-content\/uploads\/2017\/10\/SE-INVITA-A-LA-POBLACI\u00d3N-A-PARTICIPAR-DE-LA-CELEBRACI\u00d3N-DEL-D\u00cdA-DE-MUERTOS2.jpg","_links":{"self":[{"href":"http:\/\/tvalaire.com\/index.php?rest_route=\/wp\/v2\/posts\/2931"}],"collection":[{"href":"http:\/\/tvalaire.com\/index.php?rest_route=\/wp\/v2\/posts"}],"about":[{"href":"http:\/\/tvalaire.com\/index.php?rest_route=\/wp\/v2\/types\/post"}],"author":[{"embeddable":true,"href":"http:\/\/tvalaire.com\/index.php?rest_route=\/wp\/v2\/users\/1"}],"replies":[{"embeddable":true,"href":"http:\/\/tvalaire.com\/index.php?rest_route=%2Fwp%2Fv2%2Fcomments&post=2931"}],"version-history":[{"count":1,"href":"http:\/\/tvalaire.com\/index.php?rest_route=\/wp\/v2\/posts\/2931\/revisions"}],"predecessor-version":[{"id":2934,"href":"http:\/\/tvalaire.com\/index.php?rest_route=\/wp\/v2\/posts\/2931\/revisions\/2934"}],"wp:featuredmedia":[{"embeddable":true,"href":"http:\/\/tvalaire.com\/index.php?rest_route=\/wp\/v2\/media\/2933"}],"wp:attachment":[{"href":"http:\/\/tvalaire.com\/index.php?rest_route=%2Fwp%2Fv2%2Fmedia&parent=2931"}],"wp:term":[{"taxonomy":"category","embeddable":true,"href":"http:\/\/tvalaire.com\/index.php?rest_route=%2Fwp%2Fv2%2Fcategories&post=2931"},{"taxonomy":"post_tag","embeddable":true,"href":"http:\/\/tvalaire.com\/index.php?rest_route=%2Fwp%2Fv2%2Ftags&post=2931"}],"curies":[{"name":"wp","href":"https:\/\/api.w.org\/{rel}","templated":true}]}}