{"id":2918,"date":"2017-10-19T09:39:43","date_gmt":"2017-10-19T14:39:43","guid":{"rendered":"http:\/\/tvalaire.com\/?p=2918"},"modified":"2017-10-19T09:39:43","modified_gmt":"2017-10-19T14:39:43","slug":"da-inicio-campana-de-aparatos-auditivos-en-el-dif-la-piedad","status":"publish","type":"post","link":"http:\/\/tvalaire.com\/?p=2918","title":{"rendered":"DA INICIO CAMPA\u00d1A DE APARATOS AUDITIVOS EN EL DIF LA PIEDAD\u00a0"},"content":{"rendered":"<p>Con el fin de ayudar a las personas que tienen problemas auditivos el Sistema para el Desarrollo Integral de la Familia (DIF) en conjunto con la fundaci\u00f3n Blauton de la ciudad de Guadalajara Jalisco llevar\u00e1n a cabo una campa\u00f1a de \u201cAparatos Auditivos\u201d el d\u00eda 14 de diciembre del presente a\u00f1o donde se hace una invitaci\u00f3n para aquellas personas que lo requieran tanto de La Piedad como de sus alrededores acudan a las instalaciones del DIF para llevar su documentaci\u00f3n.<\/p>\n<p>Ma. Socorro Le\u00f3n, Presidenta del DIF coment\u00f3 que es importante que las personas que padecen de este problema no dejen pasar esta oportunidad que sin duda alguna les ayudar\u00e1 a mejorar su calidad de vida y a sentirse m\u00e1s integrados en la sociedad, ya que en ocasiones las personas que sufren de debilidad auditiva son rechazados.<\/p>\n<p>\u201cLos documentos que deber\u00e1n llevar los interesados son los siguientes: dos fotograf\u00edas tama\u00f1o infantil ya sean a color o blanco y negro, copia de la CURP, copia de comprobante de domicilio y copia de la identificaci\u00f3n oficial\u201d, puntualiz\u00f3 Socorro Le\u00f3n.<\/p>\n<p>Adem\u00e1s las personas tienen derecho a adquirir hasta dos aparatos auditivos seg\u00fan sea el caso y de acuerdo a la valoraci\u00f3n que se realiza el d\u00eda de la campa\u00f1a por parte de los especialistas, a\u00f1adi\u00f3 la primera dama.<\/p>\n<p>El d\u00eda 14 de diciembre los beneficiarios deber\u00e1n acudir al DIF para que se les realice el examen de audiometr\u00eda para que se les pueda adaptar su aparato auditivo y a su vez se les haga entrega, cabe se\u00f1alar que esta fundaci\u00f3n cuenta con un a\u00f1o de garant\u00eda para cualquier da\u00f1o o reparaci\u00f3n del mismo.<\/p>\n<p>Para mayores informes comunicarse al tel\u00e9fono 5-22-01-22 o dirigirse al DIF al \u00e1rea de campa\u00f1as.<\/p>\n<p>&nbsp;<\/p>\n","protected":false},"excerpt":{"rendered":"<p>Con el fin de ayudar a las personas que tienen problemas auditivos el Sistema para&#8230;<\/p>\n","protected":false},"author":1,"featured_media":2919,"comment_status":"open","ping_status":"open","sticky":false,"template":"","format":"standard","meta":{"jetpack_post_was_ever_published":false,"_jetpack_newsletter_access":"","_jetpack_dont_email_post_to_subs":false,"_jetpack_newsletter_tier_id":0,"_jetpack_memberships_contains_paywalled_content":false,"_jetpack_memberships_contains_paid_content":false,"footnotes":"","jetpack_publicize_message":"","jetpack_publicize_feature_enabled":true,"jetpack_social_post_already_shared":false,"jetpack_social_options":{"image_generator_settings":{"template":"highway","enabled":false},"version":2}},"categories":[1],"tags":[15,36],"class_list":["post-2918","post","type-post","status-publish","format-standard","has-post-thumbnail","hentry","category-la-piedad","tag-la-piedad","tag-principales"],"jetpack_publicize_connections":[],"jetpack_sharing_enabled":true,"featured_image_urls":{"full":["http:\/\/tvalaire.com\/wp-content\/uploads\/2017\/10\/DA-INICIO-CAMPA\u00d1A-DE-APARATOS-AUDITIVOS-EN-EL-DIF-LA-PIEDAD.jpg",1100,733,false],"thumbnail":["http:\/\/tvalaire.com\/wp-content\/uploads\/2017\/10\/DA-INICIO-CAMPA\u00d1A-DE-APARATOS-AUDITIVOS-EN-EL-DIF-LA-PIEDAD-150x150.jpg",150,150,true],"medium":["http:\/\/tvalaire.com\/wp-content\/uploads\/2017\/10\/DA-INICIO-CAMPA\u00d1A-DE-APARATOS-AUDITIVOS-EN-EL-DIF-LA-PIEDAD-300x200.jpg",300,200,true],"medium_large":["http:\/\/tvalaire.com\/wp-content\/uploads\/2017\/10\/DA-INICIO-CAMPA\u00d1A-DE-APARATOS-AUDITIVOS-EN-EL-DIF-LA-PIEDAD-768x512.jpg",640,427,true],"large":["http:\/\/tvalaire.com\/wp-content\/uploads\/2017\/10\/DA-INICIO-CAMPA\u00d1A-DE-APARATOS-AUDITIVOS-EN-EL-DIF-LA-PIEDAD-1024x682.jpg",640,426,true],"post-slider-thumb-size":["http:\/\/tvalaire.com\/wp-content\/uploads\/2017\/10\/DA-INICIO-CAMPA\u00d1A-DE-APARATOS-AUDITIVOS-EN-EL-DIF-LA-PIEDAD.jpg",285,190,false],"post-category-slider-size":["http:\/\/tvalaire.com\/wp-content\/uploads\/2017\/10\/DA-INICIO-CAMPA\u00d1A-DE-APARATOS-AUDITIVOS-EN-EL-DIF-LA-PIEDAD.jpg",330,220,false],"1536x1536":["http:\/\/tvalaire.com\/wp-content\/uploads\/2017\/10\/DA-INICIO-CAMPA\u00d1A-DE-APARATOS-AUDITIVOS-EN-EL-DIF-LA-PIEDAD.jpg",1100,733,false],"2048x2048":["http:\/\/tvalaire.com\/wp-content\/uploads\/2017\/10\/DA-INICIO-CAMPA\u00d1A-DE-APARATOS-AUDITIVOS-EN-EL-DIF-LA-PIEDAD.jpg",1100,733,false],"newsium-slider-full":["http:\/\/tvalaire.com\/wp-content\/uploads\/2017\/10\/DA-INICIO-CAMPA\u00d1A-DE-APARATOS-AUDITIVOS-EN-EL-DIF-LA-PIEDAD.jpg",1100,733,false],"newsium-featured":["http:\/\/tvalaire.com\/wp-content\/uploads\/2017\/10\/DA-INICIO-CAMPA\u00d1A-DE-APARATOS-AUDITIVOS-EN-EL-DIF-LA-PIEDAD.jpg",1024,682,false],"newsium-medium":["http:\/\/tvalaire.com\/wp-content\/uploads\/2017\/10\/DA-INICIO-CAMPA\u00d1A-DE-APARATOS-AUDITIVOS-EN-EL-DIF-LA-PIEDAD.jpg",713,475,false]},"author_info":{"info":["tvalairenoti"]},"category_info":"<a href=\"http:\/\/tvalaire.com\/?cat=1\" rel=\"category\">La Piedad<\/a>","tag_info":"La Piedad","comment_count":"0","jetpack_featured_media_url":"http:\/\/tvalaire.com\/wp-content\/uploads\/2017\/10\/DA-INICIO-CAMPA\u00d1A-DE-APARATOS-AUDITIVOS-EN-EL-DIF-LA-PIEDAD.jpg","_links":{"self":[{"href":"http:\/\/tvalaire.com\/index.php?rest_route=\/wp\/v2\/posts\/2918"}],"collection":[{"href":"http:\/\/tvalaire.com\/index.php?rest_route=\/wp\/v2\/posts"}],"about":[{"href":"http:\/\/tvalaire.com\/index.php?rest_route=\/wp\/v2\/types\/post"}],"author":[{"embeddable":true,"href":"http:\/\/tvalaire.com\/index.php?rest_route=\/wp\/v2\/users\/1"}],"replies":[{"embeddable":true,"href":"http:\/\/tvalaire.com\/index.php?rest_route=%2Fwp%2Fv2%2Fcomments&post=2918"}],"version-history":[{"count":1,"href":"http:\/\/tvalaire.com\/index.php?rest_route=\/wp\/v2\/posts\/2918\/revisions"}],"predecessor-version":[{"id":2920,"href":"http:\/\/tvalaire.com\/index.php?rest_route=\/wp\/v2\/posts\/2918\/revisions\/2920"}],"wp:featuredmedia":[{"embeddable":true,"href":"http:\/\/tvalaire.com\/index.php?rest_route=\/wp\/v2\/media\/2919"}],"wp:attachment":[{"href":"http:\/\/tvalaire.com\/index.php?rest_route=%2Fwp%2Fv2%2Fmedia&parent=2918"}],"wp:term":[{"taxonomy":"category","embeddable":true,"href":"http:\/\/tvalaire.com\/index.php?rest_route=%2Fwp%2Fv2%2Fcategories&post=2918"},{"taxonomy":"post_tag","embeddable":true,"href":"http:\/\/tvalaire.com\/index.php?rest_route=%2Fwp%2Fv2%2Ftags&post=2918"}],"curies":[{"name":"wp","href":"https:\/\/api.w.org\/{rel}","templated":true}]}}