{"id":2913,"date":"2017-10-18T09:09:44","date_gmt":"2017-10-18T14:09:44","guid":{"rendered":"http:\/\/tvalaire.com\/?p=2913"},"modified":"2017-10-18T09:09:44","modified_gmt":"2017-10-18T14:09:44","slug":"presidente-municipal-da-banderazo-inicio-de-la-obra-en-la-calle-zaragoza","status":"publish","type":"post","link":"http:\/\/tvalaire.com\/?p=2913","title":{"rendered":"PRESIDENTE MUNICIPAL DA BANDERAZO INICIO DE LA OBRA EN LA CALLE ZARAGOZA"},"content":{"rendered":"<p>Presidente Municipal V\u00edctor V\u00e1zquez da banderazo de inicio de obra de rehabilitaci\u00f3n de servicios prioritarios y pavimentaci\u00f3n en la calle Zaragoza, iniciando en la esquina de la calle Fuerte de Loreto hacia la calle Plan de Ayala.<\/p>\n<p>Gracias a la gesti\u00f3n del Presidente Municipal hoy se beneficia dicha calle, ya que extern\u00f3 que en nuestra cabecera municipal los pavimentos est\u00e1n totalmente tronados, \u201cno solamente estamos haciendo esfuerzos en hacer nuevas calles, sino tambi\u00e9n en componer, arreglar o mejorar las que ya se tienen en la actualidad que est\u00e1n destrozadas, as\u00ed nos las dejaron y tenemos que hacer algo\u201d.<\/p>\n<p>Adem\u00e1s enfatiz\u00f3 V\u00edctor V\u00e1zquez que \u201cel recurso que hay en el Municipio, no es suficiente para la ejecuci\u00f3n de estas obras, por eso hace un a\u00f1o estuvimos en la C\u00e1mara de Diputados para entregar 36 solicitudes de diferentes proyectos, pero en su gran mayor\u00eda de vialidades para la cabecera municipal, afortunadamente el Diputado Antonio Salas y Marco Cortes nos gestionaron los recursos para hacer la pavimentaci\u00f3n de la Calle Madero, Zaragoza y otras que est\u00e1n pendientes\u201d, destac\u00f3 que \u201cno son Diputados de este Distrito, sin embargo tocamos su puerta, su voluntad, es por ello que les agradecemos que nos hayan beneficiado.<\/p>\n<p>Asimismo extern\u00f3 que se tiene un tiempo para poder aplicar el recurso que es hasta el \u00faltimo d\u00eda de diciembre, por eso se empatan las obras de ambas calles. Igualmente indic\u00f3 el jefe municipal que se van a mejorar los servicios prioritarios, como es agua potable y drenaje, conjuntamente se va dejar preparado para la instalaci\u00f3n de la energ\u00eda el\u00e9ctrica, en esa parte puntualiz\u00f3 que los habitantes de esta calle le comentaron que el sistema de agua potable era ineficiente porque sal\u00eda el agua sucia, que hay muchas fugas y que tambi\u00e9n ten\u00edan problemas con el drenaje.<\/p>\n<p>De la misma manera los invit\u00f3 a ser tolerantes con la obra a trav\u00e9s de la comprensi\u00f3n, ya que el tr\u00e1nsito de la circulaci\u00f3n de los veh\u00edculos va ser complicado, es por ello que se buscaron alternativas, \u201csabemos que en este momentos se est\u00e1 trabajando en la calle Madero de la esquina de Fuerte de Loreto hacia la calle La Angostura, por lo tanto se comenz\u00f3 en la calle Zaragoza en la esquina de la calle Fuerte de Loreto hasta Plan de Ayala para que a la altura de este tramo sobre la calle Madero fuera de dos sentidos para tener flujo vial.<\/p>\n<p>Garantiz\u00f3 el Presidente Municipal que ser\u00e1 una obra de calidad que abarcar\u00e1 desde la calle Calzada Soto hasta la calle Plan de Ayala. Adem\u00e1s dijo que se seguir\u00e1 trabajando de manera intensa para seguir mejorando la imagen urbana del Municipio, de la Cabecera Municipal. Es por ello que expres\u00f3 que est\u00e1 muy satisfecho de haber logrado ese recurso adicional para la ejecuci\u00f3n de esa obra.<\/p>\n<p>&nbsp;<\/p>\n<p><img loading=\"lazy\" decoding=\"async\" class=\"alignnone size-medium wp-image-2915\" src=\"http:\/\/tvalaire.com\/wp-content\/uploads\/2017\/10\/PRESIDENTE-MUNICIPAL-DA-ARRANQUE-DE-OBRA-EN-LA-CALLE-ZARAGOZA-8-300x199.jpg\" alt=\"\" width=\"300\" height=\"199\" srcset=\"http:\/\/tvalaire.com\/wp-content\/uploads\/2017\/10\/PRESIDENTE-MUNICIPAL-DA-ARRANQUE-DE-OBRA-EN-LA-CALLE-ZARAGOZA-8-300x199.jpg 300w, http:\/\/tvalaire.com\/wp-content\/uploads\/2017\/10\/PRESIDENTE-MUNICIPAL-DA-ARRANQUE-DE-OBRA-EN-LA-CALLE-ZARAGOZA-8-768x509.jpg 768w, http:\/\/tvalaire.com\/wp-content\/uploads\/2017\/10\/PRESIDENTE-MUNICIPAL-DA-ARRANQUE-DE-OBRA-EN-LA-CALLE-ZARAGOZA-8-1024x678.jpg 1024w\" sizes=\"(max-width: 300px) 100vw, 300px\" \/><\/p>\n<p><img loading=\"lazy\" decoding=\"async\" class=\"alignnone size-medium wp-image-2914\" src=\"http:\/\/tvalaire.com\/wp-content\/uploads\/2017\/10\/PRESIDENTE-MUNICIPAL-DA-ARRANQUE-DE-OBRA-EN-LA-CALLE-ZARAGOZA-7-300x199.jpg\" alt=\"\" width=\"300\" height=\"199\" srcset=\"http:\/\/tvalaire.com\/wp-content\/uploads\/2017\/10\/PRESIDENTE-MUNICIPAL-DA-ARRANQUE-DE-OBRA-EN-LA-CALLE-ZARAGOZA-7-300x199.jpg 300w, http:\/\/tvalaire.com\/wp-content\/uploads\/2017\/10\/PRESIDENTE-MUNICIPAL-DA-ARRANQUE-DE-OBRA-EN-LA-CALLE-ZARAGOZA-7-768x509.jpg 768w, http:\/\/tvalaire.com\/wp-content\/uploads\/2017\/10\/PRESIDENTE-MUNICIPAL-DA-ARRANQUE-DE-OBRA-EN-LA-CALLE-ZARAGOZA-7-1024x678.jpg 1024w\" sizes=\"(max-width: 300px) 100vw, 300px\" \/><\/p>\n","protected":false},"excerpt":{"rendered":"<p>Presidente Municipal V\u00edctor V\u00e1zquez da banderazo de inicio de obra de rehabilitaci\u00f3n de servicios prioritarios&#8230;<\/p>\n","protected":false},"author":1,"featured_media":2916,"comment_status":"open","ping_status":"open","sticky":false,"template":"","format":"standard","meta":{"jetpack_post_was_ever_published":false,"_jetpack_newsletter_access":"","_jetpack_dont_email_post_to_subs":false,"_jetpack_newsletter_tier_id":0,"_jetpack_memberships_contains_paywalled_content":false,"_jetpack_memberships_contains_paid_content":false,"footnotes":"","jetpack_publicize_message":"","jetpack_publicize_feature_enabled":true,"jetpack_social_post_already_shared":false,"jetpack_social_options":{"image_generator_settings":{"template":"highway","enabled":false},"version":2}},"categories":[4],"tags":[36,24],"class_list":["post-2913","post","type-post","status-publish","format-standard","has-post-thumbnail","hentry","category-puruandiro","tag-principales","tag-puruandiro"],"jetpack_publicize_connections":[],"jetpack_sharing_enabled":true,"featured_image_urls":{"full":["http:\/\/tvalaire.com\/wp-content\/uploads\/2017\/10\/PRESIDENTE-MUNICIPAL-DA-ARRANQUE-DE-OBRA-EN-LA-CALLE-ZARAGOZA-9.jpg",4928,3264,false],"thumbnail":["http:\/\/tvalaire.com\/wp-content\/uploads\/2017\/10\/PRESIDENTE-MUNICIPAL-DA-ARRANQUE-DE-OBRA-EN-LA-CALLE-ZARAGOZA-9-150x150.jpg",150,150,true],"medium":["http:\/\/tvalaire.com\/wp-content\/uploads\/2017\/10\/PRESIDENTE-MUNICIPAL-DA-ARRANQUE-DE-OBRA-EN-LA-CALLE-ZARAGOZA-9-300x199.jpg",300,199,true],"medium_large":["http:\/\/tvalaire.com\/wp-content\/uploads\/2017\/10\/PRESIDENTE-MUNICIPAL-DA-ARRANQUE-DE-OBRA-EN-LA-CALLE-ZARAGOZA-9-768x509.jpg",640,424,true],"large":["http:\/\/tvalaire.com\/wp-content\/uploads\/2017\/10\/PRESIDENTE-MUNICIPAL-DA-ARRANQUE-DE-OBRA-EN-LA-CALLE-ZARAGOZA-9-1024x678.jpg",640,424,true],"post-slider-thumb-size":["http:\/\/tvalaire.com\/wp-content\/uploads\/2017\/10\/PRESIDENTE-MUNICIPAL-DA-ARRANQUE-DE-OBRA-EN-LA-CALLE-ZARAGOZA-9.jpg",287,190,false],"post-category-slider-size":["http:\/\/tvalaire.com\/wp-content\/uploads\/2017\/10\/PRESIDENTE-MUNICIPAL-DA-ARRANQUE-DE-OBRA-EN-LA-CALLE-ZARAGOZA-9.jpg",330,219,false],"1536x1536":["http:\/\/tvalaire.com\/wp-content\/uploads\/2017\/10\/PRESIDENTE-MUNICIPAL-DA-ARRANQUE-DE-OBRA-EN-LA-CALLE-ZARAGOZA-9.jpg",1536,1017,false],"2048x2048":["http:\/\/tvalaire.com\/wp-content\/uploads\/2017\/10\/PRESIDENTE-MUNICIPAL-DA-ARRANQUE-DE-OBRA-EN-LA-CALLE-ZARAGOZA-9.jpg",2048,1356,false],"newsium-slider-full":["http:\/\/tvalaire.com\/wp-content\/uploads\/2017\/10\/PRESIDENTE-MUNICIPAL-DA-ARRANQUE-DE-OBRA-EN-LA-CALLE-ZARAGOZA-9.jpg",1276,845,false],"newsium-featured":["http:\/\/tvalaire.com\/wp-content\/uploads\/2017\/10\/PRESIDENTE-MUNICIPAL-DA-ARRANQUE-DE-OBRA-EN-LA-CALLE-ZARAGOZA-9.jpg",1024,678,false],"newsium-medium":["http:\/\/tvalaire.com\/wp-content\/uploads\/2017\/10\/PRESIDENTE-MUNICIPAL-DA-ARRANQUE-DE-OBRA-EN-LA-CALLE-ZARAGOZA-9.jpg",717,475,false]},"author_info":{"info":["tvalairenoti"]},"category_info":"<a href=\"http:\/\/tvalaire.com\/?cat=4\" rel=\"category\">Puru\u00e1ndiro<\/a>","tag_info":"Puru\u00e1ndiro","comment_count":"0","jetpack_featured_media_url":"http:\/\/tvalaire.com\/wp-content\/uploads\/2017\/10\/PRESIDENTE-MUNICIPAL-DA-ARRANQUE-DE-OBRA-EN-LA-CALLE-ZARAGOZA-9.jpg","_links":{"self":[{"href":"http:\/\/tvalaire.com\/index.php?rest_route=\/wp\/v2\/posts\/2913"}],"collection":[{"href":"http:\/\/tvalaire.com\/index.php?rest_route=\/wp\/v2\/posts"}],"about":[{"href":"http:\/\/tvalaire.com\/index.php?rest_route=\/wp\/v2\/types\/post"}],"author":[{"embeddable":true,"href":"http:\/\/tvalaire.com\/index.php?rest_route=\/wp\/v2\/users\/1"}],"replies":[{"embeddable":true,"href":"http:\/\/tvalaire.com\/index.php?rest_route=%2Fwp%2Fv2%2Fcomments&post=2913"}],"version-history":[{"count":1,"href":"http:\/\/tvalaire.com\/index.php?rest_route=\/wp\/v2\/posts\/2913\/revisions"}],"predecessor-version":[{"id":2917,"href":"http:\/\/tvalaire.com\/index.php?rest_route=\/wp\/v2\/posts\/2913\/revisions\/2917"}],"wp:featuredmedia":[{"embeddable":true,"href":"http:\/\/tvalaire.com\/index.php?rest_route=\/wp\/v2\/media\/2916"}],"wp:attachment":[{"href":"http:\/\/tvalaire.com\/index.php?rest_route=%2Fwp%2Fv2%2Fmedia&parent=2913"}],"wp:term":[{"taxonomy":"category","embeddable":true,"href":"http:\/\/tvalaire.com\/index.php?rest_route=%2Fwp%2Fv2%2Fcategories&post=2913"},{"taxonomy":"post_tag","embeddable":true,"href":"http:\/\/tvalaire.com\/index.php?rest_route=%2Fwp%2Fv2%2Ftags&post=2913"}],"curies":[{"name":"wp","href":"https:\/\/api.w.org\/{rel}","templated":true}]}}