{"id":2911,"date":"2017-10-18T09:02:48","date_gmt":"2017-10-18T14:02:48","guid":{"rendered":"http:\/\/tvalaire.com\/?p=2911"},"modified":"2017-10-18T09:02:48","modified_gmt":"2017-10-18T14:02:48","slug":"ultimo-dia-del-modulo-para-la-expedicion-de-licencias-de-manejo","status":"publish","type":"post","link":"http:\/\/tvalaire.com\/?p=2911","title":{"rendered":"\u00daLTIMO D\u00cdA DEL M\u00d3DULO PARA LA EXPEDICI\u00d3N DE LICENCIAS DE MANEJO"},"content":{"rendered":"<p>Hoy mi\u00e9rcoles 18 ser\u00e1 el \u00faltimo d\u00eda de funcionamiento del m\u00f3dulo itinerante que instal\u00f3 la Administraci\u00f3n de Rentas, para la expedici\u00f3n de licencias de manejo en la biblioteca p\u00fablica \u201cProf. J. Jes\u00fas Romero Flores\u201d.<\/p>\n<p>El administrador de Rentas, inform\u00f3 que el convenio se hizo \u00fanicamente por los d\u00edas establecidos, as\u00ed que invit\u00f3 a quienes deseen aprovechar la oportunidad de renovar su licencia mediante la eliminaci\u00f3n de multas o agilizar los tr\u00e1mites para la expedici\u00f3n de una nueva licencia de manejo, a que acudan a solicitarla.<\/p>\n<p>Explic\u00f3 que la instrucci\u00f3n que tiene el personal para ma\u00f1ana, es laborar hasta que hayan atendido a la \u00faltima persona que se encuentre en la fila.<\/p>\n<p>Cabe mencionar que \u00e9sta es la primera ocasi\u00f3n, en la que el Gobierno del Estado a trav\u00e9s de la Administraci\u00f3n de Rentas, instala el primer m\u00f3dulo itinerante fuera de sus instalaciones y proporciona estas facilidades que se dieron y aprovecharon, para aquellos conductores que ten\u00edan vencida su licencia ya que no se les aplicaron multas ni recargos y en el caso de quienes la solicitaron por primera vez, \u00fanicamente se les pidi\u00f3 como identificaci\u00f3n su credencial del INE.<\/p>\n<p>Cumpliendo as\u00ed con el objetivo del programa que fue que, con el apoyo del Gobierno Municipal, el estado acerque los servicios a toda la poblaci\u00f3n y ayude a su econom\u00eda.<\/p>\n<p>Costos de la licencia:<\/p>\n<p>Automovilista:<\/p>\n<ul>\n<li>Por 2 a\u00f1os el costo es de $870.00<\/li>\n<li>4 a\u00f1os $1,272.00<\/li>\n<li>9 a\u00f1os $2,543.00.<\/li>\n<\/ul>\n<p>&nbsp;<\/p>\n<p>Chofer (para conductores con veh\u00edculos de carga y doble rodado)<\/p>\n<ul>\n<li>2 a\u00f1os $1,164.00<\/li>\n<li>4 a\u00f1os $1,778.00<\/li>\n<li>9 a\u00f1os $3,367.00<\/li>\n<\/ul>\n<p>&nbsp;<\/p>\n<p>Motociclista<\/p>\n<ul>\n<li>2 a\u00f1os $526.00<\/li>\n<li>4 a\u00f1os $693.00<\/li>\n<li>9 a\u00f1os $1,381.00<\/li>\n<\/ul>\n<p>&nbsp;<\/p>\n<p>Servicio P\u00fablico Estatal (choferes de taxis y microbuses)<\/p>\n<ul>\n<li>2 a\u00f1os $1,539.00<\/li>\n<li>4 a\u00f1os $1,890.00<\/li>\n<li>9 a\u00f1os $4,266.00<\/li>\n<\/ul>\n","protected":false},"excerpt":{"rendered":"<p>Hoy mi\u00e9rcoles 18 ser\u00e1 el \u00faltimo d\u00eda de funcionamiento del m\u00f3dulo itinerante que instal\u00f3 la&#8230;<\/p>\n","protected":false},"author":1,"featured_media":2906,"comment_status":"open","ping_status":"open","sticky":false,"template":"","format":"standard","meta":{"jetpack_post_was_ever_published":false,"_jetpack_newsletter_access":"","_jetpack_dont_email_post_to_subs":false,"_jetpack_newsletter_tier_id":0,"_jetpack_memberships_contains_paywalled_content":false,"_jetpack_memberships_contains_paid_content":false,"footnotes":"","jetpack_publicize_message":"","jetpack_publicize_feature_enabled":true,"jetpack_social_post_already_shared":false,"jetpack_social_options":{"image_generator_settings":{"template":"highway","enabled":false},"version":2}},"categories":[1],"tags":[15,36],"class_list":["post-2911","post","type-post","status-publish","format-standard","has-post-thumbnail","hentry","category-la-piedad","tag-la-piedad","tag-principales"],"jetpack_publicize_connections":[],"jetpack_sharing_enabled":true,"featured_image_urls":{"full":["http:\/\/tvalaire.com\/wp-content\/uploads\/2017\/10\/\u00daLTIMO-D\u00cdA-DEL-M\u00d3DULO-PARA-LA-EXPEDICI\u00d3N-DE-LICENCIAS-DE-MANEJO.jpg",1024,683,false],"thumbnail":["http:\/\/tvalaire.com\/wp-content\/uploads\/2017\/10\/\u00daLTIMO-D\u00cdA-DEL-M\u00d3DULO-PARA-LA-EXPEDICI\u00d3N-DE-LICENCIAS-DE-MANEJO-150x150.jpg",150,150,true],"medium":["http:\/\/tvalaire.com\/wp-content\/uploads\/2017\/10\/\u00daLTIMO-D\u00cdA-DEL-M\u00d3DULO-PARA-LA-EXPEDICI\u00d3N-DE-LICENCIAS-DE-MANEJO-300x200.jpg",300,200,true],"medium_large":["http:\/\/tvalaire.com\/wp-content\/uploads\/2017\/10\/\u00daLTIMO-D\u00cdA-DEL-M\u00d3DULO-PARA-LA-EXPEDICI\u00d3N-DE-LICENCIAS-DE-MANEJO-768x512.jpg",640,427,true],"large":["http:\/\/tvalaire.com\/wp-content\/uploads\/2017\/10\/\u00daLTIMO-D\u00cdA-DEL-M\u00d3DULO-PARA-LA-EXPEDICI\u00d3N-DE-LICENCIAS-DE-MANEJO-1024x683.jpg",640,427,true],"post-slider-thumb-size":["http:\/\/tvalaire.com\/wp-content\/uploads\/2017\/10\/\u00daLTIMO-D\u00cdA-DEL-M\u00d3DULO-PARA-LA-EXPEDICI\u00d3N-DE-LICENCIAS-DE-MANEJO.jpg",285,190,false],"post-category-slider-size":["http:\/\/tvalaire.com\/wp-content\/uploads\/2017\/10\/\u00daLTIMO-D\u00cdA-DEL-M\u00d3DULO-PARA-LA-EXPEDICI\u00d3N-DE-LICENCIAS-DE-MANEJO.jpg",330,220,false],"1536x1536":["http:\/\/tvalaire.com\/wp-content\/uploads\/2017\/10\/\u00daLTIMO-D\u00cdA-DEL-M\u00d3DULO-PARA-LA-EXPEDICI\u00d3N-DE-LICENCIAS-DE-MANEJO.jpg",1024,683,false],"2048x2048":["http:\/\/tvalaire.com\/wp-content\/uploads\/2017\/10\/\u00daLTIMO-D\u00cdA-DEL-M\u00d3DULO-PARA-LA-EXPEDICI\u00d3N-DE-LICENCIAS-DE-MANEJO.jpg",1024,683,false],"newsium-slider-full":["http:\/\/tvalaire.com\/wp-content\/uploads\/2017\/10\/\u00daLTIMO-D\u00cdA-DEL-M\u00d3DULO-PARA-LA-EXPEDICI\u00d3N-DE-LICENCIAS-DE-MANEJO.jpg",1024,683,false],"newsium-featured":["http:\/\/tvalaire.com\/wp-content\/uploads\/2017\/10\/\u00daLTIMO-D\u00cdA-DEL-M\u00d3DULO-PARA-LA-EXPEDICI\u00d3N-DE-LICENCIAS-DE-MANEJO.jpg",1024,683,false],"newsium-medium":["http:\/\/tvalaire.com\/wp-content\/uploads\/2017\/10\/\u00daLTIMO-D\u00cdA-DEL-M\u00d3DULO-PARA-LA-EXPEDICI\u00d3N-DE-LICENCIAS-DE-MANEJO.jpg",712,475,false]},"author_info":{"info":["tvalairenoti"]},"category_info":"<a href=\"http:\/\/tvalaire.com\/?cat=1\" rel=\"category\">La Piedad<\/a>","tag_info":"La Piedad","comment_count":"0","jetpack_featured_media_url":"http:\/\/tvalaire.com\/wp-content\/uploads\/2017\/10\/\u00daLTIMO-D\u00cdA-DEL-M\u00d3DULO-PARA-LA-EXPEDICI\u00d3N-DE-LICENCIAS-DE-MANEJO.jpg","_links":{"self":[{"href":"http:\/\/tvalaire.com\/index.php?rest_route=\/wp\/v2\/posts\/2911"}],"collection":[{"href":"http:\/\/tvalaire.com\/index.php?rest_route=\/wp\/v2\/posts"}],"about":[{"href":"http:\/\/tvalaire.com\/index.php?rest_route=\/wp\/v2\/types\/post"}],"author":[{"embeddable":true,"href":"http:\/\/tvalaire.com\/index.php?rest_route=\/wp\/v2\/users\/1"}],"replies":[{"embeddable":true,"href":"http:\/\/tvalaire.com\/index.php?rest_route=%2Fwp%2Fv2%2Fcomments&post=2911"}],"version-history":[{"count":1,"href":"http:\/\/tvalaire.com\/index.php?rest_route=\/wp\/v2\/posts\/2911\/revisions"}],"predecessor-version":[{"id":2912,"href":"http:\/\/tvalaire.com\/index.php?rest_route=\/wp\/v2\/posts\/2911\/revisions\/2912"}],"wp:featuredmedia":[{"embeddable":true,"href":"http:\/\/tvalaire.com\/index.php?rest_route=\/wp\/v2\/media\/2906"}],"wp:attachment":[{"href":"http:\/\/tvalaire.com\/index.php?rest_route=%2Fwp%2Fv2%2Fmedia&parent=2911"}],"wp:term":[{"taxonomy":"category","embeddable":true,"href":"http:\/\/tvalaire.com\/index.php?rest_route=%2Fwp%2Fv2%2Fcategories&post=2911"},{"taxonomy":"post_tag","embeddable":true,"href":"http:\/\/tvalaire.com\/index.php?rest_route=%2Fwp%2Fv2%2Ftags&post=2911"}],"curies":[{"name":"wp","href":"https:\/\/api.w.org\/{rel}","templated":true}]}}