{"id":2909,"date":"2017-10-18T09:02:18","date_gmt":"2017-10-18T14:02:18","guid":{"rendered":"http:\/\/tvalaire.com\/?p=2909"},"modified":"2017-10-18T09:02:18","modified_gmt":"2017-10-18T14:02:18","slug":"reinician-trabajos-de-rehabilitacion-en-camellon-del-bulevar-lazaro-cardenas","status":"publish","type":"post","link":"http:\/\/tvalaire.com\/?p=2909","title":{"rendered":"REINICIAN TRABAJOS DE REHABILITACI\u00d3N EN CAMELL\u00d3N DEL BULEVAR L\u00c1ZARO C\u00c1RDENAS"},"content":{"rendered":"<p>Servicios P\u00fablicos municipal reinici\u00f3 los trabajos de mejoramiento y construcci\u00f3n de andadores en el camell\u00f3n central del bulevar L\u00e1zaro C\u00e1rdenas en el tramo que comprende de la avenida Cerro Grande a la calle Los Olivos.<\/p>\n<p>Los trabajos se realizar\u00e1n por tramos; en esta fase se incluir\u00e1 a los primeros 240 metros lineales, en los que se encuentran retirando la tierra para colocar el firme y colocar los machuelos del andador.<\/p>\n<p>Autoridades municipales estimaron que en aproximadamente un mes, los trabajos deber\u00e1n estar terminados e incluir\u00e1, la construcci\u00f3n del andador, colocaci\u00f3n de plantas y bancas, para las personas que realicen alguna actividad diaria por ese punto de la ciudad.<\/p>\n<p>El dise\u00f1o de las plantas y el trabajo que se tiene previsto, formar\u00e1 parte de la nueva imagen urbana que el Gobierno Municipal, pretende generar a este que es uno de los principales accesos a la ciudad.<\/p>\n<p>&nbsp;<\/p>\n","protected":false},"excerpt":{"rendered":"<p>Servicios P\u00fablicos municipal reinici\u00f3 los trabajos de mejoramiento y construcci\u00f3n de andadores en el camell\u00f3n&#8230;<\/p>\n","protected":false},"author":1,"featured_media":2905,"comment_status":"open","ping_status":"open","sticky":false,"template":"","format":"standard","meta":{"jetpack_post_was_ever_published":false,"_jetpack_newsletter_access":"","_jetpack_dont_email_post_to_subs":false,"_jetpack_newsletter_tier_id":0,"_jetpack_memberships_contains_paywalled_content":false,"_jetpack_memberships_contains_paid_content":false,"footnotes":"","jetpack_publicize_message":"","jetpack_publicize_feature_enabled":true,"jetpack_social_post_already_shared":false,"jetpack_social_options":{"image_generator_settings":{"template":"highway","enabled":false},"version":2}},"categories":[1],"tags":[15,36],"class_list":["post-2909","post","type-post","status-publish","format-standard","has-post-thumbnail","hentry","category-la-piedad","tag-la-piedad","tag-principales"],"jetpack_publicize_connections":[],"jetpack_sharing_enabled":true,"featured_image_urls":{"full":["http:\/\/tvalaire.com\/wp-content\/uploads\/2017\/10\/REINICIAN-TRABAJOS-DE-REHABILITACI\u00d3N-EN-CAMELL\u00d3N-DEL-BULEVAR-L\u00c1ZARO-C\u00c1RDENAS2.jpg",1024,683,false],"thumbnail":["http:\/\/tvalaire.com\/wp-content\/uploads\/2017\/10\/REINICIAN-TRABAJOS-DE-REHABILITACI\u00d3N-EN-CAMELL\u00d3N-DEL-BULEVAR-L\u00c1ZARO-C\u00c1RDENAS2-150x150.jpg",150,150,true],"medium":["http:\/\/tvalaire.com\/wp-content\/uploads\/2017\/10\/REINICIAN-TRABAJOS-DE-REHABILITACI\u00d3N-EN-CAMELL\u00d3N-DEL-BULEVAR-L\u00c1ZARO-C\u00c1RDENAS2-300x200.jpg",300,200,true],"medium_large":["http:\/\/tvalaire.com\/wp-content\/uploads\/2017\/10\/REINICIAN-TRABAJOS-DE-REHABILITACI\u00d3N-EN-CAMELL\u00d3N-DEL-BULEVAR-L\u00c1ZARO-C\u00c1RDENAS2-768x512.jpg",640,427,true],"large":["http:\/\/tvalaire.com\/wp-content\/uploads\/2017\/10\/REINICIAN-TRABAJOS-DE-REHABILITACI\u00d3N-EN-CAMELL\u00d3N-DEL-BULEVAR-L\u00c1ZARO-C\u00c1RDENAS2-1024x683.jpg",640,427,true],"post-slider-thumb-size":["http:\/\/tvalaire.com\/wp-content\/uploads\/2017\/10\/REINICIAN-TRABAJOS-DE-REHABILITACI\u00d3N-EN-CAMELL\u00d3N-DEL-BULEVAR-L\u00c1ZARO-C\u00c1RDENAS2.jpg",285,190,false],"post-category-slider-size":["http:\/\/tvalaire.com\/wp-content\/uploads\/2017\/10\/REINICIAN-TRABAJOS-DE-REHABILITACI\u00d3N-EN-CAMELL\u00d3N-DEL-BULEVAR-L\u00c1ZARO-C\u00c1RDENAS2.jpg",330,220,false],"1536x1536":["http:\/\/tvalaire.com\/wp-content\/uploads\/2017\/10\/REINICIAN-TRABAJOS-DE-REHABILITACI\u00d3N-EN-CAMELL\u00d3N-DEL-BULEVAR-L\u00c1ZARO-C\u00c1RDENAS2.jpg",1024,683,false],"2048x2048":["http:\/\/tvalaire.com\/wp-content\/uploads\/2017\/10\/REINICIAN-TRABAJOS-DE-REHABILITACI\u00d3N-EN-CAMELL\u00d3N-DEL-BULEVAR-L\u00c1ZARO-C\u00c1RDENAS2.jpg",1024,683,false],"newsium-slider-full":["http:\/\/tvalaire.com\/wp-content\/uploads\/2017\/10\/REINICIAN-TRABAJOS-DE-REHABILITACI\u00d3N-EN-CAMELL\u00d3N-DEL-BULEVAR-L\u00c1ZARO-C\u00c1RDENAS2.jpg",1024,683,false],"newsium-featured":["http:\/\/tvalaire.com\/wp-content\/uploads\/2017\/10\/REINICIAN-TRABAJOS-DE-REHABILITACI\u00d3N-EN-CAMELL\u00d3N-DEL-BULEVAR-L\u00c1ZARO-C\u00c1RDENAS2.jpg",1024,683,false],"newsium-medium":["http:\/\/tvalaire.com\/wp-content\/uploads\/2017\/10\/REINICIAN-TRABAJOS-DE-REHABILITACI\u00d3N-EN-CAMELL\u00d3N-DEL-BULEVAR-L\u00c1ZARO-C\u00c1RDENAS2.jpg",712,475,false]},"author_info":{"info":["tvalairenoti"]},"category_info":"<a href=\"http:\/\/tvalaire.com\/?cat=1\" rel=\"category\">La Piedad<\/a>","tag_info":"La Piedad","comment_count":"0","jetpack_featured_media_url":"http:\/\/tvalaire.com\/wp-content\/uploads\/2017\/10\/REINICIAN-TRABAJOS-DE-REHABILITACI\u00d3N-EN-CAMELL\u00d3N-DEL-BULEVAR-L\u00c1ZARO-C\u00c1RDENAS2.jpg","_links":{"self":[{"href":"http:\/\/tvalaire.com\/index.php?rest_route=\/wp\/v2\/posts\/2909"}],"collection":[{"href":"http:\/\/tvalaire.com\/index.php?rest_route=\/wp\/v2\/posts"}],"about":[{"href":"http:\/\/tvalaire.com\/index.php?rest_route=\/wp\/v2\/types\/post"}],"author":[{"embeddable":true,"href":"http:\/\/tvalaire.com\/index.php?rest_route=\/wp\/v2\/users\/1"}],"replies":[{"embeddable":true,"href":"http:\/\/tvalaire.com\/index.php?rest_route=%2Fwp%2Fv2%2Fcomments&post=2909"}],"version-history":[{"count":1,"href":"http:\/\/tvalaire.com\/index.php?rest_route=\/wp\/v2\/posts\/2909\/revisions"}],"predecessor-version":[{"id":2910,"href":"http:\/\/tvalaire.com\/index.php?rest_route=\/wp\/v2\/posts\/2909\/revisions\/2910"}],"wp:featuredmedia":[{"embeddable":true,"href":"http:\/\/tvalaire.com\/index.php?rest_route=\/wp\/v2\/media\/2905"}],"wp:attachment":[{"href":"http:\/\/tvalaire.com\/index.php?rest_route=%2Fwp%2Fv2%2Fmedia&parent=2909"}],"wp:term":[{"taxonomy":"category","embeddable":true,"href":"http:\/\/tvalaire.com\/index.php?rest_route=%2Fwp%2Fv2%2Fcategories&post=2909"},{"taxonomy":"post_tag","embeddable":true,"href":"http:\/\/tvalaire.com\/index.php?rest_route=%2Fwp%2Fv2%2Ftags&post=2909"}],"curies":[{"name":"wp","href":"https:\/\/api.w.org\/{rel}","templated":true}]}}