{"id":2902,"date":"2017-10-17T08:46:24","date_gmt":"2017-10-17T13:46:24","guid":{"rendered":"http:\/\/tvalaire.com\/?p=2902"},"modified":"2017-10-17T08:46:24","modified_gmt":"2017-10-17T13:46:24","slug":"transportistas-deben-respetar-sus-bases-transito-y-vialidad","status":"publish","type":"post","link":"http:\/\/tvalaire.com\/?p=2902","title":{"rendered":"\u201cTRANSPORTISTAS DEBEN RESPETAR SUS BASES\u201d: TR\u00c1NSITO Y VIALIDAD"},"content":{"rendered":"<p class=\"xmsonormal\" style=\"text-align: justify; background: white; font-variant-ligatures: normal; font-variant-caps: normal; orphans: 2; widows: 2; -webkit-text-stroke-width: 0px; text-decoration-style: initial; text-decoration-color: initial; word-spacing: 0px;\"><span style=\"font-family: 'Arial','sans-serif'; color: #212121;\">La subdirecci\u00f3n de Tr\u00e1nsito y Vialidad, anunci\u00f3 que no existe autorizaci\u00f3n para que las rutas de los microbuses o del servicio de autotransporte puedan hacer base en cualquier punto que determinen.<\/span><\/p>\n<p class=\"xmsonormal\" style=\"text-align: justify; background: white; font-variant-ligatures: normal; font-variant-caps: normal; orphans: 2; widows: 2; -webkit-text-stroke-width: 0px; text-decoration-style: initial; text-decoration-color: initial; word-spacing: 0px;\"><span style=\"font-family: 'Arial','sans-serif'; color: #212121;\">Al respecto, el subdirector de la dependencia, Roberto Montoya Meza inform\u00f3 que ante las quejas que se presentaron en relaci\u00f3n a que una de las rutas del servicio de autotransporte estaba haciendo su base sobre el bulevar L\u00e1zaro C\u00e1rdenas a la altura de una empresa de autopartes, la corporaci\u00f3n intervino para impedirlo y evitar el uso de la v\u00eda p\u00fablica sin autorizaci\u00f3n.<\/span><\/p>\n<p class=\"xmsonormal\" style=\"text-align: justify; background: white; font-variant-ligatures: normal; font-variant-caps: normal; orphans: 2; widows: 2; -webkit-text-stroke-width: 0px; text-decoration-style: initial; text-decoration-color: initial; word-spacing: 0px;\"><span style=\"font-family: 'Arial','sans-serif'; color: #212121;\">Explic\u00f3 que tanto \u00e9sta como todas las rutas del transporte en la ciudad, cuentan con espacios espec\u00edficos para hacer su base y no hay autorizaci\u00f3n para que \u00e9stos se establezcan en otro sitio.<\/span><\/p>\n<p class=\"xmsonormal\" style=\"text-align: justify; background: white; font-variant-ligatures: normal; font-variant-caps: normal; orphans: 2; widows: 2; -webkit-text-stroke-width: 0px; text-decoration-style: initial; text-decoration-color: initial; word-spacing: 0px;\"><span style=\"font-family: 'Arial','sans-serif'; color: #212121;\">En este caso espec\u00edfico, coment\u00f3 que se detect\u00f3 a algunas unidades y se procedi\u00f3 a levantar la infracci\u00f3n correspondiente, de las cuales los conductores argumentaron que estaban ah\u00ed porque asist\u00edan a un lugar cercano a desayunar.<\/span><\/p>\n<p class=\"xmsonormal\" style=\"text-align: justify; background: white; font-variant-ligatures: normal; font-variant-caps: normal; orphans: 2; widows: 2; -webkit-text-stroke-width: 0px; text-decoration-style: initial; text-decoration-color: initial; word-spacing: 0px;\"><span style=\"font-family: 'Arial','sans-serif'; color: #212121;\">Por tanto, anunci\u00f3 que en este punto de la ciudad se instal\u00f3 vigilancia permanente para impedir que los conductores establezcan base donde no cuentan con autorizaci\u00f3n y se hizo un llamado a los dirigentes de las organizaciones del transporte en la ciudad para que exhorten a sus trabajadores a respetar las leyes y reglamentos de tr\u00e1nsito.<\/span><\/p>\n<p class=\"xmsonormal\" style=\"text-align: justify; background: white; font-variant-ligatures: normal; font-variant-caps: normal; orphans: 2; widows: 2; -webkit-text-stroke-width: 0px; text-decoration-style: initial; text-decoration-color: initial; word-spacing: 0px;\"><span style=\"font-family: 'Arial','sans-serif'; color: #212121;\">\u00a0<\/span><\/p>\n","protected":false},"excerpt":{"rendered":"<p>La subdirecci\u00f3n de Tr\u00e1nsito y Vialidad, anunci\u00f3 que no existe autorizaci\u00f3n para que las rutas&#8230;<\/p>\n","protected":false},"author":1,"featured_media":2900,"comment_status":"open","ping_status":"open","sticky":false,"template":"","format":"standard","meta":{"jetpack_post_was_ever_published":false,"_jetpack_newsletter_access":"","_jetpack_dont_email_post_to_subs":false,"_jetpack_newsletter_tier_id":0,"_jetpack_memberships_contains_paywalled_content":false,"_jetpack_memberships_contains_paid_content":false,"footnotes":"","jetpack_publicize_message":"","jetpack_publicize_feature_enabled":true,"jetpack_social_post_already_shared":false,"jetpack_social_options":{"image_generator_settings":{"template":"highway","enabled":false},"version":2}},"categories":[1],"tags":[15,36],"class_list":["post-2902","post","type-post","status-publish","format-standard","has-post-thumbnail","hentry","category-la-piedad","tag-la-piedad","tag-principales"],"jetpack_publicize_connections":[],"jetpack_sharing_enabled":true,"featured_image_urls":{"full":["http:\/\/tvalaire.com\/wp-content\/uploads\/2017\/10\/TRANSPORTISTAS-DEBEN-RESPETAR-SUS-BASES.jpg",1024,683,false],"thumbnail":["http:\/\/tvalaire.com\/wp-content\/uploads\/2017\/10\/TRANSPORTISTAS-DEBEN-RESPETAR-SUS-BASES-150x150.jpg",150,150,true],"medium":["http:\/\/tvalaire.com\/wp-content\/uploads\/2017\/10\/TRANSPORTISTAS-DEBEN-RESPETAR-SUS-BASES-300x200.jpg",300,200,true],"medium_large":["http:\/\/tvalaire.com\/wp-content\/uploads\/2017\/10\/TRANSPORTISTAS-DEBEN-RESPETAR-SUS-BASES-768x512.jpg",640,427,true],"large":["http:\/\/tvalaire.com\/wp-content\/uploads\/2017\/10\/TRANSPORTISTAS-DEBEN-RESPETAR-SUS-BASES-1024x683.jpg",640,427,true],"post-slider-thumb-size":["http:\/\/tvalaire.com\/wp-content\/uploads\/2017\/10\/TRANSPORTISTAS-DEBEN-RESPETAR-SUS-BASES.jpg",285,190,false],"post-category-slider-size":["http:\/\/tvalaire.com\/wp-content\/uploads\/2017\/10\/TRANSPORTISTAS-DEBEN-RESPETAR-SUS-BASES.jpg",330,220,false],"1536x1536":["http:\/\/tvalaire.com\/wp-content\/uploads\/2017\/10\/TRANSPORTISTAS-DEBEN-RESPETAR-SUS-BASES.jpg",1024,683,false],"2048x2048":["http:\/\/tvalaire.com\/wp-content\/uploads\/2017\/10\/TRANSPORTISTAS-DEBEN-RESPETAR-SUS-BASES.jpg",1024,683,false],"newsium-slider-full":["http:\/\/tvalaire.com\/wp-content\/uploads\/2017\/10\/TRANSPORTISTAS-DEBEN-RESPETAR-SUS-BASES.jpg",1024,683,false],"newsium-featured":["http:\/\/tvalaire.com\/wp-content\/uploads\/2017\/10\/TRANSPORTISTAS-DEBEN-RESPETAR-SUS-BASES.jpg",1024,683,false],"newsium-medium":["http:\/\/tvalaire.com\/wp-content\/uploads\/2017\/10\/TRANSPORTISTAS-DEBEN-RESPETAR-SUS-BASES.jpg",712,475,false]},"author_info":{"info":["tvalairenoti"]},"category_info":"<a href=\"http:\/\/tvalaire.com\/?cat=1\" rel=\"category\">La Piedad<\/a>","tag_info":"La Piedad","comment_count":"0","jetpack_featured_media_url":"http:\/\/tvalaire.com\/wp-content\/uploads\/2017\/10\/TRANSPORTISTAS-DEBEN-RESPETAR-SUS-BASES.jpg","_links":{"self":[{"href":"http:\/\/tvalaire.com\/index.php?rest_route=\/wp\/v2\/posts\/2902"}],"collection":[{"href":"http:\/\/tvalaire.com\/index.php?rest_route=\/wp\/v2\/posts"}],"about":[{"href":"http:\/\/tvalaire.com\/index.php?rest_route=\/wp\/v2\/types\/post"}],"author":[{"embeddable":true,"href":"http:\/\/tvalaire.com\/index.php?rest_route=\/wp\/v2\/users\/1"}],"replies":[{"embeddable":true,"href":"http:\/\/tvalaire.com\/index.php?rest_route=%2Fwp%2Fv2%2Fcomments&post=2902"}],"version-history":[{"count":1,"href":"http:\/\/tvalaire.com\/index.php?rest_route=\/wp\/v2\/posts\/2902\/revisions"}],"predecessor-version":[{"id":2903,"href":"http:\/\/tvalaire.com\/index.php?rest_route=\/wp\/v2\/posts\/2902\/revisions\/2903"}],"wp:featuredmedia":[{"embeddable":true,"href":"http:\/\/tvalaire.com\/index.php?rest_route=\/wp\/v2\/media\/2900"}],"wp:attachment":[{"href":"http:\/\/tvalaire.com\/index.php?rest_route=%2Fwp%2Fv2%2Fmedia&parent=2902"}],"wp:term":[{"taxonomy":"category","embeddable":true,"href":"http:\/\/tvalaire.com\/index.php?rest_route=%2Fwp%2Fv2%2Fcategories&post=2902"},{"taxonomy":"post_tag","embeddable":true,"href":"http:\/\/tvalaire.com\/index.php?rest_route=%2Fwp%2Fv2%2Ftags&post=2902"}],"curies":[{"name":"wp","href":"https:\/\/api.w.org\/{rel}","templated":true}]}}