{"id":2898,"date":"2017-10-17T08:45:46","date_gmt":"2017-10-17T13:45:46","guid":{"rendered":"http:\/\/tvalaire.com\/?p=2898"},"modified":"2017-10-17T08:45:46","modified_gmt":"2017-10-17T13:45:46","slug":"esta-semana-estara-listo-el-aerodromo-local","status":"publish","type":"post","link":"http:\/\/tvalaire.com\/?p=2898","title":{"rendered":"ESTA SEMANA ESTAR\u00c1 LISTO EL AER\u00d3DROMO LOCAL"},"content":{"rendered":"<p>Los trabajos de acondicionamiento y habilitaci\u00f3n del aer\u00f3dromo local quedar\u00e1n terminados esta semana, cuando concluyan las labores que inicio hace unos d\u00edas el Gobierno Municipal a trav\u00e9s de Servicios P\u00fablicos, Ecolog\u00eda, as\u00ed como Tr\u00e1nsito y Vialidad.<\/p>\n<p>Al respecto, el Secretario del Ayuntamiento inform\u00f3 que de acuerdo a los requerimientos que solicit\u00f3 la direcci\u00f3n de Aeropuertos para poder reaperturar el aer\u00f3dromo, se inclu\u00eda trabajos acondicionamiento, as\u00ed como la instalaci\u00f3n de se\u00f1al\u00e9tica oficial.<\/p>\n<p>El funcionario municipal inform\u00f3 que otro de los requerimientos que le solicit\u00f3 la direcci\u00f3n de aeropuertos, fue el visto bueno de la comandancia de la regi\u00f3n Zamora y documentaci\u00f3n ante la SEMARNAT que ya se encuentra en proceso de gesti\u00f3n, as\u00ed como la p\u00f3liza de seguro de da\u00f1os a terceros y mantenimiento de la aeropista.<\/p>\n<p>Para ello, los trabajos de limpieza y chaponeo ya concluyeron tanto en la aeropista como en el camino de acceso. Actualmente se lleva a cabo los trabajos del repintado del balizamiento de las \u00e1reas correspondientes y se prev\u00e9 que esta misma semana concluyan.<\/p>\n<p>De momento, el espacio est\u00e1 disponible para brindar servicio comercial a trav\u00e9s de las fumigaciones, pero en breve podr\u00e1 estar listo para abrirse a empresas tales como Grupo BAFAR quien es una de las que apoyo para la realizaci\u00f3n de las gestiones que se realizan ante las instancias correspondientes con el fin de rescatar los permisos de reapertura de este aer\u00f3dromo local, que por omisi\u00f3n de las autoridades estuvo cerrado desde el 2010.<\/p>\n<p>&nbsp;<\/p>\n","protected":false},"excerpt":{"rendered":"<p>Los trabajos de acondicionamiento y habilitaci\u00f3n del aer\u00f3dromo local quedar\u00e1n terminados esta semana, cuando concluyan&#8230;<\/p>\n","protected":false},"author":1,"featured_media":2899,"comment_status":"open","ping_status":"open","sticky":false,"template":"","format":"standard","meta":{"jetpack_post_was_ever_published":false,"_jetpack_newsletter_access":"","_jetpack_dont_email_post_to_subs":false,"_jetpack_newsletter_tier_id":0,"_jetpack_memberships_contains_paywalled_content":false,"_jetpack_memberships_contains_paid_content":false,"footnotes":"","jetpack_publicize_message":"","jetpack_publicize_feature_enabled":true,"jetpack_social_post_already_shared":false,"jetpack_social_options":{"image_generator_settings":{"template":"highway","enabled":false},"version":2}},"categories":[1],"tags":[15,36],"class_list":["post-2898","post","type-post","status-publish","format-standard","has-post-thumbnail","hentry","category-la-piedad","tag-la-piedad","tag-principales"],"jetpack_publicize_connections":[],"jetpack_sharing_enabled":true,"featured_image_urls":{"full":["http:\/\/tvalaire.com\/wp-content\/uploads\/2017\/10\/ESTA-SEMANA-ESTAR\u00c1-LISTO-EL-AER\u00d3DROMO-LOCAL.jpg",1024,683,false],"thumbnail":["http:\/\/tvalaire.com\/wp-content\/uploads\/2017\/10\/ESTA-SEMANA-ESTAR\u00c1-LISTO-EL-AER\u00d3DROMO-LOCAL-150x150.jpg",150,150,true],"medium":["http:\/\/tvalaire.com\/wp-content\/uploads\/2017\/10\/ESTA-SEMANA-ESTAR\u00c1-LISTO-EL-AER\u00d3DROMO-LOCAL-300x200.jpg",300,200,true],"medium_large":["http:\/\/tvalaire.com\/wp-content\/uploads\/2017\/10\/ESTA-SEMANA-ESTAR\u00c1-LISTO-EL-AER\u00d3DROMO-LOCAL-768x512.jpg",640,427,true],"large":["http:\/\/tvalaire.com\/wp-content\/uploads\/2017\/10\/ESTA-SEMANA-ESTAR\u00c1-LISTO-EL-AER\u00d3DROMO-LOCAL-1024x683.jpg",640,427,true],"post-slider-thumb-size":["http:\/\/tvalaire.com\/wp-content\/uploads\/2017\/10\/ESTA-SEMANA-ESTAR\u00c1-LISTO-EL-AER\u00d3DROMO-LOCAL.jpg",285,190,false],"post-category-slider-size":["http:\/\/tvalaire.com\/wp-content\/uploads\/2017\/10\/ESTA-SEMANA-ESTAR\u00c1-LISTO-EL-AER\u00d3DROMO-LOCAL.jpg",330,220,false],"1536x1536":["http:\/\/tvalaire.com\/wp-content\/uploads\/2017\/10\/ESTA-SEMANA-ESTAR\u00c1-LISTO-EL-AER\u00d3DROMO-LOCAL.jpg",1024,683,false],"2048x2048":["http:\/\/tvalaire.com\/wp-content\/uploads\/2017\/10\/ESTA-SEMANA-ESTAR\u00c1-LISTO-EL-AER\u00d3DROMO-LOCAL.jpg",1024,683,false],"newsium-slider-full":["http:\/\/tvalaire.com\/wp-content\/uploads\/2017\/10\/ESTA-SEMANA-ESTAR\u00c1-LISTO-EL-AER\u00d3DROMO-LOCAL.jpg",1024,683,false],"newsium-featured":["http:\/\/tvalaire.com\/wp-content\/uploads\/2017\/10\/ESTA-SEMANA-ESTAR\u00c1-LISTO-EL-AER\u00d3DROMO-LOCAL.jpg",1024,683,false],"newsium-medium":["http:\/\/tvalaire.com\/wp-content\/uploads\/2017\/10\/ESTA-SEMANA-ESTAR\u00c1-LISTO-EL-AER\u00d3DROMO-LOCAL.jpg",712,475,false]},"author_info":{"info":["tvalairenoti"]},"category_info":"<a href=\"http:\/\/tvalaire.com\/?cat=1\" rel=\"category\">La Piedad<\/a>","tag_info":"La Piedad","comment_count":"0","jetpack_featured_media_url":"http:\/\/tvalaire.com\/wp-content\/uploads\/2017\/10\/ESTA-SEMANA-ESTAR\u00c1-LISTO-EL-AER\u00d3DROMO-LOCAL.jpg","_links":{"self":[{"href":"http:\/\/tvalaire.com\/index.php?rest_route=\/wp\/v2\/posts\/2898"}],"collection":[{"href":"http:\/\/tvalaire.com\/index.php?rest_route=\/wp\/v2\/posts"}],"about":[{"href":"http:\/\/tvalaire.com\/index.php?rest_route=\/wp\/v2\/types\/post"}],"author":[{"embeddable":true,"href":"http:\/\/tvalaire.com\/index.php?rest_route=\/wp\/v2\/users\/1"}],"replies":[{"embeddable":true,"href":"http:\/\/tvalaire.com\/index.php?rest_route=%2Fwp%2Fv2%2Fcomments&post=2898"}],"version-history":[{"count":1,"href":"http:\/\/tvalaire.com\/index.php?rest_route=\/wp\/v2\/posts\/2898\/revisions"}],"predecessor-version":[{"id":2901,"href":"http:\/\/tvalaire.com\/index.php?rest_route=\/wp\/v2\/posts\/2898\/revisions\/2901"}],"wp:featuredmedia":[{"embeddable":true,"href":"http:\/\/tvalaire.com\/index.php?rest_route=\/wp\/v2\/media\/2899"}],"wp:attachment":[{"href":"http:\/\/tvalaire.com\/index.php?rest_route=%2Fwp%2Fv2%2Fmedia&parent=2898"}],"wp:term":[{"taxonomy":"category","embeddable":true,"href":"http:\/\/tvalaire.com\/index.php?rest_route=%2Fwp%2Fv2%2Fcategories&post=2898"},{"taxonomy":"post_tag","embeddable":true,"href":"http:\/\/tvalaire.com\/index.php?rest_route=%2Fwp%2Fv2%2Ftags&post=2898"}],"curies":[{"name":"wp","href":"https:\/\/api.w.org\/{rel}","templated":true}]}}