{"id":2891,"date":"2017-10-16T11:17:14","date_gmt":"2017-10-16T16:17:14","guid":{"rendered":"http:\/\/tvalaire.com\/?p=2891"},"modified":"2017-10-16T11:17:14","modified_gmt":"2017-10-16T16:17:14","slug":"prepara-gobierno-el-festival-de-dia-de-muertos","status":"publish","type":"post","link":"http:\/\/tvalaire.com\/?p=2891","title":{"rendered":"PREPARA GOBIERNO EL FESTIVAL DE D\u00cdA DE MUERTOS"},"content":{"rendered":"<p>Autoridades municipales dieron a conocer hoy el amplio programa de actividades culturales y tradicionales con las cuales se prev\u00e9 realizar la festividad de D\u00eda de Muertos en La Piedad.<\/p>\n<p>Y es que debido a la gran aceptaci\u00f3n que ha tenido el evento, la coordinaci\u00f3n de Turismo, Promoci\u00f3n Econ\u00f3mica, Cultura y Reglamentos, conformaron un plan de actividades a realizarse del 27 al 29 de octubre.<\/p>\n<p>En esta ocasi\u00f3n, el Gobierno Municipal abre espacios para que no s\u00f3lo las empresas y comercios participen en la elaboraci\u00f3n de tapetes tradicionales de D\u00eda de Muertos, sino que se extiende a la poblaci\u00f3n, debido a la gran expectativa que ello ha generado.<\/p>\n<p>El programa iniciar\u00e1 el viernes 27 de octubre a partir de las 08:00 horas con el arranque de la elaboraci\u00f3n de tapetes en la Plaza Principal, en donde empresas y ciudadan\u00eda podr\u00e1n participar, ya que la inscripci\u00f3n es totalmente gratuita. La ubicaci\u00f3n de cada uno de ellos, ser\u00e1 sorteada el 25 de octubre.<\/p>\n<p>Se tiene previsto tambi\u00e9n, el tradicional desfile de Catrinas en donde se prev\u00e9 romper r\u00e9cord de participaci\u00f3n pues el a\u00f1o pasado, se integraron 400 y este a\u00f1o la invitaci\u00f3n se har\u00e1 extensiva a las Secundarias, Preparatorias y Universidades. A todas ellas se les pedir\u00e1 portar un rebozo y usar sombrero de copa y ala ancha.<\/p>\n<p>Para complementar las actividades, la direcci\u00f3n de Cultura ofrecer\u00e1 un programa que incluye la presentaci\u00f3n de m\u00fasica tradicional La Miringua; habr\u00e1 a su vez una muestra artesanal de P\u00e1tzcuaro del 27 de octubre al 6 de noviembre, danzas tradicionales, orquestas de m\u00fasica michoacana en vivo tanto en el Centro Hist\u00f3rico como en el pante\u00f3n municipal, adem\u00e1s de que se retomar\u00e1n las leyendas de La Piedad en horarios accesibles.<\/p>\n<p>A todas las actividades, se prev\u00e9 contar con una numerosa asistencia ya que todos los eventos son pensados y realizados para que las familias piedadenses puedan disfrutar de ellos.<\/p>\n<p>&nbsp;<\/p>\n","protected":false},"excerpt":{"rendered":"<p>Autoridades municipales dieron a conocer hoy el amplio programa de actividades culturales y tradicionales con&#8230;<\/p>\n","protected":false},"author":1,"featured_media":2889,"comment_status":"open","ping_status":"open","sticky":false,"template":"","format":"standard","meta":{"jetpack_post_was_ever_published":false,"_jetpack_newsletter_access":"","_jetpack_dont_email_post_to_subs":false,"_jetpack_newsletter_tier_id":0,"_jetpack_memberships_contains_paywalled_content":false,"_jetpack_memberships_contains_paid_content":false,"footnotes":"","jetpack_publicize_message":"","jetpack_publicize_feature_enabled":true,"jetpack_social_post_already_shared":false,"jetpack_social_options":{"image_generator_settings":{"template":"highway","enabled":false},"version":2}},"categories":[1],"tags":[15,36],"class_list":["post-2891","post","type-post","status-publish","format-standard","has-post-thumbnail","hentry","category-la-piedad","tag-la-piedad","tag-principales"],"jetpack_publicize_connections":[],"jetpack_sharing_enabled":true,"featured_image_urls":{"full":["http:\/\/tvalaire.com\/wp-content\/uploads\/2017\/10\/PREPARA-GOBIERNO-EL-FESTIVAL-DE-D\u00cdA-DE-MUERTOS.jpg",1024,683,false],"thumbnail":["http:\/\/tvalaire.com\/wp-content\/uploads\/2017\/10\/PREPARA-GOBIERNO-EL-FESTIVAL-DE-D\u00cdA-DE-MUERTOS-150x150.jpg",150,150,true],"medium":["http:\/\/tvalaire.com\/wp-content\/uploads\/2017\/10\/PREPARA-GOBIERNO-EL-FESTIVAL-DE-D\u00cdA-DE-MUERTOS-300x200.jpg",300,200,true],"medium_large":["http:\/\/tvalaire.com\/wp-content\/uploads\/2017\/10\/PREPARA-GOBIERNO-EL-FESTIVAL-DE-D\u00cdA-DE-MUERTOS-768x512.jpg",640,427,true],"large":["http:\/\/tvalaire.com\/wp-content\/uploads\/2017\/10\/PREPARA-GOBIERNO-EL-FESTIVAL-DE-D\u00cdA-DE-MUERTOS-1024x683.jpg",640,427,true],"post-slider-thumb-size":["http:\/\/tvalaire.com\/wp-content\/uploads\/2017\/10\/PREPARA-GOBIERNO-EL-FESTIVAL-DE-D\u00cdA-DE-MUERTOS.jpg",285,190,false],"post-category-slider-size":["http:\/\/tvalaire.com\/wp-content\/uploads\/2017\/10\/PREPARA-GOBIERNO-EL-FESTIVAL-DE-D\u00cdA-DE-MUERTOS.jpg",330,220,false],"1536x1536":["http:\/\/tvalaire.com\/wp-content\/uploads\/2017\/10\/PREPARA-GOBIERNO-EL-FESTIVAL-DE-D\u00cdA-DE-MUERTOS.jpg",1024,683,false],"2048x2048":["http:\/\/tvalaire.com\/wp-content\/uploads\/2017\/10\/PREPARA-GOBIERNO-EL-FESTIVAL-DE-D\u00cdA-DE-MUERTOS.jpg",1024,683,false],"newsium-slider-full":["http:\/\/tvalaire.com\/wp-content\/uploads\/2017\/10\/PREPARA-GOBIERNO-EL-FESTIVAL-DE-D\u00cdA-DE-MUERTOS.jpg",1024,683,false],"newsium-featured":["http:\/\/tvalaire.com\/wp-content\/uploads\/2017\/10\/PREPARA-GOBIERNO-EL-FESTIVAL-DE-D\u00cdA-DE-MUERTOS.jpg",1024,683,false],"newsium-medium":["http:\/\/tvalaire.com\/wp-content\/uploads\/2017\/10\/PREPARA-GOBIERNO-EL-FESTIVAL-DE-D\u00cdA-DE-MUERTOS.jpg",712,475,false]},"author_info":{"info":["tvalairenoti"]},"category_info":"<a href=\"http:\/\/tvalaire.com\/?cat=1\" rel=\"category\">La Piedad<\/a>","tag_info":"La Piedad","comment_count":"0","jetpack_featured_media_url":"http:\/\/tvalaire.com\/wp-content\/uploads\/2017\/10\/PREPARA-GOBIERNO-EL-FESTIVAL-DE-D\u00cdA-DE-MUERTOS.jpg","_links":{"self":[{"href":"http:\/\/tvalaire.com\/index.php?rest_route=\/wp\/v2\/posts\/2891"}],"collection":[{"href":"http:\/\/tvalaire.com\/index.php?rest_route=\/wp\/v2\/posts"}],"about":[{"href":"http:\/\/tvalaire.com\/index.php?rest_route=\/wp\/v2\/types\/post"}],"author":[{"embeddable":true,"href":"http:\/\/tvalaire.com\/index.php?rest_route=\/wp\/v2\/users\/1"}],"replies":[{"embeddable":true,"href":"http:\/\/tvalaire.com\/index.php?rest_route=%2Fwp%2Fv2%2Fcomments&post=2891"}],"version-history":[{"count":1,"href":"http:\/\/tvalaire.com\/index.php?rest_route=\/wp\/v2\/posts\/2891\/revisions"}],"predecessor-version":[{"id":2892,"href":"http:\/\/tvalaire.com\/index.php?rest_route=\/wp\/v2\/posts\/2891\/revisions\/2892"}],"wp:featuredmedia":[{"embeddable":true,"href":"http:\/\/tvalaire.com\/index.php?rest_route=\/wp\/v2\/media\/2889"}],"wp:attachment":[{"href":"http:\/\/tvalaire.com\/index.php?rest_route=%2Fwp%2Fv2%2Fmedia&parent=2891"}],"wp:term":[{"taxonomy":"category","embeddable":true,"href":"http:\/\/tvalaire.com\/index.php?rest_route=%2Fwp%2Fv2%2Fcategories&post=2891"},{"taxonomy":"post_tag","embeddable":true,"href":"http:\/\/tvalaire.com\/index.php?rest_route=%2Fwp%2Fv2%2Ftags&post=2891"}],"curies":[{"name":"wp","href":"https:\/\/api.w.org\/{rel}","templated":true}]}}