{"id":2887,"date":"2017-10-16T11:15:29","date_gmt":"2017-10-16T16:15:29","guid":{"rendered":"http:\/\/tvalaire.com\/?p=2887"},"modified":"2017-10-16T11:15:29","modified_gmt":"2017-10-16T16:15:29","slug":"no-hay-permisos-para-talar-arboles-solo-se-pueden-podar-esteticamente","status":"publish","type":"post","link":"http:\/\/tvalaire.com\/?p=2887","title":{"rendered":"NO HAY PERMISOS PARA TALAR \u00c1RBOLES, S\u00d3LO SE PUEDEN PODAR EST\u00c9TICAMENTE"},"content":{"rendered":"<p class=\"xmsonormal\" style=\"margin-bottom: .0001pt; text-align: justify; background: white; font-variant-ligatures: normal; font-variant-caps: normal; orphans: 2; widows: 2; -webkit-text-stroke-width: 0px; text-decoration-style: initial; text-decoration-color: initial; word-spacing: 0px;\"><span style=\"font-family: 'Arial','sans-serif'; color: #212121;\">\u00a0<\/span><\/p>\n<p class=\"xmsonormal\" style=\"margin-bottom: .0001pt; text-align: justify; background: white; font-variant-ligatures: normal; font-variant-caps: normal; orphans: 2; widows: 2; -webkit-text-stroke-width: 0px; text-decoration-style: initial; text-decoration-color: initial; word-spacing: 0px;\"><span style=\"font-family: 'Arial','sans-serif'; color: #212121;\">La coordinaci\u00f3n de Ecolog\u00eda, inform\u00f3 que no hay permisos para talar \u00e1rboles porque esto da\u00f1a el entorno de la poblaci\u00f3n, lo que hacen es, en algunos casos, autorizar la poda est\u00e9tica supervisada por personal para evitar da\u00f1os al medio ambiente.<\/span><\/p>\n<p class=\"xmsonormal\" style=\"margin-bottom: .0001pt; text-align: justify; background: white; font-variant-ligatures: normal; font-variant-caps: normal; orphans: 2; widows: 2; -webkit-text-stroke-width: 0px; text-decoration-style: initial; text-decoration-color: initial; word-spacing: 0px;\"><span style=\"font-family: 'Arial','sans-serif'; color: #212121;\">\u00a0As\u00ed mismo, cabe resaltar que de acuerdo a las quejas que se han presentado a la coordinaci\u00f3n de Ecolog\u00eda, sobre el da\u00f1o a unos \u00e1rboles ubicados en la avenida V\u00eda L\u00e1ctea en Ciudad del Sol donde se instala una tienda de autoservicio, la dependencia ha levantado dos infracciones, las cuales ya han sido pagadas, conforme al reglamento.<\/span><\/p>\n<p class=\"xmsonormal\" style=\"margin-bottom: .0001pt; text-align: justify; background: white; font-variant-ligatures: normal; font-variant-caps: normal; orphans: 2; widows: 2; -webkit-text-stroke-width: 0px; text-decoration-style: initial; text-decoration-color: initial; word-spacing: 0px;\"><span style=\"font-family: 'Arial','sans-serif'; color: #212121;\">\u00a0Adem\u00e1s de que se les pidi\u00f3 hacer una donaci\u00f3n de \u00e1rboles para solventar los da\u00f1os ambientales causados y se aprovech\u00f3 para entregar una notificaci\u00f3n en donde se les indic\u00f3 que no podr\u00e1n talar los \u00e1rboles restantes, \u00fanicamente se les autorizar\u00e1 la poda est\u00e9tica, la cual de solicitarse, ser\u00e1 supervisada por personal de la dependencia.<\/span><\/p>\n<p class=\"xmsonormal\" style=\"margin-bottom: .0001pt; text-align: justify; background: white; font-variant-ligatures: normal; font-variant-caps: normal; orphans: 2; widows: 2; -webkit-text-stroke-width: 0px; text-decoration-style: initial; text-decoration-color: initial; word-spacing: 0px;\"><span style=\"font-family: 'Arial','sans-serif'; color: #212121;\">\u00a0Se les indic\u00f3 a su vez que de no acatar las disposiciones antes se\u00f1aladas, se har\u00e1n acreedores a otra sanci\u00f3n por parte de esta dependencia, de acuerdo al Reglamento de Ecolog\u00eda y Protecci\u00f3n al Ambiente del Municipio de La Piedad Michoac\u00e1n.<\/span><\/p>\n<p class=\"xmsonormal\" style=\"margin-bottom: .0001pt; text-align: justify; background: white; font-variant-ligatures: normal; font-variant-caps: normal; orphans: 2; widows: 2; -webkit-text-stroke-width: 0px; text-decoration-style: initial; text-decoration-color: initial; word-spacing: 0px;\"><span style=\"font-family: 'Arial','sans-serif'; color: #212121;\">\u00a0Cabe destacar que esta medida aplicada, no se realiza s\u00f3lo a esta empresa, sino a todas aquellas personas que hagan o incurran en alg\u00fan da\u00f1o al medio ambiente.<\/span><\/p>\n","protected":false},"excerpt":{"rendered":"<p>\u00a0 La coordinaci\u00f3n de Ecolog\u00eda, inform\u00f3 que no hay permisos para talar \u00e1rboles porque esto&#8230;<\/p>\n","protected":false},"author":1,"featured_media":2888,"comment_status":"open","ping_status":"open","sticky":false,"template":"","format":"standard","meta":{"jetpack_post_was_ever_published":false,"_jetpack_newsletter_access":"","_jetpack_dont_email_post_to_subs":false,"_jetpack_newsletter_tier_id":0,"_jetpack_memberships_contains_paywalled_content":false,"_jetpack_memberships_contains_paid_content":false,"footnotes":"","jetpack_publicize_message":"","jetpack_publicize_feature_enabled":true,"jetpack_social_post_already_shared":false,"jetpack_social_options":{"image_generator_settings":{"template":"highway","enabled":false},"version":2}},"categories":[1],"tags":[15,36],"class_list":["post-2887","post","type-post","status-publish","format-standard","has-post-thumbnail","hentry","category-la-piedad","tag-la-piedad","tag-principales"],"jetpack_publicize_connections":[],"jetpack_sharing_enabled":true,"featured_image_urls":{"full":["http:\/\/tvalaire.com\/wp-content\/uploads\/2017\/10\/NO-HAY-PERMISOS-PARA-TALAR-\u00c1RBOLES.jpg",1280,720,false],"thumbnail":["http:\/\/tvalaire.com\/wp-content\/uploads\/2017\/10\/NO-HAY-PERMISOS-PARA-TALAR-\u00c1RBOLES-150x150.jpg",150,150,true],"medium":["http:\/\/tvalaire.com\/wp-content\/uploads\/2017\/10\/NO-HAY-PERMISOS-PARA-TALAR-\u00c1RBOLES-300x169.jpg",300,169,true],"medium_large":["http:\/\/tvalaire.com\/wp-content\/uploads\/2017\/10\/NO-HAY-PERMISOS-PARA-TALAR-\u00c1RBOLES-768x432.jpg",640,360,true],"large":["http:\/\/tvalaire.com\/wp-content\/uploads\/2017\/10\/NO-HAY-PERMISOS-PARA-TALAR-\u00c1RBOLES-1024x576.jpg",640,360,true],"post-slider-thumb-size":["http:\/\/tvalaire.com\/wp-content\/uploads\/2017\/10\/NO-HAY-PERMISOS-PARA-TALAR-\u00c1RBOLES.jpg",330,186,false],"post-category-slider-size":["http:\/\/tvalaire.com\/wp-content\/uploads\/2017\/10\/NO-HAY-PERMISOS-PARA-TALAR-\u00c1RBOLES.jpg",330,186,false],"1536x1536":["http:\/\/tvalaire.com\/wp-content\/uploads\/2017\/10\/NO-HAY-PERMISOS-PARA-TALAR-\u00c1RBOLES.jpg",1280,720,false],"2048x2048":["http:\/\/tvalaire.com\/wp-content\/uploads\/2017\/10\/NO-HAY-PERMISOS-PARA-TALAR-\u00c1RBOLES.jpg",1280,720,false],"newsium-slider-full":["http:\/\/tvalaire.com\/wp-content\/uploads\/2017\/10\/NO-HAY-PERMISOS-PARA-TALAR-\u00c1RBOLES.jpg",1280,720,false],"newsium-featured":["http:\/\/tvalaire.com\/wp-content\/uploads\/2017\/10\/NO-HAY-PERMISOS-PARA-TALAR-\u00c1RBOLES.jpg",1024,576,false],"newsium-medium":["http:\/\/tvalaire.com\/wp-content\/uploads\/2017\/10\/NO-HAY-PERMISOS-PARA-TALAR-\u00c1RBOLES.jpg",720,405,false]},"author_info":{"info":["tvalairenoti"]},"category_info":"<a href=\"http:\/\/tvalaire.com\/?cat=1\" rel=\"category\">La Piedad<\/a>","tag_info":"La Piedad","comment_count":"0","jetpack_featured_media_url":"http:\/\/tvalaire.com\/wp-content\/uploads\/2017\/10\/NO-HAY-PERMISOS-PARA-TALAR-\u00c1RBOLES.jpg","_links":{"self":[{"href":"http:\/\/tvalaire.com\/index.php?rest_route=\/wp\/v2\/posts\/2887"}],"collection":[{"href":"http:\/\/tvalaire.com\/index.php?rest_route=\/wp\/v2\/posts"}],"about":[{"href":"http:\/\/tvalaire.com\/index.php?rest_route=\/wp\/v2\/types\/post"}],"author":[{"embeddable":true,"href":"http:\/\/tvalaire.com\/index.php?rest_route=\/wp\/v2\/users\/1"}],"replies":[{"embeddable":true,"href":"http:\/\/tvalaire.com\/index.php?rest_route=%2Fwp%2Fv2%2Fcomments&post=2887"}],"version-history":[{"count":1,"href":"http:\/\/tvalaire.com\/index.php?rest_route=\/wp\/v2\/posts\/2887\/revisions"}],"predecessor-version":[{"id":2890,"href":"http:\/\/tvalaire.com\/index.php?rest_route=\/wp\/v2\/posts\/2887\/revisions\/2890"}],"wp:featuredmedia":[{"embeddable":true,"href":"http:\/\/tvalaire.com\/index.php?rest_route=\/wp\/v2\/media\/2888"}],"wp:attachment":[{"href":"http:\/\/tvalaire.com\/index.php?rest_route=%2Fwp%2Fv2%2Fmedia&parent=2887"}],"wp:term":[{"taxonomy":"category","embeddable":true,"href":"http:\/\/tvalaire.com\/index.php?rest_route=%2Fwp%2Fv2%2Fcategories&post=2887"},{"taxonomy":"post_tag","embeddable":true,"href":"http:\/\/tvalaire.com\/index.php?rest_route=%2Fwp%2Fv2%2Ftags&post=2887"}],"curies":[{"name":"wp","href":"https:\/\/api.w.org\/{rel}","templated":true}]}}