{"id":2885,"date":"2017-10-13T09:14:04","date_gmt":"2017-10-13T14:14:04","guid":{"rendered":"http:\/\/tvalaire.com\/?p=2885"},"modified":"2017-10-13T09:14:04","modified_gmt":"2017-10-13T14:14:04","slug":"respetemos-siempre-la-diversidad-cultural-y-la-libertad-ulises-noe-caratachea","status":"publish","type":"post","link":"http:\/\/tvalaire.com\/?p=2885","title":{"rendered":"\u201cRESPETEMOS SIEMPRE LA DIVERSIDAD CULTURAL Y LA LIBERTAD\u201d: Ulises No\u00e9 Caratachea"},"content":{"rendered":"<p class=\"xmsonormal\" style=\"text-align: justify; background: white; font-variant-ligatures: normal; font-variant-caps: normal; orphans: 2; widows: 2; -webkit-text-stroke-width: 0px; text-decoration-style: initial; text-decoration-color: initial; word-spacing: 0px;\"><span style=\"font-family: 'Arial','sans-serif'; color: #212121;\">\u201cCelebremos y reconozcamos la riqueza y diferencia que nos brind\u00f3 la oportunidad de exportar la riqueza de nuestro continente, as\u00ed como recibir grandes ideas, filosof\u00edas y avances del viejo continente. Centremos la atenci\u00f3n en el encuentro y la fusi\u00f3n de culturas\u201d: expuso hoy el regidor Ulises No\u00e9 Caratachea en el acto por el 525 Aniversario del Descubrimiento de Am\u00e9rica.<\/span><\/p>\n<p class=\"xmsonormal\" style=\"text-align: justify; background: white; font-variant-ligatures: normal; font-variant-caps: normal; orphans: 2; widows: 2; -webkit-text-stroke-width: 0px; text-decoration-style: initial; text-decoration-color: initial; word-spacing: 0px;\"><span style=\"font-family: 'Arial','sans-serif'; color: #212121;\">En relaci\u00f3n a esta fecha, record\u00f3 que si bien cada mundo ten\u00eda sus defectos, con el descubrimiento de Am\u00e9rica, tambi\u00e9n se dieron m\u00faltiples virtudes y aportes en los cuales se debe centrar.<\/span><\/p>\n<p class=\"xmsonormal\" style=\"text-align: justify; background: white; font-variant-ligatures: normal; font-variant-caps: normal; orphans: 2; widows: 2; -webkit-text-stroke-width: 0px; text-decoration-style: initial; text-decoration-color: initial; word-spacing: 0px;\"><span style=\"font-family: 'Arial','sans-serif'; color: #212121;\">Se\u00f1al\u00f3 que como Gobierno buscan enfocar las coincidencias, m\u00e1s que las diferencias, a partir del respeto individual y la diversidad cultural, ya que el objetivo en com\u00fan, es el bien p\u00fablico temporal y sobre \u00e9l se debe trabajar.<\/span><\/p>\n<p class=\"xmsonormal\" style=\"text-align: justify; background: white; font-variant-ligatures: normal; font-variant-caps: normal; orphans: 2; widows: 2; -webkit-text-stroke-width: 0px; text-decoration-style: initial; text-decoration-color: initial; word-spacing: 0px;\"><span style=\"font-family: 'Arial','sans-serif'; color: #212121;\">\u201cPodemos hoy ver con orgullo el legado de nuestros ancestros, por ello, por una actitud benevolente, de tolerancia, respeto y libertad, reconozcamos y respetemos siempre la diversidad cultural y la libertad\u201d.<\/span><\/p>\n<p class=\"xmsonormal\" style=\"text-align: justify; background: white; font-variant-ligatures: normal; font-variant-caps: normal; orphans: 2; widows: 2; -webkit-text-stroke-width: 0px; text-decoration-style: initial; text-decoration-color: initial; word-spacing: 0px;\"><span style=\"font-family: 'Arial','sans-serif'; color: #212121;\">El acto conmemorativo en esta ocasi\u00f3n estuvo encabezado por el Secretario del Ayuntamiento, Daniel V\u00e1zquez Zavala en representaci\u00f3n del Alcalde; el S\u00edndico, Nicol\u00e1s Hermosillo Garc\u00eda; regidores; el director de Educaci\u00f3n, Marco Antonio Rodr\u00edguez Mac\u00edas; el profesor Mart\u00edn Juan Carlos Camacho Aguilera, supervisor de la zona 297 y Mar\u00eda Alejandra \u00c1lvarez C\u00e1zares, directora del colegio Pierre Faure, as\u00ed como alumnos de este plantel y del colegio G\u00e9nesis; primaria Melchor Ocampo y Francisco J. M\u00fajica; Fray Pedro de Gante y del colegio Miguel de Cervantes.<\/span><\/p>\n<p class=\"xmsonormal\" style=\"text-align: justify; background: white; font-variant-ligatures: normal; font-variant-caps: normal; orphans: 2; widows: 2; -webkit-text-stroke-width: 0px; text-decoration-style: initial; text-decoration-color: initial; word-spacing: 0px;\"><span style=\"font-family: 'Arial','sans-serif'; color: #212121;\">Durante el programa se rindieron honores a la bandera y la biograf\u00eda de Crist\u00f3bal Col\u00f3n, corri\u00f3 a cargo de la profesora Adriana Guadalupe Acosta Ascencio, seguido de la poes\u00eda coral \u201cCrist\u00f3bal Col\u00f3n\u201d de Elena Gloria Ferral a cargo de los alumnos de 3 grado del colegio Pierre Faure.<\/span><\/p>\n<p class=\"xmsonormal\" style=\"text-align: justify; background: white; font-variant-ligatures: normal; font-variant-caps: normal; orphans: 2; widows: 2; -webkit-text-stroke-width: 0px; text-decoration-style: initial; text-decoration-color: initial; word-spacing: 0px;\"><span style=\"font-family: 'Arial','sans-serif'; color: #212121;\">Se incluy\u00f3 a su vez el relato de intercambio entre dos mundos a cargo de la profesora Delia Vega Ventura e hicieron una representaci\u00f3n prehisp\u00e1nica a cargo del grupo de danza Azteca Yaretzi.<\/span><\/p>\n","protected":false},"excerpt":{"rendered":"<p>\u201cCelebremos y reconozcamos la riqueza y diferencia que nos brind\u00f3 la oportunidad de exportar la&#8230;<\/p>\n","protected":false},"author":1,"featured_media":2881,"comment_status":"open","ping_status":"open","sticky":false,"template":"","format":"standard","meta":{"jetpack_post_was_ever_published":false,"_jetpack_newsletter_access":"","_jetpack_dont_email_post_to_subs":false,"_jetpack_newsletter_tier_id":0,"_jetpack_memberships_contains_paywalled_content":false,"_jetpack_memberships_contains_paid_content":false,"footnotes":"","jetpack_publicize_message":"","jetpack_publicize_feature_enabled":true,"jetpack_social_post_already_shared":false,"jetpack_social_options":{"image_generator_settings":{"template":"highway","enabled":false},"version":2}},"categories":[1],"tags":[15,36],"class_list":["post-2885","post","type-post","status-publish","format-standard","has-post-thumbnail","hentry","category-la-piedad","tag-la-piedad","tag-principales"],"jetpack_publicize_connections":[],"jetpack_sharing_enabled":true,"featured_image_urls":{"full":["http:\/\/tvalaire.com\/wp-content\/uploads\/2017\/10\/RESPETEMOS-SIEMPRE-LA-DIVERSIDAD-CULTURAL-Y-LA-LIBERTAD-ULISES-NOE-CARATACHEA2.jpg",1024,683,false],"thumbnail":["http:\/\/tvalaire.com\/wp-content\/uploads\/2017\/10\/RESPETEMOS-SIEMPRE-LA-DIVERSIDAD-CULTURAL-Y-LA-LIBERTAD-ULISES-NOE-CARATACHEA2-150x150.jpg",150,150,true],"medium":["http:\/\/tvalaire.com\/wp-content\/uploads\/2017\/10\/RESPETEMOS-SIEMPRE-LA-DIVERSIDAD-CULTURAL-Y-LA-LIBERTAD-ULISES-NOE-CARATACHEA2-300x200.jpg",300,200,true],"medium_large":["http:\/\/tvalaire.com\/wp-content\/uploads\/2017\/10\/RESPETEMOS-SIEMPRE-LA-DIVERSIDAD-CULTURAL-Y-LA-LIBERTAD-ULISES-NOE-CARATACHEA2-768x512.jpg",640,427,true],"large":["http:\/\/tvalaire.com\/wp-content\/uploads\/2017\/10\/RESPETEMOS-SIEMPRE-LA-DIVERSIDAD-CULTURAL-Y-LA-LIBERTAD-ULISES-NOE-CARATACHEA2-1024x683.jpg",640,427,true],"post-slider-thumb-size":["http:\/\/tvalaire.com\/wp-content\/uploads\/2017\/10\/RESPETEMOS-SIEMPRE-LA-DIVERSIDAD-CULTURAL-Y-LA-LIBERTAD-ULISES-NOE-CARATACHEA2.jpg",285,190,false],"post-category-slider-size":["http:\/\/tvalaire.com\/wp-content\/uploads\/2017\/10\/RESPETEMOS-SIEMPRE-LA-DIVERSIDAD-CULTURAL-Y-LA-LIBERTAD-ULISES-NOE-CARATACHEA2.jpg",330,220,false],"1536x1536":["http:\/\/tvalaire.com\/wp-content\/uploads\/2017\/10\/RESPETEMOS-SIEMPRE-LA-DIVERSIDAD-CULTURAL-Y-LA-LIBERTAD-ULISES-NOE-CARATACHEA2.jpg",1024,683,false],"2048x2048":["http:\/\/tvalaire.com\/wp-content\/uploads\/2017\/10\/RESPETEMOS-SIEMPRE-LA-DIVERSIDAD-CULTURAL-Y-LA-LIBERTAD-ULISES-NOE-CARATACHEA2.jpg",1024,683,false],"newsium-slider-full":["http:\/\/tvalaire.com\/wp-content\/uploads\/2017\/10\/RESPETEMOS-SIEMPRE-LA-DIVERSIDAD-CULTURAL-Y-LA-LIBERTAD-ULISES-NOE-CARATACHEA2.jpg",1024,683,false],"newsium-featured":["http:\/\/tvalaire.com\/wp-content\/uploads\/2017\/10\/RESPETEMOS-SIEMPRE-LA-DIVERSIDAD-CULTURAL-Y-LA-LIBERTAD-ULISES-NOE-CARATACHEA2.jpg",1024,683,false],"newsium-medium":["http:\/\/tvalaire.com\/wp-content\/uploads\/2017\/10\/RESPETEMOS-SIEMPRE-LA-DIVERSIDAD-CULTURAL-Y-LA-LIBERTAD-ULISES-NOE-CARATACHEA2.jpg",712,475,false]},"author_info":{"info":["tvalairenoti"]},"category_info":"<a href=\"http:\/\/tvalaire.com\/?cat=1\" rel=\"category\">La Piedad<\/a>","tag_info":"La Piedad","comment_count":"0","jetpack_featured_media_url":"http:\/\/tvalaire.com\/wp-content\/uploads\/2017\/10\/RESPETEMOS-SIEMPRE-LA-DIVERSIDAD-CULTURAL-Y-LA-LIBERTAD-ULISES-NOE-CARATACHEA2.jpg","_links":{"self":[{"href":"http:\/\/tvalaire.com\/index.php?rest_route=\/wp\/v2\/posts\/2885"}],"collection":[{"href":"http:\/\/tvalaire.com\/index.php?rest_route=\/wp\/v2\/posts"}],"about":[{"href":"http:\/\/tvalaire.com\/index.php?rest_route=\/wp\/v2\/types\/post"}],"author":[{"embeddable":true,"href":"http:\/\/tvalaire.com\/index.php?rest_route=\/wp\/v2\/users\/1"}],"replies":[{"embeddable":true,"href":"http:\/\/tvalaire.com\/index.php?rest_route=%2Fwp%2Fv2%2Fcomments&post=2885"}],"version-history":[{"count":1,"href":"http:\/\/tvalaire.com\/index.php?rest_route=\/wp\/v2\/posts\/2885\/revisions"}],"predecessor-version":[{"id":2886,"href":"http:\/\/tvalaire.com\/index.php?rest_route=\/wp\/v2\/posts\/2885\/revisions\/2886"}],"wp:featuredmedia":[{"embeddable":true,"href":"http:\/\/tvalaire.com\/index.php?rest_route=\/wp\/v2\/media\/2881"}],"wp:attachment":[{"href":"http:\/\/tvalaire.com\/index.php?rest_route=%2Fwp%2Fv2%2Fmedia&parent=2885"}],"wp:term":[{"taxonomy":"category","embeddable":true,"href":"http:\/\/tvalaire.com\/index.php?rest_route=%2Fwp%2Fv2%2Fcategories&post=2885"},{"taxonomy":"post_tag","embeddable":true,"href":"http:\/\/tvalaire.com\/index.php?rest_route=%2Fwp%2Fv2%2Ftags&post=2885"}],"curies":[{"name":"wp","href":"https:\/\/api.w.org\/{rel}","templated":true}]}}