{"id":2883,"date":"2017-10-13T09:13:20","date_gmt":"2017-10-13T14:13:20","guid":{"rendered":"http:\/\/tvalaire.com\/?p=2883"},"modified":"2017-10-13T09:13:20","modified_gmt":"2017-10-13T14:13:20","slug":"abriran-otra-lecheria-de-liconsa-ahora-en-los-guajes","status":"publish","type":"post","link":"http:\/\/tvalaire.com\/?p=2883","title":{"rendered":"ABRIR\u00c1N OTRA LECHER\u00cdA DE LICONSA AHORA EN LOS GUAJES"},"content":{"rendered":"<p>Con el fin de mitigar los problemas alimentarios en la localidad, Desarrollo Social logr\u00f3 concretar la apertura de una lecher\u00eda m\u00e1s de Liconsa para la tenencia de Los Guajes.<\/p>\n<p>Para ello, este mi\u00e9rcoles personal de Desarrollo Social acudi\u00f3 a la comunidad a realizar la captaci\u00f3n de beneficiarios, ya que en este caso se enlist\u00f3 a 300 personas que forman parte de 155 familias.<\/p>\n<p>La apertura de esta nueva lecher\u00eda de Liconsa, se da gracias al resultado de las gestiones del Presidente Municipal con autoridades federales de la Secretar\u00eda de Desarrollo Social y del Estado.<\/p>\n<p>Con esta lecher\u00eda, sumar\u00e1n seis las que se encuentren en funciones tan solo en este a\u00f1o en el Municipio, las otras se encuentran en las comunidades de: Paredones, fraccionamiento Delta, Ojo de Agua de Serrato, San Juan del Fuerte y Villas de la Loma.<\/p>\n<p>Por tanto, son cientos de familias las que ser\u00e1n beneficiadas con este programa que se destina directamente para el abatimiento del rezago a la carencia alimentaria en las zonas consideradas como las m\u00e1s vulnerables del Municipio.<\/p>\n<p>As\u00ed mismo, el Alcalde da cumplimiento con los sectores m\u00e1s desprotegidos al propiciar una sana alimentaci\u00f3n y acercar este producto a un bajo costo a quienes m\u00e1s lo necesitan.<\/p>\n<p>&nbsp;<\/p>\n","protected":false},"excerpt":{"rendered":"<p>Con el fin de mitigar los problemas alimentarios en la localidad, Desarrollo Social logr\u00f3 concretar&#8230;<\/p>\n","protected":false},"author":1,"featured_media":2879,"comment_status":"open","ping_status":"open","sticky":false,"template":"","format":"standard","meta":{"jetpack_post_was_ever_published":false,"_jetpack_newsletter_access":"","_jetpack_dont_email_post_to_subs":false,"_jetpack_newsletter_tier_id":0,"_jetpack_memberships_contains_paywalled_content":false,"_jetpack_memberships_contains_paid_content":false,"footnotes":"","jetpack_publicize_message":"","jetpack_publicize_feature_enabled":true,"jetpack_social_post_already_shared":false,"jetpack_social_options":{"image_generator_settings":{"template":"highway","enabled":false},"version":2}},"categories":[1],"tags":[15,36],"class_list":["post-2883","post","type-post","status-publish","format-standard","has-post-thumbnail","hentry","category-la-piedad","tag-la-piedad","tag-principales"],"jetpack_publicize_connections":[],"jetpack_sharing_enabled":true,"featured_image_urls":{"full":["http:\/\/tvalaire.com\/wp-content\/uploads\/2017\/10\/ABRIR\u00c1N-OTRA-LECHER\u00cdA-DE-LICONSA-AHORA-EN-LOS-GUAJES.jpg",1280,768,false],"thumbnail":["http:\/\/tvalaire.com\/wp-content\/uploads\/2017\/10\/ABRIR\u00c1N-OTRA-LECHER\u00cdA-DE-LICONSA-AHORA-EN-LOS-GUAJES-150x150.jpg",150,150,true],"medium":["http:\/\/tvalaire.com\/wp-content\/uploads\/2017\/10\/ABRIR\u00c1N-OTRA-LECHER\u00cdA-DE-LICONSA-AHORA-EN-LOS-GUAJES-300x180.jpg",300,180,true],"medium_large":["http:\/\/tvalaire.com\/wp-content\/uploads\/2017\/10\/ABRIR\u00c1N-OTRA-LECHER\u00cdA-DE-LICONSA-AHORA-EN-LOS-GUAJES-768x461.jpg",640,384,true],"large":["http:\/\/tvalaire.com\/wp-content\/uploads\/2017\/10\/ABRIR\u00c1N-OTRA-LECHER\u00cdA-DE-LICONSA-AHORA-EN-LOS-GUAJES-1024x614.jpg",640,384,true],"post-slider-thumb-size":["http:\/\/tvalaire.com\/wp-content\/uploads\/2017\/10\/ABRIR\u00c1N-OTRA-LECHER\u00cdA-DE-LICONSA-AHORA-EN-LOS-GUAJES.jpg",317,190,false],"post-category-slider-size":["http:\/\/tvalaire.com\/wp-content\/uploads\/2017\/10\/ABRIR\u00c1N-OTRA-LECHER\u00cdA-DE-LICONSA-AHORA-EN-LOS-GUAJES.jpg",330,198,false],"1536x1536":["http:\/\/tvalaire.com\/wp-content\/uploads\/2017\/10\/ABRIR\u00c1N-OTRA-LECHER\u00cdA-DE-LICONSA-AHORA-EN-LOS-GUAJES.jpg",1280,768,false],"2048x2048":["http:\/\/tvalaire.com\/wp-content\/uploads\/2017\/10\/ABRIR\u00c1N-OTRA-LECHER\u00cdA-DE-LICONSA-AHORA-EN-LOS-GUAJES.jpg",1280,768,false],"newsium-slider-full":["http:\/\/tvalaire.com\/wp-content\/uploads\/2017\/10\/ABRIR\u00c1N-OTRA-LECHER\u00cdA-DE-LICONSA-AHORA-EN-LOS-GUAJES.jpg",1280,768,false],"newsium-featured":["http:\/\/tvalaire.com\/wp-content\/uploads\/2017\/10\/ABRIR\u00c1N-OTRA-LECHER\u00cdA-DE-LICONSA-AHORA-EN-LOS-GUAJES.jpg",1024,614,false],"newsium-medium":["http:\/\/tvalaire.com\/wp-content\/uploads\/2017\/10\/ABRIR\u00c1N-OTRA-LECHER\u00cdA-DE-LICONSA-AHORA-EN-LOS-GUAJES.jpg",720,432,false]},"author_info":{"info":["tvalairenoti"]},"category_info":"<a href=\"http:\/\/tvalaire.com\/?cat=1\" rel=\"category\">La Piedad<\/a>","tag_info":"La Piedad","comment_count":"0","jetpack_featured_media_url":"http:\/\/tvalaire.com\/wp-content\/uploads\/2017\/10\/ABRIR\u00c1N-OTRA-LECHER\u00cdA-DE-LICONSA-AHORA-EN-LOS-GUAJES.jpg","_links":{"self":[{"href":"http:\/\/tvalaire.com\/index.php?rest_route=\/wp\/v2\/posts\/2883"}],"collection":[{"href":"http:\/\/tvalaire.com\/index.php?rest_route=\/wp\/v2\/posts"}],"about":[{"href":"http:\/\/tvalaire.com\/index.php?rest_route=\/wp\/v2\/types\/post"}],"author":[{"embeddable":true,"href":"http:\/\/tvalaire.com\/index.php?rest_route=\/wp\/v2\/users\/1"}],"replies":[{"embeddable":true,"href":"http:\/\/tvalaire.com\/index.php?rest_route=%2Fwp%2Fv2%2Fcomments&post=2883"}],"version-history":[{"count":1,"href":"http:\/\/tvalaire.com\/index.php?rest_route=\/wp\/v2\/posts\/2883\/revisions"}],"predecessor-version":[{"id":2884,"href":"http:\/\/tvalaire.com\/index.php?rest_route=\/wp\/v2\/posts\/2883\/revisions\/2884"}],"wp:featuredmedia":[{"embeddable":true,"href":"http:\/\/tvalaire.com\/index.php?rest_route=\/wp\/v2\/media\/2879"}],"wp:attachment":[{"href":"http:\/\/tvalaire.com\/index.php?rest_route=%2Fwp%2Fv2%2Fmedia&parent=2883"}],"wp:term":[{"taxonomy":"category","embeddable":true,"href":"http:\/\/tvalaire.com\/index.php?rest_route=%2Fwp%2Fv2%2Fcategories&post=2883"},{"taxonomy":"post_tag","embeddable":true,"href":"http:\/\/tvalaire.com\/index.php?rest_route=%2Fwp%2Fv2%2Ftags&post=2883"}],"curies":[{"name":"wp","href":"https:\/\/api.w.org\/{rel}","templated":true}]}}