{"id":2878,"date":"2017-10-13T09:12:42","date_gmt":"2017-10-13T14:12:42","guid":{"rendered":"http:\/\/tvalaire.com\/?p=2878"},"modified":"2017-10-13T09:12:42","modified_gmt":"2017-10-13T14:12:42","slug":"genera-sapas-ahorros-con-instalacion-de-sistema-de-energia-solar","status":"publish","type":"post","link":"http:\/\/tvalaire.com\/?p=2878","title":{"rendered":"GENERA SAPAS AHORROS CON INSTALACI\u00d3N DE SISTEMA DE ENERG\u00cdA SOLAR"},"content":{"rendered":"<p class=\"xmsonormal\" style=\"margin-left: 283.2pt; text-align: justify; background: white; font-variant-ligatures: normal; font-variant-caps: normal; orphans: 2; widows: 2; -webkit-text-stroke-width: 0px; text-decoration-style: initial; text-decoration-color: initial; word-spacing: 0px;\"><span style=\"font-size: 11.0pt; font-family: 'Segoe UI','sans-serif'; color: #212121;\">\u00a0<\/span><\/p>\n<p class=\"xmsonormal\" style=\"text-align: justify; background: white; font-variant-ligatures: normal; font-variant-caps: normal; orphans: 2; widows: 2; -webkit-text-stroke-width: 0px; text-decoration-style: initial; text-decoration-color: initial; word-spacing: 0px;\"><span style=\"font-family: 'Arial','sans-serif'; color: #212121;\">El Sistema de Agua Potable, Alcantarillado y Saneamiento de La Piedad (SAPAS) invirti\u00f3 en la instalaci\u00f3n de paneles solares para la captaci\u00f3n y aprovechamiento de la energ\u00eda solar en las oficinas principales, lo que le ha permitido tener importantes ahorros econ\u00f3micos en ese rubro.<\/span><\/p>\n<p class=\"xmsonormal\" style=\"text-align: justify; background: white; font-variant-ligatures: normal; font-variant-caps: normal; orphans: 2; widows: 2; -webkit-text-stroke-width: 0px; text-decoration-style: initial; text-decoration-color: initial; word-spacing: 0px;\"><span style=\"font-family: 'Arial','sans-serif'; color: #212121;\">Se trata de equipo fotovoltaico con capacidad de generaci\u00f3n de energ\u00eda de hasta 14 kilowatt\/hora para cubrir el 100 por ciento del consumo del edificio principal del organismo. Luego de seis meses de que se puso en operaci\u00f3n, el resultado muestra un ahorro en el consumo de energ\u00eda del 87 por ciento.<\/span><\/p>\n<p class=\"xmsonormal\" style=\"text-align: justify; background: white; font-variant-ligatures: normal; font-variant-caps: normal; orphans: 2; widows: 2; -webkit-text-stroke-width: 0px; text-decoration-style: initial; text-decoration-color: initial; word-spacing: 0px;\"><span style=\"font-family: 'Arial','sans-serif'; color: #212121;\">En tanto, en lo econ\u00f3mico, antes de que se instalaran los paneles solares se ten\u00eda un gasto bimestral promedio de entre 15 a 18 mil pesos; ahora lo m\u00e1s que se ha pagado en este periodo son 3 mil 100 pesos.<\/span><\/p>\n<p class=\"xmsonormal\" style=\"text-align: justify; background: white; font-variant-ligatures: normal; font-variant-caps: normal; orphans: 2; widows: 2; -webkit-text-stroke-width: 0px; text-decoration-style: initial; text-decoration-color: initial; word-spacing: 0px;\"><span style=\"font-family: 'Arial','sans-serif'; color: #212121;\">El titular del SAPAS La Piedad, Jorge Rubio Olivares, indic\u00f3 que la inversi\u00f3n ascendi\u00f3 a 479 mil 749 pesos, pero estima se dejen de gastar al a\u00f1o en promedio entre 90 y 100 mil pesos con lo que podr\u00e1 recuperar el monto a mediano plazo.<\/span><\/p>\n<p class=\"xmsonormal\" style=\"text-align: justify; background: white; font-variant-ligatures: normal; font-variant-caps: normal; orphans: 2; widows: 2; -webkit-text-stroke-width: 0px; text-decoration-style: initial; text-decoration-color: initial; word-spacing: 0px;\"><span style=\"font-family: 'Arial','sans-serif'; color: #212121;\">Indic\u00f3 que el no cubrir el 100 por ciento del consumo responde a que las condiciones climatol\u00f3gicas deben ser las \u00f3ptimas para que la radiaci\u00f3n solar llegue a los paneles y pueda ser transformada a su m\u00e1xima capacidad. \u201cLos d\u00edas nublados disminuyen esa capacidad de producci\u00f3n, pero habr\u00e1 meses en los que s\u00ed se pueda cubrir esa demanda y aprovechar al m\u00e1ximo los equipos\u201d.<\/span><\/p>\n<p class=\"xmsonormal\" style=\"text-align: justify; background: white; font-variant-ligatures: normal; font-variant-caps: normal; orphans: 2; widows: 2; -webkit-text-stroke-width: 0px; text-decoration-style: initial; text-decoration-color: initial; word-spacing: 0px;\"><span style=\"font-family: 'Arial','sans-serif'; color: #212121;\">Adem\u00e1s de que se incrementaron equipos de c\u00f3mputo y aires acondicionados para algunas \u00e1reas que lo requer\u00edan lo que aument\u00f3 el consumo pero sin llegar a los par\u00e1metros anteriores.<\/span><\/p>\n<p class=\"xmsonormal\" style=\"text-align: justify; background: white; font-variant-ligatures: normal; font-variant-caps: normal; orphans: 2; widows: 2; -webkit-text-stroke-width: 0px; text-decoration-style: initial; text-decoration-color: initial; word-spacing: 0px;\"><span style=\"font-family: 'Arial','sans-serif'; color: #212121;\">\u201cEl uso de energ\u00edas renovables, como la solar, es una alternativa muy viable para nosotros como organismo, ya que estamos buscando tener mayores ahorros econ\u00f3micos que puedan destinarse a rubros de inversi\u00f3n en obras o en la mejora de los servicios a la poblaci\u00f3n\u201d, se\u00f1al\u00f3 el director del organismo piedadense.<\/span><\/p>\n<p class=\"xmsonormal\" style=\"text-align: justify; background: white; font-variant-ligatures: normal; font-variant-caps: normal; orphans: 2; widows: 2; -webkit-text-stroke-width: 0px; text-decoration-style: initial; text-decoration-color: initial; word-spacing: 0px;\"><span style=\"font-family: 'Arial','sans-serif'; color: #212121;\">Como complemento mencion\u00f3 que de manera paulatina se han ido sustituyendo luminarias incandescentes por otras de tecnolog\u00eda LED, en plantas de tratamiento y en oficinas, y as\u00ed continuar\u00e1n hasta completar el 100 por ciento de las l\u00e1mparas y bajar a\u00fan m\u00e1s los consumos.\u00a0 Por \u00faltimo coment\u00f3 que se buscar\u00e1 replicar este proyecto de energ\u00edas renovables a otras instalaciones del organismo donde hay altos consumos de energ\u00eda con el fin de reducir el gasto en esta materia.<\/span><\/p>\n<p class=\"xmsonormal\" style=\"text-align: justify; background: white; font-variant-ligatures: normal; font-variant-caps: normal; orphans: 2; widows: 2; -webkit-text-stroke-width: 0px; text-decoration-style: initial; text-decoration-color: initial; word-spacing: 0px;\"><span style=\"font-family: 'Arial','sans-serif'; color: #212121;\">Paralelo a esto y buscando ser m\u00e1s eficientes, finaliz\u00f3, se realiz\u00f3 una auditoria energ\u00e9tica por parte de una consultor\u00eda independiente en los pozos del SAPAS La Piedad, obteniendo un diagn\u00f3stico positivo y en el que se indica que hay \u00f3ptimas eficiencias energ\u00e9ticas pero a\u00fan se pudieran generar m\u00e1s ahorros econ\u00f3micos cercanos al mill\u00f3n de pesos anuales con la sustituci\u00f3n de equipos de bombeo m\u00e1s eficientes. Proyecto que se contempla para futuros programas.<\/span><\/p>\n","protected":false},"excerpt":{"rendered":"<p>\u00a0 El Sistema de Agua Potable, Alcantarillado y Saneamiento de La Piedad (SAPAS) invirti\u00f3 en&#8230;<\/p>\n","protected":false},"author":1,"featured_media":2880,"comment_status":"open","ping_status":"open","sticky":false,"template":"","format":"standard","meta":{"jetpack_post_was_ever_published":false,"_jetpack_newsletter_access":"","_jetpack_dont_email_post_to_subs":false,"_jetpack_newsletter_tier_id":0,"_jetpack_memberships_contains_paywalled_content":false,"_jetpack_memberships_contains_paid_content":false,"footnotes":"","jetpack_publicize_message":"","jetpack_publicize_feature_enabled":true,"jetpack_social_post_already_shared":false,"jetpack_social_options":{"image_generator_settings":{"template":"highway","enabled":false},"version":2}},"categories":[1],"tags":[15,36],"class_list":["post-2878","post","type-post","status-publish","format-standard","has-post-thumbnail","hentry","category-la-piedad","tag-la-piedad","tag-principales"],"jetpack_publicize_connections":[],"jetpack_sharing_enabled":true,"featured_image_urls":{"full":["http:\/\/tvalaire.com\/wp-content\/uploads\/2017\/10\/GENERA-SAPAS-AHORROS-CON-INSTALACI\u00d3N-DE-SISTEMA-DE-ENERG\u00cdA-SOLAR.jpg",4032,3024,false],"thumbnail":["http:\/\/tvalaire.com\/wp-content\/uploads\/2017\/10\/GENERA-SAPAS-AHORROS-CON-INSTALACI\u00d3N-DE-SISTEMA-DE-ENERG\u00cdA-SOLAR-150x150.jpg",150,150,true],"medium":["http:\/\/tvalaire.com\/wp-content\/uploads\/2017\/10\/GENERA-SAPAS-AHORROS-CON-INSTALACI\u00d3N-DE-SISTEMA-DE-ENERG\u00cdA-SOLAR-300x225.jpg",300,225,true],"medium_large":["http:\/\/tvalaire.com\/wp-content\/uploads\/2017\/10\/GENERA-SAPAS-AHORROS-CON-INSTALACI\u00d3N-DE-SISTEMA-DE-ENERG\u00cdA-SOLAR-768x576.jpg",640,480,true],"large":["http:\/\/tvalaire.com\/wp-content\/uploads\/2017\/10\/GENERA-SAPAS-AHORROS-CON-INSTALACI\u00d3N-DE-SISTEMA-DE-ENERG\u00cdA-SOLAR-1024x768.jpg",640,480,true],"post-slider-thumb-size":["http:\/\/tvalaire.com\/wp-content\/uploads\/2017\/10\/GENERA-SAPAS-AHORROS-CON-INSTALACI\u00d3N-DE-SISTEMA-DE-ENERG\u00cdA-SOLAR.jpg",253,190,false],"post-category-slider-size":["http:\/\/tvalaire.com\/wp-content\/uploads\/2017\/10\/GENERA-SAPAS-AHORROS-CON-INSTALACI\u00d3N-DE-SISTEMA-DE-ENERG\u00cdA-SOLAR.jpg",330,248,false],"1536x1536":["http:\/\/tvalaire.com\/wp-content\/uploads\/2017\/10\/GENERA-SAPAS-AHORROS-CON-INSTALACI\u00d3N-DE-SISTEMA-DE-ENERG\u00cdA-SOLAR.jpg",1536,1152,false],"2048x2048":["http:\/\/tvalaire.com\/wp-content\/uploads\/2017\/10\/GENERA-SAPAS-AHORROS-CON-INSTALACI\u00d3N-DE-SISTEMA-DE-ENERG\u00cdA-SOLAR.jpg",2048,1536,false],"newsium-slider-full":["http:\/\/tvalaire.com\/wp-content\/uploads\/2017\/10\/GENERA-SAPAS-AHORROS-CON-INSTALACI\u00d3N-DE-SISTEMA-DE-ENERG\u00cdA-SOLAR.jpg",1127,845,false],"newsium-featured":["http:\/\/tvalaire.com\/wp-content\/uploads\/2017\/10\/GENERA-SAPAS-AHORROS-CON-INSTALACI\u00d3N-DE-SISTEMA-DE-ENERG\u00cdA-SOLAR.jpg",1024,768,false],"newsium-medium":["http:\/\/tvalaire.com\/wp-content\/uploads\/2017\/10\/GENERA-SAPAS-AHORROS-CON-INSTALACI\u00d3N-DE-SISTEMA-DE-ENERG\u00cdA-SOLAR.jpg",633,475,false]},"author_info":{"info":["tvalairenoti"]},"category_info":"<a href=\"http:\/\/tvalaire.com\/?cat=1\" rel=\"category\">La Piedad<\/a>","tag_info":"La Piedad","comment_count":"0","jetpack_featured_media_url":"http:\/\/tvalaire.com\/wp-content\/uploads\/2017\/10\/GENERA-SAPAS-AHORROS-CON-INSTALACI\u00d3N-DE-SISTEMA-DE-ENERG\u00cdA-SOLAR.jpg","_links":{"self":[{"href":"http:\/\/tvalaire.com\/index.php?rest_route=\/wp\/v2\/posts\/2878"}],"collection":[{"href":"http:\/\/tvalaire.com\/index.php?rest_route=\/wp\/v2\/posts"}],"about":[{"href":"http:\/\/tvalaire.com\/index.php?rest_route=\/wp\/v2\/types\/post"}],"author":[{"embeddable":true,"href":"http:\/\/tvalaire.com\/index.php?rest_route=\/wp\/v2\/users\/1"}],"replies":[{"embeddable":true,"href":"http:\/\/tvalaire.com\/index.php?rest_route=%2Fwp%2Fv2%2Fcomments&post=2878"}],"version-history":[{"count":1,"href":"http:\/\/tvalaire.com\/index.php?rest_route=\/wp\/v2\/posts\/2878\/revisions"}],"predecessor-version":[{"id":2882,"href":"http:\/\/tvalaire.com\/index.php?rest_route=\/wp\/v2\/posts\/2878\/revisions\/2882"}],"wp:featuredmedia":[{"embeddable":true,"href":"http:\/\/tvalaire.com\/index.php?rest_route=\/wp\/v2\/media\/2880"}],"wp:attachment":[{"href":"http:\/\/tvalaire.com\/index.php?rest_route=%2Fwp%2Fv2%2Fmedia&parent=2878"}],"wp:term":[{"taxonomy":"category","embeddable":true,"href":"http:\/\/tvalaire.com\/index.php?rest_route=%2Fwp%2Fv2%2Fcategories&post=2878"},{"taxonomy":"post_tag","embeddable":true,"href":"http:\/\/tvalaire.com\/index.php?rest_route=%2Fwp%2Fv2%2Ftags&post=2878"}],"curies":[{"name":"wp","href":"https:\/\/api.w.org\/{rel}","templated":true}]}}