{"id":2868,"date":"2017-10-12T08:59:54","date_gmt":"2017-10-12T13:59:54","guid":{"rendered":"http:\/\/tvalaire.com\/?p=2868"},"modified":"2017-10-12T08:59:54","modified_gmt":"2017-10-12T13:59:54","slug":"envia-la-piedad-mas-apoyo-alimentario-y-medicinas-a-damnificados-de-morelos","status":"publish","type":"post","link":"http:\/\/tvalaire.com\/?p=2868","title":{"rendered":"ENV\u00cdA LA PIEDAD M\u00c1S APOYO ALIMENTARIO Y MEDICINAS A DAMNIFICADOS DE MORELOS"},"content":{"rendered":"<p class=\"xmsonormal\" style=\"text-align: justify; background: white; font-variant-ligatures: normal; font-variant-caps: normal; orphans: 2; widows: 2; -webkit-text-stroke-width: 0px; text-decoration-style: initial; text-decoration-color: initial; word-spacing: 0px;\"><span style=\"font-family: 'Arial','sans-serif'; color: #212121;\">Hoy por la ma\u00f1ana sali\u00f3 una camioneta de carga repleta de v\u00edveres para nuestros hermanos damnificados por el sismo en el estado de Morelos, por parte del centro de acopio que ten\u00eda abierto el DIF Municipal.<\/span><\/p>\n<p class=\"xmsonormal\" style=\"text-align: justify; background: white; font-variant-ligatures: normal; font-variant-caps: normal; orphans: 2; widows: 2; -webkit-text-stroke-width: 0px; text-decoration-style: initial; text-decoration-color: initial; word-spacing: 0px;\"><span style=\"font-family: 'Arial','sans-serif'; color: #212121;\">Dentro de los productos que la instancia social canaliza con el apoyo de la poblaci\u00f3n se encuentran; alimentos no perecederos tales como at\u00fan, leche, pasta, productos enlatados, arroz, avena, frijol, jugos, agua, galletas, az\u00facar, aceite, entre otros; medicamentos antihipertensivos, analg\u00e9sico, hipo gluc\u00e9micos, antibi\u00f3ticos y asm\u00e1ticos, as\u00ed como productos de higiene personal y ropa.<\/span><\/p>\n<p class=\"xmsonormal\" style=\"text-align: justify; background: white; font-variant-ligatures: normal; font-variant-caps: normal; orphans: 2; widows: 2; -webkit-text-stroke-width: 0px; text-decoration-style: initial; text-decoration-color: initial; word-spacing: 0px;\"><span style=\"font-family: 'Arial','sans-serif'; color: #212121;\">El destino en esta ocasi\u00f3n es llegar a Morelos, en donde siguiendo los protocolos de seguridad establecidos por Protecci\u00f3n Civil a nivel federal, se dirigir\u00e1n a los puntos del estado en los que, de acuerdo a los censos que ellos manejan, se requiere.<\/span><\/p>\n<p class=\"xmsonormal\" style=\"text-align: justify; background: white; font-variant-ligatures: normal; font-variant-caps: normal; orphans: 2; widows: 2; -webkit-text-stroke-width: 0px; text-decoration-style: initial; text-decoration-color: initial; word-spacing: 0px;\"><span style=\"font-family: 'Arial','sans-serif'; color: #212121;\">La indicaci\u00f3n que el personal del DIF Municipal recibi\u00f3 por parte de la presidenta, Ma. Socorro Le\u00f3n es que toda la ayuda que se env\u00eda de esta ciudad, se haga llegar a quienes realmente lo necesitan.<\/span><\/p>\n<p class=\"xmsonormal\" style=\"text-align: justify; background: white; font-variant-ligatures: normal; font-variant-caps: normal; orphans: 2; widows: 2; -webkit-text-stroke-width: 0px; text-decoration-style: initial; text-decoration-color: initial; word-spacing: 0px;\"><span style=\"font-family: 'Arial','sans-serif'; color: #212121;\">Para ello, el personal de la dependencia cuenta con la indicaci\u00f3n de generar evidencias de los lugares en donde se dejen los v\u00edveres enviados en esta ocasi\u00f3n.<\/span><\/p>\n<p class=\"xmsonormal\" style=\"text-align: justify; background: white; font-variant-ligatures: normal; font-variant-caps: normal; orphans: 2; widows: 2; -webkit-text-stroke-width: 0px; text-decoration-style: initial; text-decoration-color: initial; word-spacing: 0px;\"><span style=\"font-family: 'Arial','sans-serif'; color: #212121;\">Cabe destacar que por parte del DIF Municipal, es el segundo env\u00edo que se realiza. El primero de ellos fue un tr\u00e1iler repleto de productos alimenticios, medicamentos y ropa; en esta ocasi\u00f3n los v\u00edveres se canalizan en la camioneta de carga del SAPAS La Piedad.<\/span><\/p>\n<p class=\"xmsonormal\" style=\"text-align: justify; background: white; font-variant-ligatures: normal; font-variant-caps: normal; orphans: 2; widows: 2; -webkit-text-stroke-width: 0px; text-decoration-style: initial; text-decoration-color: initial; word-spacing: 0px;\"><span style=\"font-family: 'Arial','sans-serif'; color: #212121;\">El personal del DIF que acudi\u00f3, estim\u00f3 que hoy por la tarde arribar\u00e1n al estado de Morelos en donde el voluntariado del lugar los espera para comenzar a armar las despensas, para ma\u00f1ana a temprana hora salir a los municipios cercanos a dejar los alimentos y la ropa, ya que los medicamentos se canalizar\u00e1n a los centros de salud y hospitales.<\/span><\/p>\n<p class=\"xmsonormal\" style=\"text-align: justify; background: white; font-variant-ligatures: normal; font-variant-caps: normal; orphans: 2; widows: 2; -webkit-text-stroke-width: 0px; text-decoration-style: initial; text-decoration-color: initial; word-spacing: 0px;\"><span style=\"font-family: 'Arial','sans-serif'; color: #212121;\">A toda la poblaci\u00f3n que colabor\u00f3 para que se diera posible este nuevo env\u00edo, la presidenta del DIF Municipal dio las gracias e invit\u00f3 a seguir apoyando a nuestros hermanos que se encuentran hoy en desgracia ante la p\u00e9rdida de familiares y de su patrimonio familiar.<\/span><\/p>\n","protected":false},"excerpt":{"rendered":"<p>Hoy por la ma\u00f1ana sali\u00f3 una camioneta de carga repleta de v\u00edveres para nuestros hermanos&#8230;<\/p>\n","protected":false},"author":1,"featured_media":2864,"comment_status":"open","ping_status":"open","sticky":false,"template":"","format":"standard","meta":{"jetpack_post_was_ever_published":false,"_jetpack_newsletter_access":"","_jetpack_dont_email_post_to_subs":false,"_jetpack_newsletter_tier_id":0,"_jetpack_memberships_contains_paywalled_content":false,"_jetpack_memberships_contains_paid_content":false,"footnotes":"","jetpack_publicize_message":"","jetpack_publicize_feature_enabled":true,"jetpack_social_post_already_shared":false,"jetpack_social_options":{"image_generator_settings":{"template":"highway","enabled":false},"version":2}},"categories":[1],"tags":[15,36],"class_list":["post-2868","post","type-post","status-publish","format-standard","has-post-thumbnail","hentry","category-la-piedad","tag-la-piedad","tag-principales"],"jetpack_publicize_connections":[],"jetpack_sharing_enabled":true,"featured_image_urls":{"full":["http:\/\/tvalaire.com\/wp-content\/uploads\/2017\/10\/ENV\u00cdA-LA-PIEDAD-M\u00c1S-APOYO-ALIMENTARIO-Y-MEDICINAS-A-DAMNIFICADOS-DE-MORELOS.jpg",1280,960,false],"thumbnail":["http:\/\/tvalaire.com\/wp-content\/uploads\/2017\/10\/ENV\u00cdA-LA-PIEDAD-M\u00c1S-APOYO-ALIMENTARIO-Y-MEDICINAS-A-DAMNIFICADOS-DE-MORELOS-150x150.jpg",150,150,true],"medium":["http:\/\/tvalaire.com\/wp-content\/uploads\/2017\/10\/ENV\u00cdA-LA-PIEDAD-M\u00c1S-APOYO-ALIMENTARIO-Y-MEDICINAS-A-DAMNIFICADOS-DE-MORELOS-300x225.jpg",300,225,true],"medium_large":["http:\/\/tvalaire.com\/wp-content\/uploads\/2017\/10\/ENV\u00cdA-LA-PIEDAD-M\u00c1S-APOYO-ALIMENTARIO-Y-MEDICINAS-A-DAMNIFICADOS-DE-MORELOS-768x576.jpg",640,480,true],"large":["http:\/\/tvalaire.com\/wp-content\/uploads\/2017\/10\/ENV\u00cdA-LA-PIEDAD-M\u00c1S-APOYO-ALIMENTARIO-Y-MEDICINAS-A-DAMNIFICADOS-DE-MORELOS-1024x768.jpg",640,480,true],"post-slider-thumb-size":["http:\/\/tvalaire.com\/wp-content\/uploads\/2017\/10\/ENV\u00cdA-LA-PIEDAD-M\u00c1S-APOYO-ALIMENTARIO-Y-MEDICINAS-A-DAMNIFICADOS-DE-MORELOS.jpg",253,190,false],"post-category-slider-size":["http:\/\/tvalaire.com\/wp-content\/uploads\/2017\/10\/ENV\u00cdA-LA-PIEDAD-M\u00c1S-APOYO-ALIMENTARIO-Y-MEDICINAS-A-DAMNIFICADOS-DE-MORELOS.jpg",330,248,false],"1536x1536":["http:\/\/tvalaire.com\/wp-content\/uploads\/2017\/10\/ENV\u00cdA-LA-PIEDAD-M\u00c1S-APOYO-ALIMENTARIO-Y-MEDICINAS-A-DAMNIFICADOS-DE-MORELOS.jpg",1280,960,false],"2048x2048":["http:\/\/tvalaire.com\/wp-content\/uploads\/2017\/10\/ENV\u00cdA-LA-PIEDAD-M\u00c1S-APOYO-ALIMENTARIO-Y-MEDICINAS-A-DAMNIFICADOS-DE-MORELOS.jpg",1280,960,false],"newsium-slider-full":["http:\/\/tvalaire.com\/wp-content\/uploads\/2017\/10\/ENV\u00cdA-LA-PIEDAD-M\u00c1S-APOYO-ALIMENTARIO-Y-MEDICINAS-A-DAMNIFICADOS-DE-MORELOS.jpg",1127,845,false],"newsium-featured":["http:\/\/tvalaire.com\/wp-content\/uploads\/2017\/10\/ENV\u00cdA-LA-PIEDAD-M\u00c1S-APOYO-ALIMENTARIO-Y-MEDICINAS-A-DAMNIFICADOS-DE-MORELOS.jpg",1024,768,false],"newsium-medium":["http:\/\/tvalaire.com\/wp-content\/uploads\/2017\/10\/ENV\u00cdA-LA-PIEDAD-M\u00c1S-APOYO-ALIMENTARIO-Y-MEDICINAS-A-DAMNIFICADOS-DE-MORELOS.jpg",633,475,false]},"author_info":{"info":["tvalairenoti"]},"category_info":"<a href=\"http:\/\/tvalaire.com\/?cat=1\" rel=\"category\">La Piedad<\/a>","tag_info":"La Piedad","comment_count":"0","jetpack_featured_media_url":"http:\/\/tvalaire.com\/wp-content\/uploads\/2017\/10\/ENV\u00cdA-LA-PIEDAD-M\u00c1S-APOYO-ALIMENTARIO-Y-MEDICINAS-A-DAMNIFICADOS-DE-MORELOS.jpg","_links":{"self":[{"href":"http:\/\/tvalaire.com\/index.php?rest_route=\/wp\/v2\/posts\/2868"}],"collection":[{"href":"http:\/\/tvalaire.com\/index.php?rest_route=\/wp\/v2\/posts"}],"about":[{"href":"http:\/\/tvalaire.com\/index.php?rest_route=\/wp\/v2\/types\/post"}],"author":[{"embeddable":true,"href":"http:\/\/tvalaire.com\/index.php?rest_route=\/wp\/v2\/users\/1"}],"replies":[{"embeddable":true,"href":"http:\/\/tvalaire.com\/index.php?rest_route=%2Fwp%2Fv2%2Fcomments&post=2868"}],"version-history":[{"count":1,"href":"http:\/\/tvalaire.com\/index.php?rest_route=\/wp\/v2\/posts\/2868\/revisions"}],"predecessor-version":[{"id":2869,"href":"http:\/\/tvalaire.com\/index.php?rest_route=\/wp\/v2\/posts\/2868\/revisions\/2869"}],"wp:featuredmedia":[{"embeddable":true,"href":"http:\/\/tvalaire.com\/index.php?rest_route=\/wp\/v2\/media\/2864"}],"wp:attachment":[{"href":"http:\/\/tvalaire.com\/index.php?rest_route=%2Fwp%2Fv2%2Fmedia&parent=2868"}],"wp:term":[{"taxonomy":"category","embeddable":true,"href":"http:\/\/tvalaire.com\/index.php?rest_route=%2Fwp%2Fv2%2Fcategories&post=2868"},{"taxonomy":"post_tag","embeddable":true,"href":"http:\/\/tvalaire.com\/index.php?rest_route=%2Fwp%2Fv2%2Ftags&post=2868"}],"curies":[{"name":"wp","href":"https:\/\/api.w.org\/{rel}","templated":true}]}}