{"id":2866,"date":"2017-10-12T08:59:20","date_gmt":"2017-10-12T13:59:20","guid":{"rendered":"http:\/\/tvalaire.com\/?p=2866"},"modified":"2017-10-12T08:59:20","modified_gmt":"2017-10-12T13:59:20","slug":"cfe-preve-cobrar-al-municipio-casi-un-5-por-cobro-del-dap","status":"publish","type":"post","link":"http:\/\/tvalaire.com\/?p=2866","title":{"rendered":"CFE PREV\u00c9 COBRAR AL MUNICIPIO CASI UN 5% POR COBRO DEL DAP"},"content":{"rendered":"<p class=\"xmsonormal\" style=\"text-align: justify; background: white; font-variant-ligatures: normal; font-variant-caps: normal; orphans: 2; widows: 2; -webkit-text-stroke-width: 0px; text-decoration-style: initial; text-decoration-color: initial; word-spacing: 0px;\"><span style=\"font-family: 'Arial','sans-serif'; color: #212121;\">Integrantes del Ayuntamiento, acordaron enviar a las comisiones de Hacienda y Servicios P\u00fablicos con el \u00e1rea jur\u00eddica, el Convenio que les hizo llegar la Comisi\u00f3n Federal de Electricidad (CFE), sobre la recaudaci\u00f3n del importe de los Derechos de Alumbrado P\u00fablico (DAP), del cual pretende cobrarles el 4.99% del total de la recaudaci\u00f3n.<\/span><\/p>\n<p class=\"xmsonormal\" style=\"text-align: justify; background: white; font-variant-ligatures: normal; font-variant-caps: normal; orphans: 2; widows: 2; -webkit-text-stroke-width: 0px; text-decoration-style: initial; text-decoration-color: initial; word-spacing: 0px;\"><span style=\"font-family: 'Arial','sans-serif'; color: #212121;\">La presentaci\u00f3n del convenio fue planteada en la sesi\u00f3n de Cabildo, por el S\u00edndico Nicol\u00e1s Hermosillo Garc\u00eda, quien explic\u00f3 que actualmente la CFE como suministradora de este servicio cobra por hacer la recaudaci\u00f3n del DAP de entre 10 a 15 mil pesos y de aceptar el convenio como tal, la suma se incrementar\u00eda entre 55 y 70 mil pesos mensuales.<\/span><\/p>\n<p class=\"xmsonormal\" style=\"text-align: justify; background: white; font-variant-ligatures: normal; font-variant-caps: normal; orphans: 2; widows: 2; -webkit-text-stroke-width: 0px; text-decoration-style: initial; text-decoration-color: initial; word-spacing: 0px;\"><span style=\"font-family: 'Arial','sans-serif'; color: #212121;\">El contrato, adem\u00e1s obliga al Ayuntamiento a contratar el servicio con ellos o de lo contrario los deja fuera, contraviniendo as\u00ed a la Ley de Energ\u00eda como el mismo S\u00edndico estableci\u00f3. El convenio se hizo llegar el 1 de agosto y es para aplicarse este 2017.\u00a0<\/span><\/p>\n<p class=\"xmsonormal\" style=\"text-align: justify; background: white; font-variant-ligatures: normal; font-variant-caps: normal; orphans: 2; widows: 2; -webkit-text-stroke-width: 0px; text-decoration-style: initial; text-decoration-color: initial; word-spacing: 0px;\"><span style=\"font-family: 'Arial','sans-serif'; color: #212121;\">Aunque tambi\u00e9n reconoci\u00f3 que en el Municipio no existe un mecanismo alterno para recaudar el DAP, por lo que propuso al Cabildo hacer un an\u00e1lisis profundo conjuntamente con el \u00e1rea jur\u00eddica del Ayuntamiento y revisar la propuesta que hace otra empresa de energ\u00eda el\u00e9ctrica que proporciona el servicio un 30% m\u00e1s barato.<\/span><\/p>\n<p class=\"xmsonormal\" style=\"text-align: justify; background: white; font-variant-ligatures: normal; font-variant-caps: normal; orphans: 2; widows: 2; -webkit-text-stroke-width: 0px; text-decoration-style: initial; text-decoration-color: initial; word-spacing: 0px;\"><span style=\"font-family: 'Arial','sans-serif'; color: #212121;\">En relaci\u00f3n a este tema, el regidor Ulises No\u00e9 Caratachea dijo que si la CFE pretende cobrar esa cantidad, se aplique tambi\u00e9n la Ley de Hacienda en donde exige a las empresas cobrar el derecho de ocupaci\u00f3n de v\u00eda por la instalaci\u00f3n de postes y cableado, para que compense el cobro que pretenden hacer.<\/span><\/p>\n<p class=\"xmsonormal\" style=\"text-align: justify; background: white; font-variant-ligatures: normal; font-variant-caps: normal; orphans: 2; widows: 2; -webkit-text-stroke-width: 0px; text-decoration-style: initial; text-decoration-color: initial; word-spacing: 0px;\"><span style=\"font-family: 'Arial','sans-serif'; color: #212121;\">En la sesi\u00f3n estuvo presente, el ingeniero Elvis S\u00e1nchez de la CFE reconoci\u00f3 que el convenio pudo haberse notado poco cort\u00e9s, pero la empresa que es p\u00fablica y descentralizada les exige ser rentables por sus propios medios y para lograr los objetivos, han establecido convenios anuales con otros ayuntamientos y la indicaci\u00f3n que tiene es firmar el contrato o La Piedad quedar\u00e1 fuera de la recaudaci\u00f3n.<\/span><\/p>\n<p class=\"xmsonormal\" style=\"text-align: justify; background: white; font-variant-ligatures: normal; font-variant-caps: normal; orphans: 2; widows: 2; -webkit-text-stroke-width: 0px; text-decoration-style: initial; text-decoration-color: initial; word-spacing: 0px;\"><span style=\"font-family: 'Arial','sans-serif'; color: #212121;\">Marco Arguello tambi\u00e9n de CFE coment\u00f3 que respeto a la poster\u00eda, el Ayuntamiento est\u00e1 en su derecho de querer cobrar por ese concepto de uso, pero no tendr\u00eda que hacerse a ellos, sino a la distribuidora de este servicio, ya que la paraestatal se dividi\u00f3 en 12 empresas.<\/span><\/p>\n","protected":false},"excerpt":{"rendered":"<p>Integrantes del Ayuntamiento, acordaron enviar a las comisiones de Hacienda y Servicios P\u00fablicos con el&#8230;<\/p>\n","protected":false},"author":1,"featured_media":2863,"comment_status":"open","ping_status":"open","sticky":false,"template":"","format":"standard","meta":{"jetpack_post_was_ever_published":false,"_jetpack_newsletter_access":"","_jetpack_dont_email_post_to_subs":false,"_jetpack_newsletter_tier_id":0,"_jetpack_memberships_contains_paywalled_content":false,"_jetpack_memberships_contains_paid_content":false,"footnotes":"","jetpack_publicize_message":"","jetpack_publicize_feature_enabled":true,"jetpack_social_post_already_shared":false,"jetpack_social_options":{"image_generator_settings":{"template":"highway","enabled":false},"version":2}},"categories":[1],"tags":[15,36],"class_list":["post-2866","post","type-post","status-publish","format-standard","has-post-thumbnail","hentry","category-la-piedad","tag-la-piedad","tag-principales"],"jetpack_publicize_connections":[],"jetpack_sharing_enabled":true,"featured_image_urls":{"full":["http:\/\/tvalaire.com\/wp-content\/uploads\/2017\/10\/CFE-PREV\u00c9-COBRAR-AL-MUNICIPIO-CASI-UN-5-POR-COBRO-DEL-DAP.jpg",1024,683,false],"thumbnail":["http:\/\/tvalaire.com\/wp-content\/uploads\/2017\/10\/CFE-PREV\u00c9-COBRAR-AL-MUNICIPIO-CASI-UN-5-POR-COBRO-DEL-DAP-150x150.jpg",150,150,true],"medium":["http:\/\/tvalaire.com\/wp-content\/uploads\/2017\/10\/CFE-PREV\u00c9-COBRAR-AL-MUNICIPIO-CASI-UN-5-POR-COBRO-DEL-DAP-300x200.jpg",300,200,true],"medium_large":["http:\/\/tvalaire.com\/wp-content\/uploads\/2017\/10\/CFE-PREV\u00c9-COBRAR-AL-MUNICIPIO-CASI-UN-5-POR-COBRO-DEL-DAP-768x512.jpg",640,427,true],"large":["http:\/\/tvalaire.com\/wp-content\/uploads\/2017\/10\/CFE-PREV\u00c9-COBRAR-AL-MUNICIPIO-CASI-UN-5-POR-COBRO-DEL-DAP-1024x683.jpg",640,427,true],"post-slider-thumb-size":["http:\/\/tvalaire.com\/wp-content\/uploads\/2017\/10\/CFE-PREV\u00c9-COBRAR-AL-MUNICIPIO-CASI-UN-5-POR-COBRO-DEL-DAP.jpg",285,190,false],"post-category-slider-size":["http:\/\/tvalaire.com\/wp-content\/uploads\/2017\/10\/CFE-PREV\u00c9-COBRAR-AL-MUNICIPIO-CASI-UN-5-POR-COBRO-DEL-DAP.jpg",330,220,false],"1536x1536":["http:\/\/tvalaire.com\/wp-content\/uploads\/2017\/10\/CFE-PREV\u00c9-COBRAR-AL-MUNICIPIO-CASI-UN-5-POR-COBRO-DEL-DAP.jpg",1024,683,false],"2048x2048":["http:\/\/tvalaire.com\/wp-content\/uploads\/2017\/10\/CFE-PREV\u00c9-COBRAR-AL-MUNICIPIO-CASI-UN-5-POR-COBRO-DEL-DAP.jpg",1024,683,false],"newsium-slider-full":["http:\/\/tvalaire.com\/wp-content\/uploads\/2017\/10\/CFE-PREV\u00c9-COBRAR-AL-MUNICIPIO-CASI-UN-5-POR-COBRO-DEL-DAP.jpg",1024,683,false],"newsium-featured":["http:\/\/tvalaire.com\/wp-content\/uploads\/2017\/10\/CFE-PREV\u00c9-COBRAR-AL-MUNICIPIO-CASI-UN-5-POR-COBRO-DEL-DAP.jpg",1024,683,false],"newsium-medium":["http:\/\/tvalaire.com\/wp-content\/uploads\/2017\/10\/CFE-PREV\u00c9-COBRAR-AL-MUNICIPIO-CASI-UN-5-POR-COBRO-DEL-DAP.jpg",712,475,false]},"author_info":{"info":["tvalairenoti"]},"category_info":"<a href=\"http:\/\/tvalaire.com\/?cat=1\" rel=\"category\">La Piedad<\/a>","tag_info":"La Piedad","comment_count":"0","jetpack_featured_media_url":"http:\/\/tvalaire.com\/wp-content\/uploads\/2017\/10\/CFE-PREV\u00c9-COBRAR-AL-MUNICIPIO-CASI-UN-5-POR-COBRO-DEL-DAP.jpg","_links":{"self":[{"href":"http:\/\/tvalaire.com\/index.php?rest_route=\/wp\/v2\/posts\/2866"}],"collection":[{"href":"http:\/\/tvalaire.com\/index.php?rest_route=\/wp\/v2\/posts"}],"about":[{"href":"http:\/\/tvalaire.com\/index.php?rest_route=\/wp\/v2\/types\/post"}],"author":[{"embeddable":true,"href":"http:\/\/tvalaire.com\/index.php?rest_route=\/wp\/v2\/users\/1"}],"replies":[{"embeddable":true,"href":"http:\/\/tvalaire.com\/index.php?rest_route=%2Fwp%2Fv2%2Fcomments&post=2866"}],"version-history":[{"count":1,"href":"http:\/\/tvalaire.com\/index.php?rest_route=\/wp\/v2\/posts\/2866\/revisions"}],"predecessor-version":[{"id":2867,"href":"http:\/\/tvalaire.com\/index.php?rest_route=\/wp\/v2\/posts\/2866\/revisions\/2867"}],"wp:featuredmedia":[{"embeddable":true,"href":"http:\/\/tvalaire.com\/index.php?rest_route=\/wp\/v2\/media\/2863"}],"wp:attachment":[{"href":"http:\/\/tvalaire.com\/index.php?rest_route=%2Fwp%2Fv2%2Fmedia&parent=2866"}],"wp:term":[{"taxonomy":"category","embeddable":true,"href":"http:\/\/tvalaire.com\/index.php?rest_route=%2Fwp%2Fv2%2Fcategories&post=2866"},{"taxonomy":"post_tag","embeddable":true,"href":"http:\/\/tvalaire.com\/index.php?rest_route=%2Fwp%2Fv2%2Ftags&post=2866"}],"curies":[{"name":"wp","href":"https:\/\/api.w.org\/{rel}","templated":true}]}}