{"id":2861,"date":"2017-10-12T08:58:48","date_gmt":"2017-10-12T13:58:48","guid":{"rendered":"http:\/\/tvalaire.com\/?p=2861"},"modified":"2017-10-12T08:58:48","modified_gmt":"2017-10-12T13:58:48","slug":"autorizo-el-cabildo-donacion-de-un-predio-para-construir-edificio-de-la-policia-federal","status":"publish","type":"post","link":"http:\/\/tvalaire.com\/?p=2861","title":{"rendered":"AUTORIZ\u00d3 EL CABILDO DONACI\u00d3N DE UN PREDIO PARA CONSTRUIR EDIFICIO DE LA POLIC\u00cdA FEDERAL"},"content":{"rendered":"<p>Integrantes del Ayuntamiento, aprobaron por unanimidad de votos, el punto de acuerdo que present\u00f3 la Comisi\u00f3n de\u00a0Hacienda, Financiamiento y Patrimonio sobre la solicitud del Inspector en Jefe C. Julio Eduardo Mendoza \u00c1lvarez, encargado interino de la Unidad Operativa de Segunda Preventiva Estaci\u00f3n de Polic\u00eda Federal de La Piedad, para la donaci\u00f3n de un predio para la construcci\u00f3n del edificio que albergar\u00e1 la Polic\u00eda Federal.<\/p>\n<p>La presentaci\u00f3n del dictamen se dio por la ma\u00f1ana en la sesi\u00f3n ordinaria de Cabildo, en donde se especific\u00f3 que el terreno consta de 6 mil 250 metros cuadrados que se ubican en el fraccionamiento \u201cFrancisco Villa\u201d con entrada por el Libramiento Mart\u00ed-Mercado.<\/p>\n<p>La donaci\u00f3n sali\u00f3 a nombre de la Secretar\u00eda de Gobernaci\u00f3n \u00f3rgano administrativo desconcentrado de la Polic\u00eda Federal y se incluy\u00f3 un punto en donde se establece que de no existir construcci\u00f3n alguna dentro de un plazo que vencer\u00e1 el 15 de abril del 2020 dentro del inmueble, la presente donaci\u00f3n se revocar\u00e1 y el inmueble pasar\u00e1 de nueva cuenta a ser propiedad del Municipio de La Piedad, Michoac\u00e1n.<\/p>\n<p>Personal de la Polic\u00eda Federal, presente en la sesi\u00f3n de Cabildo agradeci\u00f3 el apoyo y la comprensi\u00f3n para la donaci\u00f3n de este terreno en donde se prev\u00e9n construir las instalaciones propias de esta corporaci\u00f3n.<\/p>\n<p>&nbsp;<\/p>\n<p>&nbsp;<\/p>\n","protected":false},"excerpt":{"rendered":"<p>Integrantes del Ayuntamiento, aprobaron por unanimidad de votos, el punto de acuerdo que present\u00f3 la&#8230;<\/p>\n","protected":false},"author":1,"featured_media":2862,"comment_status":"open","ping_status":"open","sticky":false,"template":"","format":"standard","meta":{"jetpack_post_was_ever_published":false,"_jetpack_newsletter_access":"","_jetpack_dont_email_post_to_subs":false,"_jetpack_newsletter_tier_id":0,"_jetpack_memberships_contains_paywalled_content":false,"_jetpack_memberships_contains_paid_content":false,"footnotes":"","jetpack_publicize_message":"","jetpack_publicize_feature_enabled":true,"jetpack_social_post_already_shared":false,"jetpack_social_options":{"image_generator_settings":{"template":"highway","enabled":false},"version":2}},"categories":[1],"tags":[15,36],"class_list":["post-2861","post","type-post","status-publish","format-standard","has-post-thumbnail","hentry","category-la-piedad","tag-la-piedad","tag-principales"],"jetpack_publicize_connections":[],"jetpack_sharing_enabled":true,"featured_image_urls":{"full":["http:\/\/tvalaire.com\/wp-content\/uploads\/2017\/10\/AUTORIZ\u00d3-EL-CABILDO-DONACI\u00d3N-DE-UN-PREDIO-PARA-CONSTRUIR-EDIFICIO-DE-LA-POLIC\u00cdA-FEDERAL.jpg",1024,683,false],"thumbnail":["http:\/\/tvalaire.com\/wp-content\/uploads\/2017\/10\/AUTORIZ\u00d3-EL-CABILDO-DONACI\u00d3N-DE-UN-PREDIO-PARA-CONSTRUIR-EDIFICIO-DE-LA-POLIC\u00cdA-FEDERAL-150x150.jpg",150,150,true],"medium":["http:\/\/tvalaire.com\/wp-content\/uploads\/2017\/10\/AUTORIZ\u00d3-EL-CABILDO-DONACI\u00d3N-DE-UN-PREDIO-PARA-CONSTRUIR-EDIFICIO-DE-LA-POLIC\u00cdA-FEDERAL-300x200.jpg",300,200,true],"medium_large":["http:\/\/tvalaire.com\/wp-content\/uploads\/2017\/10\/AUTORIZ\u00d3-EL-CABILDO-DONACI\u00d3N-DE-UN-PREDIO-PARA-CONSTRUIR-EDIFICIO-DE-LA-POLIC\u00cdA-FEDERAL-768x512.jpg",640,427,true],"large":["http:\/\/tvalaire.com\/wp-content\/uploads\/2017\/10\/AUTORIZ\u00d3-EL-CABILDO-DONACI\u00d3N-DE-UN-PREDIO-PARA-CONSTRUIR-EDIFICIO-DE-LA-POLIC\u00cdA-FEDERAL-1024x683.jpg",640,427,true],"post-slider-thumb-size":["http:\/\/tvalaire.com\/wp-content\/uploads\/2017\/10\/AUTORIZ\u00d3-EL-CABILDO-DONACI\u00d3N-DE-UN-PREDIO-PARA-CONSTRUIR-EDIFICIO-DE-LA-POLIC\u00cdA-FEDERAL.jpg",285,190,false],"post-category-slider-size":["http:\/\/tvalaire.com\/wp-content\/uploads\/2017\/10\/AUTORIZ\u00d3-EL-CABILDO-DONACI\u00d3N-DE-UN-PREDIO-PARA-CONSTRUIR-EDIFICIO-DE-LA-POLIC\u00cdA-FEDERAL.jpg",330,220,false],"1536x1536":["http:\/\/tvalaire.com\/wp-content\/uploads\/2017\/10\/AUTORIZ\u00d3-EL-CABILDO-DONACI\u00d3N-DE-UN-PREDIO-PARA-CONSTRUIR-EDIFICIO-DE-LA-POLIC\u00cdA-FEDERAL.jpg",1024,683,false],"2048x2048":["http:\/\/tvalaire.com\/wp-content\/uploads\/2017\/10\/AUTORIZ\u00d3-EL-CABILDO-DONACI\u00d3N-DE-UN-PREDIO-PARA-CONSTRUIR-EDIFICIO-DE-LA-POLIC\u00cdA-FEDERAL.jpg",1024,683,false],"newsium-slider-full":["http:\/\/tvalaire.com\/wp-content\/uploads\/2017\/10\/AUTORIZ\u00d3-EL-CABILDO-DONACI\u00d3N-DE-UN-PREDIO-PARA-CONSTRUIR-EDIFICIO-DE-LA-POLIC\u00cdA-FEDERAL.jpg",1024,683,false],"newsium-featured":["http:\/\/tvalaire.com\/wp-content\/uploads\/2017\/10\/AUTORIZ\u00d3-EL-CABILDO-DONACI\u00d3N-DE-UN-PREDIO-PARA-CONSTRUIR-EDIFICIO-DE-LA-POLIC\u00cdA-FEDERAL.jpg",1024,683,false],"newsium-medium":["http:\/\/tvalaire.com\/wp-content\/uploads\/2017\/10\/AUTORIZ\u00d3-EL-CABILDO-DONACI\u00d3N-DE-UN-PREDIO-PARA-CONSTRUIR-EDIFICIO-DE-LA-POLIC\u00cdA-FEDERAL.jpg",712,475,false]},"author_info":{"info":["tvalairenoti"]},"category_info":"<a href=\"http:\/\/tvalaire.com\/?cat=1\" rel=\"category\">La Piedad<\/a>","tag_info":"La Piedad","comment_count":"0","jetpack_featured_media_url":"http:\/\/tvalaire.com\/wp-content\/uploads\/2017\/10\/AUTORIZ\u00d3-EL-CABILDO-DONACI\u00d3N-DE-UN-PREDIO-PARA-CONSTRUIR-EDIFICIO-DE-LA-POLIC\u00cdA-FEDERAL.jpg","_links":{"self":[{"href":"http:\/\/tvalaire.com\/index.php?rest_route=\/wp\/v2\/posts\/2861"}],"collection":[{"href":"http:\/\/tvalaire.com\/index.php?rest_route=\/wp\/v2\/posts"}],"about":[{"href":"http:\/\/tvalaire.com\/index.php?rest_route=\/wp\/v2\/types\/post"}],"author":[{"embeddable":true,"href":"http:\/\/tvalaire.com\/index.php?rest_route=\/wp\/v2\/users\/1"}],"replies":[{"embeddable":true,"href":"http:\/\/tvalaire.com\/index.php?rest_route=%2Fwp%2Fv2%2Fcomments&post=2861"}],"version-history":[{"count":1,"href":"http:\/\/tvalaire.com\/index.php?rest_route=\/wp\/v2\/posts\/2861\/revisions"}],"predecessor-version":[{"id":2865,"href":"http:\/\/tvalaire.com\/index.php?rest_route=\/wp\/v2\/posts\/2861\/revisions\/2865"}],"wp:featuredmedia":[{"embeddable":true,"href":"http:\/\/tvalaire.com\/index.php?rest_route=\/wp\/v2\/media\/2862"}],"wp:attachment":[{"href":"http:\/\/tvalaire.com\/index.php?rest_route=%2Fwp%2Fv2%2Fmedia&parent=2861"}],"wp:term":[{"taxonomy":"category","embeddable":true,"href":"http:\/\/tvalaire.com\/index.php?rest_route=%2Fwp%2Fv2%2Fcategories&post=2861"},{"taxonomy":"post_tag","embeddable":true,"href":"http:\/\/tvalaire.com\/index.php?rest_route=%2Fwp%2Fv2%2Ftags&post=2861"}],"curies":[{"name":"wp","href":"https:\/\/api.w.org\/{rel}","templated":true}]}}