{"id":2858,"date":"2017-10-11T09:51:11","date_gmt":"2017-10-11T14:51:11","guid":{"rendered":"http:\/\/tvalaire.com\/?p=2858"},"modified":"2017-10-11T09:51:11","modified_gmt":"2017-10-11T14:51:11","slug":"instituto-de-transparencia-avala-informacion-publica-del-municipio-de-la-piedad","status":"publish","type":"post","link":"http:\/\/tvalaire.com\/?p=2858","title":{"rendered":"INSTITUTO DE TRANSPARENCIA AVALA INFORMACI\u00d3N P\u00daBLICA DEL MUNICIPIO DE LA PIEDAD"},"content":{"rendered":"<p class=\"xmsonormal\" style=\"margin-left: 283.2pt; text-align: justify; background: white; font-variant-ligatures: normal; font-variant-caps: normal; orphans: 2; widows: 2; -webkit-text-stroke-width: 0px; text-decoration-style: initial; text-decoration-color: initial; word-spacing: 0px;\"><span style=\"font-size: 11.0pt; font-family: 'Segoe UI','sans-serif'; color: #212121;\">\u00a0<\/span><\/p>\n<p class=\"xmsonormal\" style=\"text-align: justify; background: white; font-variant-ligatures: normal; font-variant-caps: normal; orphans: 2; widows: 2; -webkit-text-stroke-width: 0px; text-decoration-style: initial; text-decoration-color: initial; word-spacing: 0px;\"><span style=\"font-family: 'Arial','sans-serif'; color: #212121;\">El Instituto Michoacano de Transparencia, Acceso a la Informaci\u00f3n y Protecci\u00f3n de Datos Personales (IMAIP) aval\u00f3 de manera positiva la verificaci\u00f3n que realiz\u00f3 al sitio oficial del Gobierno Municipal de La Piedad en el apartado de transparencia, otorgando un promedio del 92 por ciento en el cumplimiento.<\/span><\/p>\n<p class=\"xmsonormal\" style=\"text-align: justify; background: white; font-variant-ligatures: normal; font-variant-caps: normal; orphans: 2; widows: 2; -webkit-text-stroke-width: 0px; text-decoration-style: initial; text-decoration-color: initial; word-spacing: 0px;\"><span style=\"font-family: 'Arial','sans-serif'; color: #212121;\">Este resultado es en base a la instrucci\u00f3n expresa del Alcalde del municipio y como parte prioritaria de la pol\u00edtica de un Gobierno Municipal honesto y eficiente en la administraci\u00f3n de los recursos p\u00fablicos. \u00a0<\/span><\/p>\n<p class=\"xmsonormal\" style=\"text-align: justify; background: white; font-variant-ligatures: normal; font-variant-caps: normal; orphans: 2; widows: 2; -webkit-text-stroke-width: 0px; text-decoration-style: initial; text-decoration-color: initial; word-spacing: 0px;\"><span style=\"font-family: 'Arial','sans-serif'; color: #212121;\">Con este resultado la actual administraci\u00f3n es uno de los cinco entes p\u00fablicos en todo el Estado que cuenta con una validaci\u00f3n superior al 90 por ciento en el tema del cumplimiento de documentos realizados de manera \u00f3ptima y alojados en el apartado de transparencia y acceso a la informaci\u00f3n p\u00fablica disponible en su p\u00e1gina oficial.<\/span><\/p>\n<p class=\"xmsonormal\" style=\"text-align: justify; background: white; font-variant-ligatures: normal; font-variant-caps: normal; orphans: 2; widows: 2; -webkit-text-stroke-width: 0px; text-decoration-style: initial; text-decoration-color: initial; word-spacing: 0px;\"><span style=\"font-family: 'Arial','sans-serif'; color: #212121;\">Cabe destacar que la \u00faltima revisi\u00f3n que hizo el IMAIP fue el pasado lunes 9 de octubre en la ciudad capital del Estado, teniendo como folio de verificaci\u00f3n el n\u00famero 02771017.<\/span><\/p>\n","protected":false},"excerpt":{"rendered":"<p>\u00a0 El Instituto Michoacano de Transparencia, Acceso a la Informaci\u00f3n y Protecci\u00f3n de Datos Personales&#8230;<\/p>\n","protected":false},"author":1,"featured_media":2859,"comment_status":"open","ping_status":"open","sticky":false,"template":"","format":"standard","meta":{"jetpack_post_was_ever_published":false,"_jetpack_newsletter_access":"","_jetpack_dont_email_post_to_subs":false,"_jetpack_newsletter_tier_id":0,"_jetpack_memberships_contains_paywalled_content":false,"_jetpack_memberships_contains_paid_content":false,"footnotes":"","jetpack_publicize_message":"","jetpack_publicize_feature_enabled":true,"jetpack_social_post_already_shared":false,"jetpack_social_options":{"image_generator_settings":{"template":"highway","enabled":false},"version":2}},"categories":[1],"tags":[15,36],"class_list":["post-2858","post","type-post","status-publish","format-standard","has-post-thumbnail","hentry","category-la-piedad","tag-la-piedad","tag-principales"],"jetpack_publicize_connections":[],"jetpack_sharing_enabled":true,"featured_image_urls":{"full":["http:\/\/tvalaire.com\/wp-content\/uploads\/2017\/10\/INSTITUTO-DE-TRANSPARENCIA-AVALA-INFORMACI\u00d3N-P\u00daBLICA-DEL-MUNICIPIO-DE-LA-PIEDAD.jpg",1024,617,false],"thumbnail":["http:\/\/tvalaire.com\/wp-content\/uploads\/2017\/10\/INSTITUTO-DE-TRANSPARENCIA-AVALA-INFORMACI\u00d3N-P\u00daBLICA-DEL-MUNICIPIO-DE-LA-PIEDAD-150x150.jpg",150,150,true],"medium":["http:\/\/tvalaire.com\/wp-content\/uploads\/2017\/10\/INSTITUTO-DE-TRANSPARENCIA-AVALA-INFORMACI\u00d3N-P\u00daBLICA-DEL-MUNICIPIO-DE-LA-PIEDAD-300x181.jpg",300,181,true],"medium_large":["http:\/\/tvalaire.com\/wp-content\/uploads\/2017\/10\/INSTITUTO-DE-TRANSPARENCIA-AVALA-INFORMACI\u00d3N-P\u00daBLICA-DEL-MUNICIPIO-DE-LA-PIEDAD-768x463.jpg",640,386,true],"large":["http:\/\/tvalaire.com\/wp-content\/uploads\/2017\/10\/INSTITUTO-DE-TRANSPARENCIA-AVALA-INFORMACI\u00d3N-P\u00daBLICA-DEL-MUNICIPIO-DE-LA-PIEDAD-1024x617.jpg",640,386,true],"post-slider-thumb-size":["http:\/\/tvalaire.com\/wp-content\/uploads\/2017\/10\/INSTITUTO-DE-TRANSPARENCIA-AVALA-INFORMACI\u00d3N-P\u00daBLICA-DEL-MUNICIPIO-DE-LA-PIEDAD.jpg",315,190,false],"post-category-slider-size":["http:\/\/tvalaire.com\/wp-content\/uploads\/2017\/10\/INSTITUTO-DE-TRANSPARENCIA-AVALA-INFORMACI\u00d3N-P\u00daBLICA-DEL-MUNICIPIO-DE-LA-PIEDAD.jpg",330,199,false],"1536x1536":["http:\/\/tvalaire.com\/wp-content\/uploads\/2017\/10\/INSTITUTO-DE-TRANSPARENCIA-AVALA-INFORMACI\u00d3N-P\u00daBLICA-DEL-MUNICIPIO-DE-LA-PIEDAD.jpg",1024,617,false],"2048x2048":["http:\/\/tvalaire.com\/wp-content\/uploads\/2017\/10\/INSTITUTO-DE-TRANSPARENCIA-AVALA-INFORMACI\u00d3N-P\u00daBLICA-DEL-MUNICIPIO-DE-LA-PIEDAD.jpg",1024,617,false],"newsium-slider-full":["http:\/\/tvalaire.com\/wp-content\/uploads\/2017\/10\/INSTITUTO-DE-TRANSPARENCIA-AVALA-INFORMACI\u00d3N-P\u00daBLICA-DEL-MUNICIPIO-DE-LA-PIEDAD.jpg",1024,617,false],"newsium-featured":["http:\/\/tvalaire.com\/wp-content\/uploads\/2017\/10\/INSTITUTO-DE-TRANSPARENCIA-AVALA-INFORMACI\u00d3N-P\u00daBLICA-DEL-MUNICIPIO-DE-LA-PIEDAD.jpg",1024,617,false],"newsium-medium":["http:\/\/tvalaire.com\/wp-content\/uploads\/2017\/10\/INSTITUTO-DE-TRANSPARENCIA-AVALA-INFORMACI\u00d3N-P\u00daBLICA-DEL-MUNICIPIO-DE-LA-PIEDAD.jpg",720,434,false]},"author_info":{"info":["tvalairenoti"]},"category_info":"<a href=\"http:\/\/tvalaire.com\/?cat=1\" rel=\"category\">La Piedad<\/a>","tag_info":"La Piedad","comment_count":"0","jetpack_featured_media_url":"http:\/\/tvalaire.com\/wp-content\/uploads\/2017\/10\/INSTITUTO-DE-TRANSPARENCIA-AVALA-INFORMACI\u00d3N-P\u00daBLICA-DEL-MUNICIPIO-DE-LA-PIEDAD.jpg","_links":{"self":[{"href":"http:\/\/tvalaire.com\/index.php?rest_route=\/wp\/v2\/posts\/2858"}],"collection":[{"href":"http:\/\/tvalaire.com\/index.php?rest_route=\/wp\/v2\/posts"}],"about":[{"href":"http:\/\/tvalaire.com\/index.php?rest_route=\/wp\/v2\/types\/post"}],"author":[{"embeddable":true,"href":"http:\/\/tvalaire.com\/index.php?rest_route=\/wp\/v2\/users\/1"}],"replies":[{"embeddable":true,"href":"http:\/\/tvalaire.com\/index.php?rest_route=%2Fwp%2Fv2%2Fcomments&post=2858"}],"version-history":[{"count":1,"href":"http:\/\/tvalaire.com\/index.php?rest_route=\/wp\/v2\/posts\/2858\/revisions"}],"predecessor-version":[{"id":2860,"href":"http:\/\/tvalaire.com\/index.php?rest_route=\/wp\/v2\/posts\/2858\/revisions\/2860"}],"wp:featuredmedia":[{"embeddable":true,"href":"http:\/\/tvalaire.com\/index.php?rest_route=\/wp\/v2\/media\/2859"}],"wp:attachment":[{"href":"http:\/\/tvalaire.com\/index.php?rest_route=%2Fwp%2Fv2%2Fmedia&parent=2858"}],"wp:term":[{"taxonomy":"category","embeddable":true,"href":"http:\/\/tvalaire.com\/index.php?rest_route=%2Fwp%2Fv2%2Fcategories&post=2858"},{"taxonomy":"post_tag","embeddable":true,"href":"http:\/\/tvalaire.com\/index.php?rest_route=%2Fwp%2Fv2%2Ftags&post=2858"}],"curies":[{"name":"wp","href":"https:\/\/api.w.org\/{rel}","templated":true}]}}