{"id":2823,"date":"2017-10-10T09:11:27","date_gmt":"2017-10-10T14:11:27","guid":{"rendered":"http:\/\/tvalaire.com\/?p=2823"},"modified":"2017-10-10T09:11:27","modified_gmt":"2017-10-10T14:11:27","slug":"rehabilitan-panteones-ante-la-festividad-de-dia-de-muertos","status":"publish","type":"post","link":"http:\/\/tvalaire.com\/?p=2823","title":{"rendered":"REHABILITAN PANTEONES ANTE LA FESTIVIDAD DE D\u00cdA DE MUERTOS"},"content":{"rendered":"<p class=\"xmsonormal\" style=\"text-align: center; background: white; font-variant-ligatures: normal; font-variant-caps: normal; orphans: 2; widows: 2; -webkit-text-stroke-width: 0px; text-decoration-style: initial; text-decoration-color: initial; word-spacing: 0px;\" align=\"center\">\n<p class=\"xmsonormal\" style=\"text-align: justify; background: white; font-variant-ligatures: normal; font-variant-caps: normal; orphans: 2; widows: 2; -webkit-text-stroke-width: 0px; text-decoration-style: initial; text-decoration-color: initial; word-spacing: 0px;\"><span style=\"font-size: 11.0pt; font-family: 'Arial','sans-serif'; color: #212121;\">Ante la aproximaci\u00f3n de la festividad de D\u00eda de Muertos, el Gobierno Municipal a trav\u00e9s de Servicios P\u00fablicos lleva a cabo trabajos de rehabilitaci\u00f3n y limpieza en los cuatro panteones del municipio.<\/span><\/p>\n<p class=\"xmsonormal\" style=\"text-align: justify; background: white; font-variant-ligatures: normal; font-variant-caps: normal; orphans: 2; widows: 2; -webkit-text-stroke-width: 0px; text-decoration-style: initial; text-decoration-color: initial; word-spacing: 0px;\"><span style=\"font-size: 11.0pt; font-family: 'Arial','sans-serif'; color: #212121;\">En los dos primeros donde se trabaja, es el pante\u00f3n de Ciudad del Sol y el de la colonia Melchor Ocampo, en ambos se ha realizado pintura general y encalado de \u00e1rboles.<\/span><\/p>\n<p class=\"xmsonormal\" style=\"text-align: justify; background: white; font-variant-ligatures: normal; font-variant-caps: normal; orphans: 2; widows: 2; -webkit-text-stroke-width: 0px; text-decoration-style: initial; text-decoration-color: initial; word-spacing: 0px;\"><span style=\"font-size: 11.0pt; font-family: 'Arial','sans-serif'; color: #212121;\">En el caso del pante\u00f3n de Ciudad del Sol, se proceder\u00e1 tambi\u00e9n a realizar la rehabilitaci\u00f3n de los sanitarios p\u00fablicos y concluir\u00e1n con el retiro de maleza del lugar. Lo mismo har\u00e1 en el de la colonia Melchor Ocampo. Dentro de este proceso tambi\u00e9n se incluir\u00e1 a los panteones de Ticu\u00edtaco y Los Guajes.<\/span><\/p>\n<p class=\"xmsonormal\" style=\"text-align: justify; background: white; font-variant-ligatures: normal; font-variant-caps: normal; orphans: 2; widows: 2; -webkit-text-stroke-width: 0px; text-decoration-style: initial; text-decoration-color: initial; word-spacing: 0px;\"><span style=\"font-size: 11.0pt; font-family: 'Arial','sans-serif'; color: #212121;\">El objetivo de este programa de limpieza es que estos espacios se encuentren listos y en condiciones de recibir a los miles de visitantes que se prev\u00e9 para la tradicional festividad de D\u00eda de Muertos a celebrarse durante los d\u00edas 1 y 2 de noviembre del presente a\u00f1o.<\/span><\/p>\n<p class=\"xmsonormal\" style=\"text-align: justify; background: white; font-variant-ligatures: normal; font-variant-caps: normal; orphans: 2; widows: 2; -webkit-text-stroke-width: 0px; text-decoration-style: initial; text-decoration-color: initial; word-spacing: 0px;\"><span style=\"font-size: 11.0pt; font-family: 'Arial','sans-serif'; color: #212121;\">\u00a0<\/span><\/p>\n","protected":false},"excerpt":{"rendered":"<p>Ante la aproximaci\u00f3n de la festividad de D\u00eda de Muertos, el Gobierno Municipal a trav\u00e9s&#8230;<\/p>\n","protected":false},"author":1,"featured_media":2819,"comment_status":"open","ping_status":"open","sticky":false,"template":"","format":"standard","meta":{"jetpack_post_was_ever_published":false,"_jetpack_newsletter_access":"","_jetpack_dont_email_post_to_subs":false,"_jetpack_newsletter_tier_id":0,"_jetpack_memberships_contains_paywalled_content":false,"_jetpack_memberships_contains_paid_content":false,"footnotes":"","jetpack_publicize_message":"","jetpack_publicize_feature_enabled":true,"jetpack_social_post_already_shared":false,"jetpack_social_options":{"image_generator_settings":{"template":"highway","enabled":false},"version":2}},"categories":[1],"tags":[15,36],"class_list":["post-2823","post","type-post","status-publish","format-standard","has-post-thumbnail","hentry","category-la-piedad","tag-la-piedad","tag-principales"],"jetpack_publicize_connections":[],"jetpack_sharing_enabled":true,"featured_image_urls":{"full":["http:\/\/tvalaire.com\/wp-content\/uploads\/2017\/10\/REHABILITAN-PANTEONES-ANTE-LA-FESTIVIDAD-DE-D\u00cdA-DE-MUERTOS.jpg",1024,683,false],"thumbnail":["http:\/\/tvalaire.com\/wp-content\/uploads\/2017\/10\/REHABILITAN-PANTEONES-ANTE-LA-FESTIVIDAD-DE-D\u00cdA-DE-MUERTOS-150x150.jpg",150,150,true],"medium":["http:\/\/tvalaire.com\/wp-content\/uploads\/2017\/10\/REHABILITAN-PANTEONES-ANTE-LA-FESTIVIDAD-DE-D\u00cdA-DE-MUERTOS-300x200.jpg",300,200,true],"medium_large":["http:\/\/tvalaire.com\/wp-content\/uploads\/2017\/10\/REHABILITAN-PANTEONES-ANTE-LA-FESTIVIDAD-DE-D\u00cdA-DE-MUERTOS-768x512.jpg",640,427,true],"large":["http:\/\/tvalaire.com\/wp-content\/uploads\/2017\/10\/REHABILITAN-PANTEONES-ANTE-LA-FESTIVIDAD-DE-D\u00cdA-DE-MUERTOS-1024x683.jpg",640,427,true],"post-slider-thumb-size":["http:\/\/tvalaire.com\/wp-content\/uploads\/2017\/10\/REHABILITAN-PANTEONES-ANTE-LA-FESTIVIDAD-DE-D\u00cdA-DE-MUERTOS.jpg",285,190,false],"post-category-slider-size":["http:\/\/tvalaire.com\/wp-content\/uploads\/2017\/10\/REHABILITAN-PANTEONES-ANTE-LA-FESTIVIDAD-DE-D\u00cdA-DE-MUERTOS.jpg",330,220,false],"1536x1536":["http:\/\/tvalaire.com\/wp-content\/uploads\/2017\/10\/REHABILITAN-PANTEONES-ANTE-LA-FESTIVIDAD-DE-D\u00cdA-DE-MUERTOS.jpg",1024,683,false],"2048x2048":["http:\/\/tvalaire.com\/wp-content\/uploads\/2017\/10\/REHABILITAN-PANTEONES-ANTE-LA-FESTIVIDAD-DE-D\u00cdA-DE-MUERTOS.jpg",1024,683,false],"newsium-slider-full":["http:\/\/tvalaire.com\/wp-content\/uploads\/2017\/10\/REHABILITAN-PANTEONES-ANTE-LA-FESTIVIDAD-DE-D\u00cdA-DE-MUERTOS.jpg",1024,683,false],"newsium-featured":["http:\/\/tvalaire.com\/wp-content\/uploads\/2017\/10\/REHABILITAN-PANTEONES-ANTE-LA-FESTIVIDAD-DE-D\u00cdA-DE-MUERTOS.jpg",1024,683,false],"newsium-medium":["http:\/\/tvalaire.com\/wp-content\/uploads\/2017\/10\/REHABILITAN-PANTEONES-ANTE-LA-FESTIVIDAD-DE-D\u00cdA-DE-MUERTOS.jpg",712,475,false]},"author_info":{"info":["tvalairenoti"]},"category_info":"<a href=\"http:\/\/tvalaire.com\/?cat=1\" rel=\"category\">La Piedad<\/a>","tag_info":"La Piedad","comment_count":"0","jetpack_featured_media_url":"http:\/\/tvalaire.com\/wp-content\/uploads\/2017\/10\/REHABILITAN-PANTEONES-ANTE-LA-FESTIVIDAD-DE-D\u00cdA-DE-MUERTOS.jpg","_links":{"self":[{"href":"http:\/\/tvalaire.com\/index.php?rest_route=\/wp\/v2\/posts\/2823"}],"collection":[{"href":"http:\/\/tvalaire.com\/index.php?rest_route=\/wp\/v2\/posts"}],"about":[{"href":"http:\/\/tvalaire.com\/index.php?rest_route=\/wp\/v2\/types\/post"}],"author":[{"embeddable":true,"href":"http:\/\/tvalaire.com\/index.php?rest_route=\/wp\/v2\/users\/1"}],"replies":[{"embeddable":true,"href":"http:\/\/tvalaire.com\/index.php?rest_route=%2Fwp%2Fv2%2Fcomments&post=2823"}],"version-history":[{"count":1,"href":"http:\/\/tvalaire.com\/index.php?rest_route=\/wp\/v2\/posts\/2823\/revisions"}],"predecessor-version":[{"id":2824,"href":"http:\/\/tvalaire.com\/index.php?rest_route=\/wp\/v2\/posts\/2823\/revisions\/2824"}],"wp:featuredmedia":[{"embeddable":true,"href":"http:\/\/tvalaire.com\/index.php?rest_route=\/wp\/v2\/media\/2819"}],"wp:attachment":[{"href":"http:\/\/tvalaire.com\/index.php?rest_route=%2Fwp%2Fv2%2Fmedia&parent=2823"}],"wp:term":[{"taxonomy":"category","embeddable":true,"href":"http:\/\/tvalaire.com\/index.php?rest_route=%2Fwp%2Fv2%2Fcategories&post=2823"},{"taxonomy":"post_tag","embeddable":true,"href":"http:\/\/tvalaire.com\/index.php?rest_route=%2Fwp%2Fv2%2Ftags&post=2823"}],"curies":[{"name":"wp","href":"https:\/\/api.w.org\/{rel}","templated":true}]}}