{"id":2815,"date":"2017-10-10T09:10:10","date_gmt":"2017-10-10T14:10:10","guid":{"rendered":"http:\/\/tvalaire.com\/?p=2815"},"modified":"2017-10-10T09:10:10","modified_gmt":"2017-10-10T14:10:10","slug":"entregan-licencias-de-manejo-a-trabajadores-sindicalizados-del-municipio","status":"publish","type":"post","link":"http:\/\/tvalaire.com\/?p=2815","title":{"rendered":"ENTREGAN LICENCIAS DE MANEJO A TRABAJADORES SINDICALIZADOS DEL MUNICIPIO"},"content":{"rendered":"<p class=\"xmsonormal\" style=\"text-align: center; background: white;\" align=\"center\">\n<p class=\"xmsonormal\" style=\"text-align: justify; background: white; font-variant-ligatures: normal; font-variant-caps: normal; orphans: 2; widows: 2; -webkit-text-stroke-width: 0px; text-decoration-style: initial; text-decoration-color: initial; word-spacing: 0px;\"><span style=\"font-size: 11.0pt; font-family: 'Arial','sans-serif'; color: #212121;\">Autoridades estatales y municipales entregaron 90 licencias de manejo a trabajadores sindicalizados del Ayuntamiento, evento durante el cual, el Alcalde autoriz\u00f3 que este beneficio se haga extensivo a todo el personal que labora dentro del Gobierno Municipal con la finalidad de que todos quienes manejan alg\u00fan vehiculo, tengan sus licencias en regla.<\/span><\/p>\n<p class=\"xmsonormal\" style=\"text-align: justify; background: white; font-variant-ligatures: normal; font-variant-caps: normal; orphans: 2; widows: 2; -webkit-text-stroke-width: 0px; text-decoration-style: initial; text-decoration-color: initial; word-spacing: 0px;\"><span style=\"font-size: 11.0pt; font-family: 'Arial','sans-serif'; color: #212121;\">El dirigente de los trabajadores municipales, Ricardo Garc\u00eda C\u00e1zares agradeci\u00f3 a nombre de los empleados el que haya podido darse un beneficio m\u00e1s a los empleados que forman parte del sindicato. Esto debido a que el Gobierno Municipal aportar\u00e1 un 50% del costo de la licencia de 2 a\u00f1os y los trabajadores paga el otro 50% el cual les ser\u00e1 descontado en dos catorcenas.<\/span><\/p>\n<p class=\"xmsonormal\" style=\"text-align: justify; background: white; font-variant-ligatures: normal; font-variant-caps: normal; orphans: 2; widows: 2; -webkit-text-stroke-width: 0px; text-decoration-style: initial; text-decoration-color: initial; word-spacing: 0px;\"><span style=\"font-size: 11.0pt; font-family: 'Arial','sans-serif'; color: #212121;\">El Alcalde en respuesta, pidi\u00f3 a petici\u00f3n del resto de los trabajadores municipales, que este beneficio de ampl\u00ede a toda la plantilla laboral, con la que finalidad de que todos puedan tener acceso a su licencia o renovaci\u00f3n de la misma con el beneficio del descuento de las multas y recargos.<\/span><\/p>\n<p class=\"xmsonormal\" style=\"text-align: justify; background: white; font-variant-ligatures: normal; font-variant-caps: normal; orphans: 2; widows: 2; -webkit-text-stroke-width: 0px; text-decoration-style: initial; text-decoration-color: initial; word-spacing: 0px;\"><span style=\"font-size: 11.0pt; font-family: 'Arial','sans-serif'; color: #212121;\">\u201cTodo esto habla de su buena disposici\u00f3n, pues ahora el que no est\u00e9 sindicalizado tambi\u00e9n podr\u00e1 contar con este beneficio\u201d, indic\u00f3 que el dirigente de los empleados, Ricardo Garc\u00eda.<\/span><\/p>\n<p class=\"xmsonormal\" style=\"text-align: justify; background: white; font-variant-ligatures: normal; font-variant-caps: normal; orphans: 2; widows: 2; -webkit-text-stroke-width: 0px; text-decoration-style: initial; text-decoration-color: initial; word-spacing: 0px;\"><span style=\"font-size: 11.0pt; font-family: 'Arial','sans-serif'; color: #212121;\">Benjam\u00edn Ba\u00f1ales Oficial Mayor, inform\u00f3 que de entre las licencias otorgadas se encuentran las de chofer, automovilista y motociclista.<\/span><\/p>\n<p class=\"xmsonormal\" style=\"text-align: justify; background: white; font-variant-ligatures: normal; font-variant-caps: normal; orphans: 2; widows: 2; -webkit-text-stroke-width: 0px; text-decoration-style: initial; text-decoration-color: initial; word-spacing: 0px;\"><span style=\"font-size: 11.0pt; font-family: 'Arial','sans-serif'; color: #212121;\">En el acto de entrega de las 90 licencias de manejo al personal sindicalizado del Ayuntamiento, Luis Manuel Arias Ayala, administrador de Rentas dijo que esta es una buena oportunidad no s\u00f3lo para el personal que labora en el Ayuntamiento sino para toda la ciudadan\u00eda, ya que durante estos d\u00edas que lleva el m\u00f3dulo instalado en la biblioteca \u201cProf. J. Jes\u00fas Romero Flores\u201d, se han otorgado 650 licencias.<\/span><\/p>\n<p class=\"xmsonormal\" style=\"text-align: justify; background: white; font-variant-ligatures: normal; font-variant-caps: normal; orphans: 2; widows: 2; -webkit-text-stroke-width: 0px; text-decoration-style: initial; text-decoration-color: initial; word-spacing: 0px;\"><span style=\"font-size: 11.0pt; font-family: 'Arial','sans-serif'; color: #212121;\">Por lo que la invitaci\u00f3n sigui\u00f3 abierta a la poblaci\u00f3n para que acuda a solicitar o renovar su licencia de manejo sin el pago de multas y recargos. El horario es de las 09:00 a las 15:00 horas y permanecer\u00e1n hasta el 18 de octubre.<\/span><\/p>\n","protected":false},"excerpt":{"rendered":"<p>Autoridades estatales y municipales entregaron 90 licencias de manejo a trabajadores sindicalizados del Ayuntamiento, evento&#8230;<\/p>\n","protected":false},"author":1,"featured_media":2816,"comment_status":"open","ping_status":"open","sticky":false,"template":"","format":"standard","meta":{"jetpack_post_was_ever_published":false,"_jetpack_newsletter_access":"","_jetpack_dont_email_post_to_subs":false,"_jetpack_newsletter_tier_id":0,"_jetpack_memberships_contains_paywalled_content":false,"_jetpack_memberships_contains_paid_content":false,"footnotes":"","jetpack_publicize_message":"","jetpack_publicize_feature_enabled":true,"jetpack_social_post_already_shared":false,"jetpack_social_options":{"image_generator_settings":{"template":"highway","enabled":false},"version":2}},"categories":[1],"tags":[15,36],"class_list":["post-2815","post","type-post","status-publish","format-standard","has-post-thumbnail","hentry","category-la-piedad","tag-la-piedad","tag-principales"],"jetpack_publicize_connections":[],"jetpack_sharing_enabled":true,"featured_image_urls":{"full":["http:\/\/tvalaire.com\/wp-content\/uploads\/2017\/10\/ENTREGAN-LICENCIAS-DE-MANEJO-A-TRABAJADORES-SINDICALIZADOS-DEL-MUNICIPIO.jpg",1024,683,false],"thumbnail":["http:\/\/tvalaire.com\/wp-content\/uploads\/2017\/10\/ENTREGAN-LICENCIAS-DE-MANEJO-A-TRABAJADORES-SINDICALIZADOS-DEL-MUNICIPIO-150x150.jpg",150,150,true],"medium":["http:\/\/tvalaire.com\/wp-content\/uploads\/2017\/10\/ENTREGAN-LICENCIAS-DE-MANEJO-A-TRABAJADORES-SINDICALIZADOS-DEL-MUNICIPIO-300x200.jpg",300,200,true],"medium_large":["http:\/\/tvalaire.com\/wp-content\/uploads\/2017\/10\/ENTREGAN-LICENCIAS-DE-MANEJO-A-TRABAJADORES-SINDICALIZADOS-DEL-MUNICIPIO-768x512.jpg",640,427,true],"large":["http:\/\/tvalaire.com\/wp-content\/uploads\/2017\/10\/ENTREGAN-LICENCIAS-DE-MANEJO-A-TRABAJADORES-SINDICALIZADOS-DEL-MUNICIPIO-1024x683.jpg",640,427,true],"post-slider-thumb-size":["http:\/\/tvalaire.com\/wp-content\/uploads\/2017\/10\/ENTREGAN-LICENCIAS-DE-MANEJO-A-TRABAJADORES-SINDICALIZADOS-DEL-MUNICIPIO.jpg",285,190,false],"post-category-slider-size":["http:\/\/tvalaire.com\/wp-content\/uploads\/2017\/10\/ENTREGAN-LICENCIAS-DE-MANEJO-A-TRABAJADORES-SINDICALIZADOS-DEL-MUNICIPIO.jpg",330,220,false],"1536x1536":["http:\/\/tvalaire.com\/wp-content\/uploads\/2017\/10\/ENTREGAN-LICENCIAS-DE-MANEJO-A-TRABAJADORES-SINDICALIZADOS-DEL-MUNICIPIO.jpg",1024,683,false],"2048x2048":["http:\/\/tvalaire.com\/wp-content\/uploads\/2017\/10\/ENTREGAN-LICENCIAS-DE-MANEJO-A-TRABAJADORES-SINDICALIZADOS-DEL-MUNICIPIO.jpg",1024,683,false],"newsium-slider-full":["http:\/\/tvalaire.com\/wp-content\/uploads\/2017\/10\/ENTREGAN-LICENCIAS-DE-MANEJO-A-TRABAJADORES-SINDICALIZADOS-DEL-MUNICIPIO.jpg",1024,683,false],"newsium-featured":["http:\/\/tvalaire.com\/wp-content\/uploads\/2017\/10\/ENTREGAN-LICENCIAS-DE-MANEJO-A-TRABAJADORES-SINDICALIZADOS-DEL-MUNICIPIO.jpg",1024,683,false],"newsium-medium":["http:\/\/tvalaire.com\/wp-content\/uploads\/2017\/10\/ENTREGAN-LICENCIAS-DE-MANEJO-A-TRABAJADORES-SINDICALIZADOS-DEL-MUNICIPIO.jpg",712,475,false]},"author_info":{"info":["tvalairenoti"]},"category_info":"<a href=\"http:\/\/tvalaire.com\/?cat=1\" rel=\"category\">La Piedad<\/a>","tag_info":"La Piedad","comment_count":"0","jetpack_featured_media_url":"http:\/\/tvalaire.com\/wp-content\/uploads\/2017\/10\/ENTREGAN-LICENCIAS-DE-MANEJO-A-TRABAJADORES-SINDICALIZADOS-DEL-MUNICIPIO.jpg","_links":{"self":[{"href":"http:\/\/tvalaire.com\/index.php?rest_route=\/wp\/v2\/posts\/2815"}],"collection":[{"href":"http:\/\/tvalaire.com\/index.php?rest_route=\/wp\/v2\/posts"}],"about":[{"href":"http:\/\/tvalaire.com\/index.php?rest_route=\/wp\/v2\/types\/post"}],"author":[{"embeddable":true,"href":"http:\/\/tvalaire.com\/index.php?rest_route=\/wp\/v2\/users\/1"}],"replies":[{"embeddable":true,"href":"http:\/\/tvalaire.com\/index.php?rest_route=%2Fwp%2Fv2%2Fcomments&post=2815"}],"version-history":[{"count":1,"href":"http:\/\/tvalaire.com\/index.php?rest_route=\/wp\/v2\/posts\/2815\/revisions"}],"predecessor-version":[{"id":2820,"href":"http:\/\/tvalaire.com\/index.php?rest_route=\/wp\/v2\/posts\/2815\/revisions\/2820"}],"wp:featuredmedia":[{"embeddable":true,"href":"http:\/\/tvalaire.com\/index.php?rest_route=\/wp\/v2\/media\/2816"}],"wp:attachment":[{"href":"http:\/\/tvalaire.com\/index.php?rest_route=%2Fwp%2Fv2%2Fmedia&parent=2815"}],"wp:term":[{"taxonomy":"category","embeddable":true,"href":"http:\/\/tvalaire.com\/index.php?rest_route=%2Fwp%2Fv2%2Fcategories&post=2815"},{"taxonomy":"post_tag","embeddable":true,"href":"http:\/\/tvalaire.com\/index.php?rest_route=%2Fwp%2Fv2%2Ftags&post=2815"}],"curies":[{"name":"wp","href":"https:\/\/api.w.org\/{rel}","templated":true}]}}