{"id":2813,"date":"2017-10-06T08:58:37","date_gmt":"2017-10-06T13:58:37","guid":{"rendered":"http:\/\/tvalaire.com\/?p=2813"},"modified":"2017-10-06T08:58:37","modified_gmt":"2017-10-06T13:58:37","slug":"entrega-gobierno-premio-merito-docente-a-5-figuras-locales","status":"publish","type":"post","link":"http:\/\/tvalaire.com\/?p=2813","title":{"rendered":"ENTREGA GOBIERNO PREMIO \u201cM\u00c9RITO DOCENTE\u201d A 5 FIGURAS LOCALES"},"content":{"rendered":"<p>\u201cEste Ayuntamiento seguir\u00e1 apost\u00e1ndole al rescate de nuestros valores y personajes que le han dado vida a la historia de La Piedad, impulsando los grandes valores en el arte y la cultura que vendr\u00e1 a enriquecer las nuevas generaciones de ciudadanos comprometidos con su gente y sus ra\u00edces\u201d, de esta manera se dirigi\u00f3 hoy el Alcalde durante la segunda entrega del premio al \u201cM\u00e9rito Docente\u201d.<\/p>\n<p>Galard\u00f3n que otorga el Gobierno Municipal como una muestra de agradecimiento y reconocimiento a todos aquellos ciudadanos que han dejado una huella imborrable en los destinos de los piedadenses, por su labor humilde y altruista.<\/p>\n<p>La ceremonia de entrega de este premio, se llev\u00f3 a cabo hoy al mediod\u00eda en la Escuela de Artes nombrada como recinto oficial, para la realizaci\u00f3n de este evento al que acudieron familiares y amigos de los cinco galardonados del a\u00f1o, dos de los cuales fueron premios p\u00f3stumos para: Monse\u00f1or Dr. Santiago M\u00e9ndez Bravo rector de UNIVA y Jos\u00e9 Benito Melgoza Villag\u00f3mez, profesor de m\u00fasica y canto. Distinciones que fueron recibidas por familiares.<\/p>\n<p>Otros de los galardonados ah\u00ed presentes fueron: Miguel Vargas L\u00f3pez, futbolista profesional y profesor de f\u00fatbol y arbitraje; Gustavo Ayala P\u00e9rez, profesor, director del Movimiento Scout en La Piedad, s\u00ed como Luis Gonzaga Ayala Hern\u00e1ndez mejor conocido como Don Luisito Ayala, quien es un baluarte del teatro en esta poblaci\u00f3n.<\/p>\n<p>\u201cQui\u00e9n no reconoce la trayectoria deportiva de un hombre que destac\u00f3 en el deporte amateur y profesional, el Presidente Municipal refiri\u00e9ndose a Miguel Vargas L\u00f3pez; o la figura emblem\u00e1tica del maestro Luis G. Ayala, quien sembr\u00f3 la semilla del arte dram\u00e1tico entre sus disc\u00edpulos; al maestro Benito Melgoza Villag\u00f3mez, escuchando los c\u00e1nticos de la parroquia y de la capilla expiatoria y en parte de las ceremonias religiosas los domingos y en ocasiones especiales\u201d.<\/p>\n<p>O bien, al maestro Gustavo Ayala P\u00e9rez desde el tae kwon do y el movimiento Scout, as\u00ed como la aspiraci\u00f3n de tener una educaci\u00f3n superior en nuestra ciudad que parec\u00eda lejana y que pudo patentizar Monse\u00f1or y Doctor Honoris Causa en Pedagog\u00eda, Santiago M\u00e9ndez Bravo, quien dio luz en la esperanza de muchos padres de familia para poder educar profesionalmente a sus hijos en su propia tierra, a todos ellos una felicitaci\u00f3n.<\/p>\n","protected":false},"excerpt":{"rendered":"<p>\u201cEste Ayuntamiento seguir\u00e1 apost\u00e1ndole al rescate de nuestros valores y personajes que le han dado&#8230;<\/p>\n","protected":false},"author":1,"featured_media":2804,"comment_status":"open","ping_status":"open","sticky":false,"template":"","format":"standard","meta":{"jetpack_post_was_ever_published":false,"_jetpack_newsletter_access":"","_jetpack_dont_email_post_to_subs":false,"_jetpack_newsletter_tier_id":0,"_jetpack_memberships_contains_paywalled_content":false,"_jetpack_memberships_contains_paid_content":false,"footnotes":"","jetpack_publicize_message":"","jetpack_publicize_feature_enabled":true,"jetpack_social_post_already_shared":false,"jetpack_social_options":{"image_generator_settings":{"template":"highway","enabled":false},"version":2}},"categories":[1],"tags":[15,36],"class_list":["post-2813","post","type-post","status-publish","format-standard","has-post-thumbnail","hentry","category-la-piedad","tag-la-piedad","tag-principales"],"jetpack_publicize_connections":[],"jetpack_sharing_enabled":true,"featured_image_urls":{"full":["http:\/\/tvalaire.com\/wp-content\/uploads\/2017\/10\/ENTREGA-GOBIERNO-PREMIO-\u201cM\u00c9RITO-DOCENTE\u201d-A-5-FIGURAS-LOCALES.jpg",1024,683,false],"thumbnail":["http:\/\/tvalaire.com\/wp-content\/uploads\/2017\/10\/ENTREGA-GOBIERNO-PREMIO-\u201cM\u00c9RITO-DOCENTE\u201d-A-5-FIGURAS-LOCALES-150x150.jpg",150,150,true],"medium":["http:\/\/tvalaire.com\/wp-content\/uploads\/2017\/10\/ENTREGA-GOBIERNO-PREMIO-\u201cM\u00c9RITO-DOCENTE\u201d-A-5-FIGURAS-LOCALES-300x200.jpg",300,200,true],"medium_large":["http:\/\/tvalaire.com\/wp-content\/uploads\/2017\/10\/ENTREGA-GOBIERNO-PREMIO-\u201cM\u00c9RITO-DOCENTE\u201d-A-5-FIGURAS-LOCALES-768x512.jpg",640,427,true],"large":["http:\/\/tvalaire.com\/wp-content\/uploads\/2017\/10\/ENTREGA-GOBIERNO-PREMIO-\u201cM\u00c9RITO-DOCENTE\u201d-A-5-FIGURAS-LOCALES-1024x683.jpg",640,427,true],"post-slider-thumb-size":["http:\/\/tvalaire.com\/wp-content\/uploads\/2017\/10\/ENTREGA-GOBIERNO-PREMIO-\u201cM\u00c9RITO-DOCENTE\u201d-A-5-FIGURAS-LOCALES.jpg",285,190,false],"post-category-slider-size":["http:\/\/tvalaire.com\/wp-content\/uploads\/2017\/10\/ENTREGA-GOBIERNO-PREMIO-\u201cM\u00c9RITO-DOCENTE\u201d-A-5-FIGURAS-LOCALES.jpg",330,220,false],"1536x1536":["http:\/\/tvalaire.com\/wp-content\/uploads\/2017\/10\/ENTREGA-GOBIERNO-PREMIO-\u201cM\u00c9RITO-DOCENTE\u201d-A-5-FIGURAS-LOCALES.jpg",1024,683,false],"2048x2048":["http:\/\/tvalaire.com\/wp-content\/uploads\/2017\/10\/ENTREGA-GOBIERNO-PREMIO-\u201cM\u00c9RITO-DOCENTE\u201d-A-5-FIGURAS-LOCALES.jpg",1024,683,false],"newsium-slider-full":["http:\/\/tvalaire.com\/wp-content\/uploads\/2017\/10\/ENTREGA-GOBIERNO-PREMIO-\u201cM\u00c9RITO-DOCENTE\u201d-A-5-FIGURAS-LOCALES.jpg",1024,683,false],"newsium-featured":["http:\/\/tvalaire.com\/wp-content\/uploads\/2017\/10\/ENTREGA-GOBIERNO-PREMIO-\u201cM\u00c9RITO-DOCENTE\u201d-A-5-FIGURAS-LOCALES.jpg",1024,683,false],"newsium-medium":["http:\/\/tvalaire.com\/wp-content\/uploads\/2017\/10\/ENTREGA-GOBIERNO-PREMIO-\u201cM\u00c9RITO-DOCENTE\u201d-A-5-FIGURAS-LOCALES.jpg",712,475,false]},"author_info":{"info":["tvalairenoti"]},"category_info":"<a href=\"http:\/\/tvalaire.com\/?cat=1\" rel=\"category\">La Piedad<\/a>","tag_info":"La Piedad","comment_count":"0","jetpack_featured_media_url":"http:\/\/tvalaire.com\/wp-content\/uploads\/2017\/10\/ENTREGA-GOBIERNO-PREMIO-\u201cM\u00c9RITO-DOCENTE\u201d-A-5-FIGURAS-LOCALES.jpg","_links":{"self":[{"href":"http:\/\/tvalaire.com\/index.php?rest_route=\/wp\/v2\/posts\/2813"}],"collection":[{"href":"http:\/\/tvalaire.com\/index.php?rest_route=\/wp\/v2\/posts"}],"about":[{"href":"http:\/\/tvalaire.com\/index.php?rest_route=\/wp\/v2\/types\/post"}],"author":[{"embeddable":true,"href":"http:\/\/tvalaire.com\/index.php?rest_route=\/wp\/v2\/users\/1"}],"replies":[{"embeddable":true,"href":"http:\/\/tvalaire.com\/index.php?rest_route=%2Fwp%2Fv2%2Fcomments&post=2813"}],"version-history":[{"count":1,"href":"http:\/\/tvalaire.com\/index.php?rest_route=\/wp\/v2\/posts\/2813\/revisions"}],"predecessor-version":[{"id":2814,"href":"http:\/\/tvalaire.com\/index.php?rest_route=\/wp\/v2\/posts\/2813\/revisions\/2814"}],"wp:featuredmedia":[{"embeddable":true,"href":"http:\/\/tvalaire.com\/index.php?rest_route=\/wp\/v2\/media\/2804"}],"wp:attachment":[{"href":"http:\/\/tvalaire.com\/index.php?rest_route=%2Fwp%2Fv2%2Fmedia&parent=2813"}],"wp:term":[{"taxonomy":"category","embeddable":true,"href":"http:\/\/tvalaire.com\/index.php?rest_route=%2Fwp%2Fv2%2Fcategories&post=2813"},{"taxonomy":"post_tag","embeddable":true,"href":"http:\/\/tvalaire.com\/index.php?rest_route=%2Fwp%2Fv2%2Ftags&post=2813"}],"curies":[{"name":"wp","href":"https:\/\/api.w.org\/{rel}","templated":true}]}}