{"id":2803,"date":"2017-10-06T08:57:33","date_gmt":"2017-10-06T13:57:33","guid":{"rendered":"http:\/\/tvalaire.com\/?p=2803"},"modified":"2017-10-06T08:57:33","modified_gmt":"2017-10-06T13:57:33","slug":"realiza-dif-pago-de-becas-municipales-de-discapacidad","status":"publish","type":"post","link":"http:\/\/tvalaire.com\/?p=2803","title":{"rendered":"REALIZA DIF PAGO DE BECAS MUNICIPALES DE DISCAPACIDAD"},"content":{"rendered":"<p>A fin de brindar atenci\u00f3n a las personas que sufren o padecen de alguna discapacidad, el Sistema para el Desarrollo Integral de la Familia (DIF) realiz\u00f3 el pago mensual de las becas municipales para 17 beneficiarios, los cuales se les apoya de manera peri\u00f3dica por tiempo indefinido.<\/p>\n<p>Sonia Ram\u00edrez Escobar encargada del programa se dirigi\u00f3 a los padres y tutores de los ni\u00f1os para comentarles que los esfuerzos que hace el DIF son sin duda alguna de gran relevancia ya que este dinero que reciben les sirve para comprar medicamentos o llevarlos a sus terapias que les permite tener una mejor calidad de vida y un mejor desenvolvimiento en el n\u00facleo social.<\/p>\n<p>La mayor parte de los ni\u00f1os que est\u00e1n dentro del programa tambi\u00e9n reciben atenci\u00f3n en el Centro de Rehabilitaci\u00f3n Integral (CRI) y en el Centro Ecuestre y Terap\u00e9utico \u201cLa Querencia\u201d, donde se les dan terapias de acuerdo con su grado de discapacidad y de acuerdo con la edad, para que de esta manera los ni\u00f1os puedan tener una mejor movilidad, se\u00f1al\u00f3 Sonia Ram\u00edrez.<\/p>\n<p>Los documentos que se necesitan para poder ser beneficiarios de estas becas son los siguientes: Copia de acta de nacimiento, copia de CURP, certificado m\u00e9dico, identificaci\u00f3n oficial del padre o tutor, fotograf\u00eda del solicitante de cuerpo completo y otra de la casa donde viven y\u00a0 estudio socioecon\u00f3mico.<\/p>\n<p>Quienes est\u00e9n interesados pueden llevar los requisitos al \u00e1rea de Piscolog\u00eda del DIF en un horario de ocho de la ma\u00f1ana a tres de la tarde de lunes a viernes, finaliz\u00f3 la encargada del programa.<\/p>\n<p>&nbsp;<\/p>\n","protected":false},"excerpt":{"rendered":"<p>A fin de brindar atenci\u00f3n a las personas que sufren o padecen de alguna discapacidad,&#8230;<\/p>\n","protected":false},"author":1,"featured_media":2808,"comment_status":"open","ping_status":"open","sticky":false,"template":"","format":"standard","meta":{"jetpack_post_was_ever_published":false,"_jetpack_newsletter_access":"","_jetpack_dont_email_post_to_subs":false,"_jetpack_newsletter_tier_id":0,"_jetpack_memberships_contains_paywalled_content":false,"_jetpack_memberships_contains_paid_content":false,"footnotes":"","jetpack_publicize_message":"","jetpack_publicize_feature_enabled":true,"jetpack_social_post_already_shared":false,"jetpack_social_options":{"image_generator_settings":{"template":"highway","enabled":false},"version":2}},"categories":[1],"tags":[15,36],"class_list":["post-2803","post","type-post","status-publish","format-standard","has-post-thumbnail","hentry","category-la-piedad","tag-la-piedad","tag-principales"],"jetpack_publicize_connections":[],"jetpack_sharing_enabled":true,"featured_image_urls":{"full":["http:\/\/tvalaire.com\/wp-content\/uploads\/2017\/10\/REALIZA-DIF-PAGO-DE-BECAS-MUNICIPALES-DE-DISCAPACIDAD.jpg",1024,683,false],"thumbnail":["http:\/\/tvalaire.com\/wp-content\/uploads\/2017\/10\/REALIZA-DIF-PAGO-DE-BECAS-MUNICIPALES-DE-DISCAPACIDAD-150x150.jpg",150,150,true],"medium":["http:\/\/tvalaire.com\/wp-content\/uploads\/2017\/10\/REALIZA-DIF-PAGO-DE-BECAS-MUNICIPALES-DE-DISCAPACIDAD-300x200.jpg",300,200,true],"medium_large":["http:\/\/tvalaire.com\/wp-content\/uploads\/2017\/10\/REALIZA-DIF-PAGO-DE-BECAS-MUNICIPALES-DE-DISCAPACIDAD-768x512.jpg",640,427,true],"large":["http:\/\/tvalaire.com\/wp-content\/uploads\/2017\/10\/REALIZA-DIF-PAGO-DE-BECAS-MUNICIPALES-DE-DISCAPACIDAD-1024x683.jpg",640,427,true],"post-slider-thumb-size":["http:\/\/tvalaire.com\/wp-content\/uploads\/2017\/10\/REALIZA-DIF-PAGO-DE-BECAS-MUNICIPALES-DE-DISCAPACIDAD.jpg",285,190,false],"post-category-slider-size":["http:\/\/tvalaire.com\/wp-content\/uploads\/2017\/10\/REALIZA-DIF-PAGO-DE-BECAS-MUNICIPALES-DE-DISCAPACIDAD.jpg",330,220,false],"1536x1536":["http:\/\/tvalaire.com\/wp-content\/uploads\/2017\/10\/REALIZA-DIF-PAGO-DE-BECAS-MUNICIPALES-DE-DISCAPACIDAD.jpg",1024,683,false],"2048x2048":["http:\/\/tvalaire.com\/wp-content\/uploads\/2017\/10\/REALIZA-DIF-PAGO-DE-BECAS-MUNICIPALES-DE-DISCAPACIDAD.jpg",1024,683,false],"newsium-slider-full":["http:\/\/tvalaire.com\/wp-content\/uploads\/2017\/10\/REALIZA-DIF-PAGO-DE-BECAS-MUNICIPALES-DE-DISCAPACIDAD.jpg",1024,683,false],"newsium-featured":["http:\/\/tvalaire.com\/wp-content\/uploads\/2017\/10\/REALIZA-DIF-PAGO-DE-BECAS-MUNICIPALES-DE-DISCAPACIDAD.jpg",1024,683,false],"newsium-medium":["http:\/\/tvalaire.com\/wp-content\/uploads\/2017\/10\/REALIZA-DIF-PAGO-DE-BECAS-MUNICIPALES-DE-DISCAPACIDAD.jpg",712,475,false]},"author_info":{"info":["tvalairenoti"]},"category_info":"<a href=\"http:\/\/tvalaire.com\/?cat=1\" rel=\"category\">La Piedad<\/a>","tag_info":"La Piedad","comment_count":"0","jetpack_featured_media_url":"http:\/\/tvalaire.com\/wp-content\/uploads\/2017\/10\/REALIZA-DIF-PAGO-DE-BECAS-MUNICIPALES-DE-DISCAPACIDAD.jpg","_links":{"self":[{"href":"http:\/\/tvalaire.com\/index.php?rest_route=\/wp\/v2\/posts\/2803"}],"collection":[{"href":"http:\/\/tvalaire.com\/index.php?rest_route=\/wp\/v2\/posts"}],"about":[{"href":"http:\/\/tvalaire.com\/index.php?rest_route=\/wp\/v2\/types\/post"}],"author":[{"embeddable":true,"href":"http:\/\/tvalaire.com\/index.php?rest_route=\/wp\/v2\/users\/1"}],"replies":[{"embeddable":true,"href":"http:\/\/tvalaire.com\/index.php?rest_route=%2Fwp%2Fv2%2Fcomments&post=2803"}],"version-history":[{"count":1,"href":"http:\/\/tvalaire.com\/index.php?rest_route=\/wp\/v2\/posts\/2803\/revisions"}],"predecessor-version":[{"id":2810,"href":"http:\/\/tvalaire.com\/index.php?rest_route=\/wp\/v2\/posts\/2803\/revisions\/2810"}],"wp:featuredmedia":[{"embeddable":true,"href":"http:\/\/tvalaire.com\/index.php?rest_route=\/wp\/v2\/media\/2808"}],"wp:attachment":[{"href":"http:\/\/tvalaire.com\/index.php?rest_route=%2Fwp%2Fv2%2Fmedia&parent=2803"}],"wp:term":[{"taxonomy":"category","embeddable":true,"href":"http:\/\/tvalaire.com\/index.php?rest_route=%2Fwp%2Fv2%2Fcategories&post=2803"},{"taxonomy":"post_tag","embeddable":true,"href":"http:\/\/tvalaire.com\/index.php?rest_route=%2Fwp%2Fv2%2Ftags&post=2803"}],"curies":[{"name":"wp","href":"https:\/\/api.w.org\/{rel}","templated":true}]}}