{"id":2801,"date":"2017-10-05T09:06:59","date_gmt":"2017-10-05T14:06:59","guid":{"rendered":"http:\/\/tvalaire.com\/?p=2801"},"modified":"2017-10-05T09:06:59","modified_gmt":"2017-10-05T14:06:59","slug":"palomas-mensajeras-recibieron-su-visa-de-manos-del-alcalde","status":"publish","type":"post","link":"http:\/\/tvalaire.com\/?p=2801","title":{"rendered":"PALOMAS MENSAJERAS RECIBIERON SU VISA DE MANOS DEL ALCALDE"},"content":{"rendered":"<p>En un acto muy emotivo, el Alcalde entreg\u00f3 las 23 visas americanas que el Gobierno Municipal a trav\u00e9s de la direcci\u00f3n de Vinculaci\u00f3n Internacional y la Secretar\u00eda del Migrante gestionaron ante la Embajada Americana, por medio del programa \u201cpalomas mensajeras\u201d.<\/p>\n<p>Las cuales volar\u00e1n desde el \u00a0Aeropuerto Internacional de Guadalajara Jalisco el 12 de octubre a las 07:45 horas con destino a Los \u00c1ngeles California en donde los esperan sus hijos, nietos, hermanos, sobrinos y dem\u00e1s familiares entra\u00f1ables que se encuentran de forma ilegal en los Estados Unidos a quienes no han visto desde hace 10, 20 e incluso, algunos que llevan 30 a\u00f1os sin ver.<\/p>\n<p>El acto de entrega de las visas se llev\u00f3 a cabo al mediod\u00eda en el Portal Vicente de P. Cano en donde tambi\u00e9n estuvieron presentes los regidores de la Comisi\u00f3n de Migrantes, Yelitza T\u00e9llez Hern\u00e1ndez y Ra\u00fal Hern\u00e1ndez N\u00fa\u00f1ez, as\u00ed como el director de Vinculaci\u00f3n Internacional, Reyes Quiroz Guti\u00e9rrez.<\/p>\n<p>El Alcalde en su intervenci\u00f3n, consider\u00f3 a este programa como un gran acierto de la Secretar\u00eda del Migrante, \u201cnom\u00e1s de pensar que haya personas que tiene muchos a\u00f1os sin ver a sus familiares, se enchina la piel. Lo bueno que ya se dio este programa y que ser\u00e1n 23 personas las que viajen; creo que \u00e9sta es la mejor inversi\u00f3n que pudieron haber hecho aunque habr\u00e1 quienes quisieran ver calles pavimentadas, agua potable, drenajes pero a muchos se nos olvida la sensibilidad y los temas de familia que tambi\u00e9n son muy importantes\u201d.<\/p>\n<p>En el acto, tambi\u00e9n intervinieron los regidores, en primer t\u00e9rmino Ra\u00fal Hern\u00e1ndez destac\u00f3 el apoyo que se brind\u00f3 a estas personas y Yelitza T\u00e9llez expuso que durante una administraci\u00f3n hay varios eventos, pero \u00e9ste es sin lugar a dudas es el que m\u00e1s los motiva y que no se hubiera logrado sin la confianza de la poblaci\u00f3n y el apoyo del Alcalde.<\/p>\n<p>Sobre todo indic\u00f3 que este programa no lleg\u00f3 a todos los municipios del estado y La Piedad fue uno de los beneficiados, por lo que pidi\u00f3 a quienes recibieron su visa a correr la voz para que m\u00e1s personas puedan obtener este documento en una segunda etapa del programa.<\/p>\n","protected":false},"excerpt":{"rendered":"<p>En un acto muy emotivo, el Alcalde entreg\u00f3 las 23 visas americanas que el Gobierno&#8230;<\/p>\n","protected":false},"author":1,"featured_media":2797,"comment_status":"open","ping_status":"open","sticky":false,"template":"","format":"standard","meta":{"jetpack_post_was_ever_published":false,"_jetpack_newsletter_access":"","_jetpack_dont_email_post_to_subs":false,"_jetpack_newsletter_tier_id":0,"_jetpack_memberships_contains_paywalled_content":false,"_jetpack_memberships_contains_paid_content":false,"footnotes":"","jetpack_publicize_message":"","jetpack_publicize_feature_enabled":true,"jetpack_social_post_already_shared":false,"jetpack_social_options":{"image_generator_settings":{"template":"highway","enabled":false},"version":2}},"categories":[1],"tags":[15,36],"class_list":["post-2801","post","type-post","status-publish","format-standard","has-post-thumbnail","hentry","category-la-piedad","tag-la-piedad","tag-principales"],"jetpack_publicize_connections":[],"jetpack_sharing_enabled":true,"featured_image_urls":{"full":["http:\/\/tvalaire.com\/wp-content\/uploads\/2017\/10\/PALOMAS-MENSAJERAS-RECIBIERON-SU-VISA-DE-MANOS-DEL-ALCALDE3.jpg",1024,683,false],"thumbnail":["http:\/\/tvalaire.com\/wp-content\/uploads\/2017\/10\/PALOMAS-MENSAJERAS-RECIBIERON-SU-VISA-DE-MANOS-DEL-ALCALDE3-150x150.jpg",150,150,true],"medium":["http:\/\/tvalaire.com\/wp-content\/uploads\/2017\/10\/PALOMAS-MENSAJERAS-RECIBIERON-SU-VISA-DE-MANOS-DEL-ALCALDE3-300x200.jpg",300,200,true],"medium_large":["http:\/\/tvalaire.com\/wp-content\/uploads\/2017\/10\/PALOMAS-MENSAJERAS-RECIBIERON-SU-VISA-DE-MANOS-DEL-ALCALDE3-768x512.jpg",640,427,true],"large":["http:\/\/tvalaire.com\/wp-content\/uploads\/2017\/10\/PALOMAS-MENSAJERAS-RECIBIERON-SU-VISA-DE-MANOS-DEL-ALCALDE3-1024x683.jpg",640,427,true],"post-slider-thumb-size":["http:\/\/tvalaire.com\/wp-content\/uploads\/2017\/10\/PALOMAS-MENSAJERAS-RECIBIERON-SU-VISA-DE-MANOS-DEL-ALCALDE3.jpg",285,190,false],"post-category-slider-size":["http:\/\/tvalaire.com\/wp-content\/uploads\/2017\/10\/PALOMAS-MENSAJERAS-RECIBIERON-SU-VISA-DE-MANOS-DEL-ALCALDE3.jpg",330,220,false],"1536x1536":["http:\/\/tvalaire.com\/wp-content\/uploads\/2017\/10\/PALOMAS-MENSAJERAS-RECIBIERON-SU-VISA-DE-MANOS-DEL-ALCALDE3.jpg",1024,683,false],"2048x2048":["http:\/\/tvalaire.com\/wp-content\/uploads\/2017\/10\/PALOMAS-MENSAJERAS-RECIBIERON-SU-VISA-DE-MANOS-DEL-ALCALDE3.jpg",1024,683,false],"newsium-slider-full":["http:\/\/tvalaire.com\/wp-content\/uploads\/2017\/10\/PALOMAS-MENSAJERAS-RECIBIERON-SU-VISA-DE-MANOS-DEL-ALCALDE3.jpg",1024,683,false],"newsium-featured":["http:\/\/tvalaire.com\/wp-content\/uploads\/2017\/10\/PALOMAS-MENSAJERAS-RECIBIERON-SU-VISA-DE-MANOS-DEL-ALCALDE3.jpg",1024,683,false],"newsium-medium":["http:\/\/tvalaire.com\/wp-content\/uploads\/2017\/10\/PALOMAS-MENSAJERAS-RECIBIERON-SU-VISA-DE-MANOS-DEL-ALCALDE3.jpg",712,475,false]},"author_info":{"info":["tvalairenoti"]},"category_info":"<a href=\"http:\/\/tvalaire.com\/?cat=1\" rel=\"category\">La Piedad<\/a>","tag_info":"La Piedad","comment_count":"0","jetpack_featured_media_url":"http:\/\/tvalaire.com\/wp-content\/uploads\/2017\/10\/PALOMAS-MENSAJERAS-RECIBIERON-SU-VISA-DE-MANOS-DEL-ALCALDE3.jpg","_links":{"self":[{"href":"http:\/\/tvalaire.com\/index.php?rest_route=\/wp\/v2\/posts\/2801"}],"collection":[{"href":"http:\/\/tvalaire.com\/index.php?rest_route=\/wp\/v2\/posts"}],"about":[{"href":"http:\/\/tvalaire.com\/index.php?rest_route=\/wp\/v2\/types\/post"}],"author":[{"embeddable":true,"href":"http:\/\/tvalaire.com\/index.php?rest_route=\/wp\/v2\/users\/1"}],"replies":[{"embeddable":true,"href":"http:\/\/tvalaire.com\/index.php?rest_route=%2Fwp%2Fv2%2Fcomments&post=2801"}],"version-history":[{"count":1,"href":"http:\/\/tvalaire.com\/index.php?rest_route=\/wp\/v2\/posts\/2801\/revisions"}],"predecessor-version":[{"id":2802,"href":"http:\/\/tvalaire.com\/index.php?rest_route=\/wp\/v2\/posts\/2801\/revisions\/2802"}],"wp:featuredmedia":[{"embeddable":true,"href":"http:\/\/tvalaire.com\/index.php?rest_route=\/wp\/v2\/media\/2797"}],"wp:attachment":[{"href":"http:\/\/tvalaire.com\/index.php?rest_route=%2Fwp%2Fv2%2Fmedia&parent=2801"}],"wp:term":[{"taxonomy":"category","embeddable":true,"href":"http:\/\/tvalaire.com\/index.php?rest_route=%2Fwp%2Fv2%2Fcategories&post=2801"},{"taxonomy":"post_tag","embeddable":true,"href":"http:\/\/tvalaire.com\/index.php?rest_route=%2Fwp%2Fv2%2Ftags&post=2801"}],"curies":[{"name":"wp","href":"https:\/\/api.w.org\/{rel}","templated":true}]}}