{"id":2766,"date":"2017-10-02T10:21:11","date_gmt":"2017-10-02T15:21:11","guid":{"rendered":"http:\/\/tvalaire.com\/?p=2766"},"modified":"2017-10-02T10:21:11","modified_gmt":"2017-10-02T15:21:11","slug":"inaugura-obras-el-presidente-municpal-en-la-comunidad-de-janambo","status":"publish","type":"post","link":"http:\/\/tvalaire.com\/?p=2766","title":{"rendered":"INAUGURA OBRAS EL PRESIDENTE MUNICPAL EN LA COMUNIDAD DE JANAMBO"},"content":{"rendered":"<p>Presidente Municipal V\u00edctor V\u00e1zquez atiende los servicios prioritarios en la comunidad de Janambo, haciendo entrega de ampliaciones de red de agua potable y drenaje sanitario.<\/p>\n<p>Ah\u00ed el Edil se\u00f1al\u00f3 que \u201cestamos muy comprometidos en que ustedes tengan servicios de calidad, porque para nosotros es muy importante que la gente tenga los servicios prioritarios que mejoren su calidad de vida, como es agua potable, drenaje, alumbrado p\u00fablico\u201d.<\/p>\n<p>Adem\u00e1s resalt\u00f3 los grandes esfuerzos que ha realizado el Gobierno Municipal realizado para la comunidad, se han realizado 15 ba\u00f1os, 10 cuartos, se ha apoyado en infraestructura educativa, al igual en el \u00e1rea del campo se han rehabilitado caminos sacacosecha, rehabilitaci\u00f3n y construcci\u00f3n de ollas de agua.<\/p>\n<p>Asimismo les inform\u00f3 V\u00edctor V\u00e1zquez que a\u00fan queda un recurso para rehabilitar algunos caminos sacacocecha, que se va trabajar de manera coordinada con el comisariado ejidal.<\/p>\n<p>&nbsp;<\/p>\n<p><img loading=\"lazy\" decoding=\"async\" class=\"alignnone size-medium wp-image-2769\" src=\"http:\/\/tvalaire.com\/wp-content\/uploads\/2017\/10\/INAUGURA-OBRAS-EL-PRESIDENTE-MUNICPAL-EN-LA-COMUNIDAD-DE-JANAMBO-4-300x199.jpg\" alt=\"\" width=\"300\" height=\"199\" srcset=\"http:\/\/tvalaire.com\/wp-content\/uploads\/2017\/10\/INAUGURA-OBRAS-EL-PRESIDENTE-MUNICPAL-EN-LA-COMUNIDAD-DE-JANAMBO-4-300x199.jpg 300w, http:\/\/tvalaire.com\/wp-content\/uploads\/2017\/10\/INAUGURA-OBRAS-EL-PRESIDENTE-MUNICPAL-EN-LA-COMUNIDAD-DE-JANAMBO-4-768x509.jpg 768w, http:\/\/tvalaire.com\/wp-content\/uploads\/2017\/10\/INAUGURA-OBRAS-EL-PRESIDENTE-MUNICPAL-EN-LA-COMUNIDAD-DE-JANAMBO-4-1024x678.jpg 1024w\" sizes=\"(max-width: 300px) 100vw, 300px\" \/><\/p>\n<p><img loading=\"lazy\" decoding=\"async\" class=\"alignnone size-medium wp-image-2768\" src=\"http:\/\/tvalaire.com\/wp-content\/uploads\/2017\/10\/INAUGURA-OBRAS-EL-PRESIDENTE-MUNICPAL-EN-LA-COMUNIDAD-DE-JANAMBO-3-300x199.jpg\" alt=\"\" width=\"300\" height=\"199\" srcset=\"http:\/\/tvalaire.com\/wp-content\/uploads\/2017\/10\/INAUGURA-OBRAS-EL-PRESIDENTE-MUNICPAL-EN-LA-COMUNIDAD-DE-JANAMBO-3-300x199.jpg 300w, http:\/\/tvalaire.com\/wp-content\/uploads\/2017\/10\/INAUGURA-OBRAS-EL-PRESIDENTE-MUNICPAL-EN-LA-COMUNIDAD-DE-JANAMBO-3-768x509.jpg 768w, http:\/\/tvalaire.com\/wp-content\/uploads\/2017\/10\/INAUGURA-OBRAS-EL-PRESIDENTE-MUNICPAL-EN-LA-COMUNIDAD-DE-JANAMBO-3-1024x678.jpg 1024w\" sizes=\"(max-width: 300px) 100vw, 300px\" \/><\/p>\n","protected":false},"excerpt":{"rendered":"<p>Presidente Municipal V\u00edctor V\u00e1zquez atiende los servicios prioritarios en la comunidad de Janambo, haciendo entrega&#8230;<\/p>\n","protected":false},"author":1,"featured_media":2767,"comment_status":"open","ping_status":"open","sticky":false,"template":"","format":"standard","meta":{"jetpack_post_was_ever_published":false,"_jetpack_newsletter_access":"","_jetpack_dont_email_post_to_subs":false,"_jetpack_newsletter_tier_id":0,"_jetpack_memberships_contains_paywalled_content":false,"_jetpack_memberships_contains_paid_content":false,"footnotes":"","jetpack_publicize_message":"","jetpack_publicize_feature_enabled":true,"jetpack_social_post_already_shared":false,"jetpack_social_options":{"image_generator_settings":{"template":"highway","enabled":false},"version":2}},"categories":[4],"tags":[36,24],"class_list":["post-2766","post","type-post","status-publish","format-standard","has-post-thumbnail","hentry","category-puruandiro","tag-principales","tag-puruandiro"],"jetpack_publicize_connections":[],"jetpack_sharing_enabled":true,"featured_image_urls":{"full":["http:\/\/tvalaire.com\/wp-content\/uploads\/2017\/10\/INAUGURA-OBRAS-EL-PRESIDENTE-MUNICPAL-EN-LA-COMUNIDAD-DE-JANAMBO-2.jpg",4928,3264,false],"thumbnail":["http:\/\/tvalaire.com\/wp-content\/uploads\/2017\/10\/INAUGURA-OBRAS-EL-PRESIDENTE-MUNICPAL-EN-LA-COMUNIDAD-DE-JANAMBO-2-150x150.jpg",150,150,true],"medium":["http:\/\/tvalaire.com\/wp-content\/uploads\/2017\/10\/INAUGURA-OBRAS-EL-PRESIDENTE-MUNICPAL-EN-LA-COMUNIDAD-DE-JANAMBO-2-300x199.jpg",300,199,true],"medium_large":["http:\/\/tvalaire.com\/wp-content\/uploads\/2017\/10\/INAUGURA-OBRAS-EL-PRESIDENTE-MUNICPAL-EN-LA-COMUNIDAD-DE-JANAMBO-2-768x509.jpg",640,424,true],"large":["http:\/\/tvalaire.com\/wp-content\/uploads\/2017\/10\/INAUGURA-OBRAS-EL-PRESIDENTE-MUNICPAL-EN-LA-COMUNIDAD-DE-JANAMBO-2-1024x678.jpg",640,424,true],"post-slider-thumb-size":["http:\/\/tvalaire.com\/wp-content\/uploads\/2017\/10\/INAUGURA-OBRAS-EL-PRESIDENTE-MUNICPAL-EN-LA-COMUNIDAD-DE-JANAMBO-2.jpg",287,190,false],"post-category-slider-size":["http:\/\/tvalaire.com\/wp-content\/uploads\/2017\/10\/INAUGURA-OBRAS-EL-PRESIDENTE-MUNICPAL-EN-LA-COMUNIDAD-DE-JANAMBO-2.jpg",330,219,false],"1536x1536":["http:\/\/tvalaire.com\/wp-content\/uploads\/2017\/10\/INAUGURA-OBRAS-EL-PRESIDENTE-MUNICPAL-EN-LA-COMUNIDAD-DE-JANAMBO-2.jpg",1536,1017,false],"2048x2048":["http:\/\/tvalaire.com\/wp-content\/uploads\/2017\/10\/INAUGURA-OBRAS-EL-PRESIDENTE-MUNICPAL-EN-LA-COMUNIDAD-DE-JANAMBO-2.jpg",2048,1356,false],"newsium-slider-full":["http:\/\/tvalaire.com\/wp-content\/uploads\/2017\/10\/INAUGURA-OBRAS-EL-PRESIDENTE-MUNICPAL-EN-LA-COMUNIDAD-DE-JANAMBO-2.jpg",1276,845,false],"newsium-featured":["http:\/\/tvalaire.com\/wp-content\/uploads\/2017\/10\/INAUGURA-OBRAS-EL-PRESIDENTE-MUNICPAL-EN-LA-COMUNIDAD-DE-JANAMBO-2.jpg",1024,678,false],"newsium-medium":["http:\/\/tvalaire.com\/wp-content\/uploads\/2017\/10\/INAUGURA-OBRAS-EL-PRESIDENTE-MUNICPAL-EN-LA-COMUNIDAD-DE-JANAMBO-2.jpg",717,475,false]},"author_info":{"info":["tvalairenoti"]},"category_info":"<a href=\"http:\/\/tvalaire.com\/?cat=4\" rel=\"category\">Puru\u00e1ndiro<\/a>","tag_info":"Puru\u00e1ndiro","comment_count":"0","jetpack_featured_media_url":"http:\/\/tvalaire.com\/wp-content\/uploads\/2017\/10\/INAUGURA-OBRAS-EL-PRESIDENTE-MUNICPAL-EN-LA-COMUNIDAD-DE-JANAMBO-2.jpg","_links":{"self":[{"href":"http:\/\/tvalaire.com\/index.php?rest_route=\/wp\/v2\/posts\/2766"}],"collection":[{"href":"http:\/\/tvalaire.com\/index.php?rest_route=\/wp\/v2\/posts"}],"about":[{"href":"http:\/\/tvalaire.com\/index.php?rest_route=\/wp\/v2\/types\/post"}],"author":[{"embeddable":true,"href":"http:\/\/tvalaire.com\/index.php?rest_route=\/wp\/v2\/users\/1"}],"replies":[{"embeddable":true,"href":"http:\/\/tvalaire.com\/index.php?rest_route=%2Fwp%2Fv2%2Fcomments&post=2766"}],"version-history":[{"count":1,"href":"http:\/\/tvalaire.com\/index.php?rest_route=\/wp\/v2\/posts\/2766\/revisions"}],"predecessor-version":[{"id":2770,"href":"http:\/\/tvalaire.com\/index.php?rest_route=\/wp\/v2\/posts\/2766\/revisions\/2770"}],"wp:featuredmedia":[{"embeddable":true,"href":"http:\/\/tvalaire.com\/index.php?rest_route=\/wp\/v2\/media\/2767"}],"wp:attachment":[{"href":"http:\/\/tvalaire.com\/index.php?rest_route=%2Fwp%2Fv2%2Fmedia&parent=2766"}],"wp:term":[{"taxonomy":"category","embeddable":true,"href":"http:\/\/tvalaire.com\/index.php?rest_route=%2Fwp%2Fv2%2Fcategories&post=2766"},{"taxonomy":"post_tag","embeddable":true,"href":"http:\/\/tvalaire.com\/index.php?rest_route=%2Fwp%2Fv2%2Ftags&post=2766"}],"curies":[{"name":"wp","href":"https:\/\/api.w.org\/{rel}","templated":true}]}}