{"id":2763,"date":"2017-10-02T10:14:37","date_gmt":"2017-10-02T15:14:37","guid":{"rendered":"http:\/\/tvalaire.com\/?p=2763"},"modified":"2017-10-02T10:14:37","modified_gmt":"2017-10-02T15:14:37","slug":"maestros-de-la-coordinadora-se-reunieron-con-el-alcalde","status":"publish","type":"post","link":"http:\/\/tvalaire.com\/?p=2763","title":{"rendered":"MAESTROS DE LA COORDINADORA SE REUNIERON CON EL ALCALDE"},"content":{"rendered":"<p class=\"xmsonormal\" style=\"text-align: justify; background: white; font-variant-ligatures: normal; font-variant-caps: normal; orphans: 2; widows: 2; -webkit-text-stroke-width: 0px; text-decoration-style: initial; text-decoration-color: initial; word-spacing: 0px;\"><span style=\"font-family: 'Arial','sans-serif'; color: #212121;\">Representantes de la Coordinadora Nacional de Trabajadores de la Educaci\u00f3n (CNTE), se reunieron esta ma\u00f1ana con el Alcalde para hacer varios planteamientos relacionados con su quehacer diario.<\/span><\/p>\n<p class=\"xmsonormal\" style=\"text-align: justify; background: white; font-variant-ligatures: normal; font-variant-caps: normal; orphans: 2; widows: 2; -webkit-text-stroke-width: 0px; text-decoration-style: initial; text-decoration-color: initial; word-spacing: 0px;\"><span style=\"font-family: 'Arial','sans-serif'; color: #212121;\">La reuni\u00f3n fue motivada, por la falta de acuerdos con el Gobierno estatal referentes a la educaci\u00f3n debido al env\u00edo de los llamados maestros id\u00f3neos, sobre lo cual pidieron al Alcalde esperar a que se defina la presencia de estos profesores en las negociaciones que se lleven a cabo, pues ellos est\u00e1n solicitando a la autoridad educativa contratar a los normalistas egresados en los a\u00f1os de 2015 a la fecha.<\/span><\/p>\n<p class=\"xmsonormal\" style=\"text-align: justify; background: white; font-variant-ligatures: normal; font-variant-caps: normal; orphans: 2; widows: 2; -webkit-text-stroke-width: 0px; text-decoration-style: initial; text-decoration-color: initial; word-spacing: 0px;\"><span style=\"font-family: 'Arial','sans-serif'; color: #212121;\">De hecho, expuso que ya tienen conocimiento que la secretar\u00eda estar\u00eda en condiciones de empezar a contratar a este personal e informaron que acababan de entregar mil 762 certificados de Primaria y 2 mil 552 certificados de preescolar a los padres de familia.<\/span><\/p>\n<p class=\"xmsonormal\" style=\"text-align: justify; background: white; font-variant-ligatures: normal; font-variant-caps: normal; orphans: 2; widows: 2; -webkit-text-stroke-width: 0px; text-decoration-style: initial; text-decoration-color: initial; word-spacing: 0px;\"><span style=\"font-family: 'Arial','sans-serif'; color: #212121;\">A las autoridades locales reconocieron su apertura, para escuchar sus demandas y solicitaron al mun\u00edcipe ser su portavoz con el Gobernador del Estado, para hacer llegar sus demandas.<\/span><\/p>\n<p class=\"xmsonormal\" style=\"text-align: justify; background: white; font-variant-ligatures: normal; font-variant-caps: normal; orphans: 2; widows: 2; -webkit-text-stroke-width: 0px; text-decoration-style: initial; text-decoration-color: initial; word-spacing: 0px;\"><span style=\"font-family: 'Arial','sans-serif'; color: #212121;\">Despu\u00e9s de escuchar el sentir y planeamientos de los docentes, el Alcalde reconoci\u00f3 la civilidad que han mostrado en cada una de las manifestaciones que han realizado e indic\u00f3 que comunicar\u00eda al Gobernador del Estado sus inquietudes, esto luego de refrendar su compromiso por la educaci\u00f3n de la ni\u00f1ez en el Municipio sin distingo alguno de alguna de las expresiones al interior del sector educativo.<\/span><\/p>\n","protected":false},"excerpt":{"rendered":"<p>Representantes de la Coordinadora Nacional de Trabajadores de la Educaci\u00f3n (CNTE), se reunieron esta ma\u00f1ana&#8230;<\/p>\n","protected":false},"author":1,"featured_media":2764,"comment_status":"open","ping_status":"open","sticky":false,"template":"","format":"standard","meta":{"jetpack_post_was_ever_published":false,"_jetpack_newsletter_access":"","_jetpack_dont_email_post_to_subs":false,"_jetpack_newsletter_tier_id":0,"_jetpack_memberships_contains_paywalled_content":false,"_jetpack_memberships_contains_paid_content":false,"footnotes":"","jetpack_publicize_message":"","jetpack_publicize_feature_enabled":true,"jetpack_social_post_already_shared":false,"jetpack_social_options":{"image_generator_settings":{"template":"highway","enabled":false},"version":2}},"categories":[1],"tags":[15,36],"class_list":["post-2763","post","type-post","status-publish","format-standard","has-post-thumbnail","hentry","category-la-piedad","tag-la-piedad","tag-principales"],"jetpack_publicize_connections":[],"jetpack_sharing_enabled":true,"featured_image_urls":{"full":["http:\/\/tvalaire.com\/wp-content\/uploads\/2017\/10\/MAESTROS-DE-LA-COORDINADORA-SE-REUNIERON-CON-EL-ALCALDE2.jpg",1024,683,false],"thumbnail":["http:\/\/tvalaire.com\/wp-content\/uploads\/2017\/10\/MAESTROS-DE-LA-COORDINADORA-SE-REUNIERON-CON-EL-ALCALDE2-150x150.jpg",150,150,true],"medium":["http:\/\/tvalaire.com\/wp-content\/uploads\/2017\/10\/MAESTROS-DE-LA-COORDINADORA-SE-REUNIERON-CON-EL-ALCALDE2-300x200.jpg",300,200,true],"medium_large":["http:\/\/tvalaire.com\/wp-content\/uploads\/2017\/10\/MAESTROS-DE-LA-COORDINADORA-SE-REUNIERON-CON-EL-ALCALDE2-768x512.jpg",640,427,true],"large":["http:\/\/tvalaire.com\/wp-content\/uploads\/2017\/10\/MAESTROS-DE-LA-COORDINADORA-SE-REUNIERON-CON-EL-ALCALDE2-1024x683.jpg",640,427,true],"post-slider-thumb-size":["http:\/\/tvalaire.com\/wp-content\/uploads\/2017\/10\/MAESTROS-DE-LA-COORDINADORA-SE-REUNIERON-CON-EL-ALCALDE2.jpg",285,190,false],"post-category-slider-size":["http:\/\/tvalaire.com\/wp-content\/uploads\/2017\/10\/MAESTROS-DE-LA-COORDINADORA-SE-REUNIERON-CON-EL-ALCALDE2.jpg",330,220,false],"1536x1536":["http:\/\/tvalaire.com\/wp-content\/uploads\/2017\/10\/MAESTROS-DE-LA-COORDINADORA-SE-REUNIERON-CON-EL-ALCALDE2.jpg",1024,683,false],"2048x2048":["http:\/\/tvalaire.com\/wp-content\/uploads\/2017\/10\/MAESTROS-DE-LA-COORDINADORA-SE-REUNIERON-CON-EL-ALCALDE2.jpg",1024,683,false],"newsium-slider-full":["http:\/\/tvalaire.com\/wp-content\/uploads\/2017\/10\/MAESTROS-DE-LA-COORDINADORA-SE-REUNIERON-CON-EL-ALCALDE2.jpg",1024,683,false],"newsium-featured":["http:\/\/tvalaire.com\/wp-content\/uploads\/2017\/10\/MAESTROS-DE-LA-COORDINADORA-SE-REUNIERON-CON-EL-ALCALDE2.jpg",1024,683,false],"newsium-medium":["http:\/\/tvalaire.com\/wp-content\/uploads\/2017\/10\/MAESTROS-DE-LA-COORDINADORA-SE-REUNIERON-CON-EL-ALCALDE2.jpg",712,475,false]},"author_info":{"info":["tvalairenoti"]},"category_info":"<a href=\"http:\/\/tvalaire.com\/?cat=1\" rel=\"category\">La Piedad<\/a>","tag_info":"La Piedad","comment_count":"0","jetpack_featured_media_url":"http:\/\/tvalaire.com\/wp-content\/uploads\/2017\/10\/MAESTROS-DE-LA-COORDINADORA-SE-REUNIERON-CON-EL-ALCALDE2.jpg","_links":{"self":[{"href":"http:\/\/tvalaire.com\/index.php?rest_route=\/wp\/v2\/posts\/2763"}],"collection":[{"href":"http:\/\/tvalaire.com\/index.php?rest_route=\/wp\/v2\/posts"}],"about":[{"href":"http:\/\/tvalaire.com\/index.php?rest_route=\/wp\/v2\/types\/post"}],"author":[{"embeddable":true,"href":"http:\/\/tvalaire.com\/index.php?rest_route=\/wp\/v2\/users\/1"}],"replies":[{"embeddable":true,"href":"http:\/\/tvalaire.com\/index.php?rest_route=%2Fwp%2Fv2%2Fcomments&post=2763"}],"version-history":[{"count":1,"href":"http:\/\/tvalaire.com\/index.php?rest_route=\/wp\/v2\/posts\/2763\/revisions"}],"predecessor-version":[{"id":2765,"href":"http:\/\/tvalaire.com\/index.php?rest_route=\/wp\/v2\/posts\/2763\/revisions\/2765"}],"wp:featuredmedia":[{"embeddable":true,"href":"http:\/\/tvalaire.com\/index.php?rest_route=\/wp\/v2\/media\/2764"}],"wp:attachment":[{"href":"http:\/\/tvalaire.com\/index.php?rest_route=%2Fwp%2Fv2%2Fmedia&parent=2763"}],"wp:term":[{"taxonomy":"category","embeddable":true,"href":"http:\/\/tvalaire.com\/index.php?rest_route=%2Fwp%2Fv2%2Fcategories&post=2763"},{"taxonomy":"post_tag","embeddable":true,"href":"http:\/\/tvalaire.com\/index.php?rest_route=%2Fwp%2Fv2%2Ftags&post=2763"}],"curies":[{"name":"wp","href":"https:\/\/api.w.org\/{rel}","templated":true}]}}